{"id":98039,"date":"2025-05-14T00:10:14","date_gmt":"2025-05-14T00:10:14","guid":{"rendered":"https:\/\/www.europesays.com\/fr\/98039\/"},"modified":"2025-05-14T00:10:14","modified_gmt":"2025-05-14T00:10:14","slug":"ukraine-plans-sociaux-prisons-fin-de-vie-referendums-voici-ce-qua-declare-emmanuel-macron-sur-tf1","status":"publish","type":"post","link":"https:\/\/www.europesays.com\/fr\/98039\/","title":{"rendered":"Ukraine, plans sociaux, prisons, fin de vie, r\u00e9f\u00e9rendums\u2026 Voici ce qu\u2019a d\u00e9clar\u00e9 Emmanuel Macron sur TF1"},"content":{"rendered":"<p><strong>Guerre en Ukraine : \u00ab \u00e9viter une troisi\u00e8me Guerre mondiale \u00bb<\/strong><\/p>\n<p>Emmanuel Macron a d\u2019abord \u00e9t\u00e9 interrog\u00e9, <a href=\"https:\/\/www.letelegramme.fr\/france\/direct-referendum-fin-de-vie-ukraine-macron-attendu-a-la-tele-pour-une-emission-tous-azimuts-6817070.php\" target=\"_blank\" rel=\"nofollow noopener\">lors de cette \u00e9mission sp\u00e9ciale sur TF1<\/a>, au sujet de la guerre en Ukraine. Il a notamment assur\u00e9 que \u00ab la Russie ne s\u2019arr\u00eatera pas l\u00e0 si on la laisse faire. [\u2026] Nous avons d\u00e9cid\u00e9 d\u2019aider l\u2019Ukraine mais de ne jamais rentrer dans une escalade. Nous avons d\u00e9cid\u00e9 de ne pas engager nos troupes en Ukraine en confrontation directe pour \u00e9viter une escalade et une Troisi\u00e8me Guerre mondiale \u00bb.<\/p>\n<blockquote class=\"twitter-tweet\">\n<p lang=\"fr\" dir=\"ltr\">\\ud83d\\udde3\\ufe0f Guerre en Ukraine : \u00ab\u00a0la Russie ne s&rsquo;arr\u00eatera pas l\u00e0\u00a0\u00bb pr\u00e9vient Emmanuel Macron <\/p>\n<p>\\u25b6\\ufe0f Emmanuel Macron &#8211; Les d\u00e9fis de la France <a href=\"https:\/\/t.co\/t6UtDATMby\" rel=\"nofollow\">pic.twitter.com\/t6UtDATMby<\/a><\/p>\n<p>\u2014 TF1Info (@TF1Info) <a href=\"https:\/\/twitter.com\/TF1Info\/status\/1922359019533922419?ref_src=twsrc%5Etfw\" rel=\"nofollow noopener\" target=\"_blank\">May 13, 2025<\/a><\/p><\/blockquote>\n<p>Concernant la question de donner plus de moyens \u00e0 l\u2019Ukraine, \u00ab on ne peut pas donner ce qu\u2019on n\u2019a pas et on ne peut pas se d\u00e9pouiller de ce qui est n\u00e9cessaire \u00e0 notre propre s\u00e9curit\u00e9 \u00bb. Selon Macron, en multipliant par trois la production d\u2019armement en France, \u00ab on a fait le maximum \u00bb. Il a aussi r\u00e9affirm\u00e9 la demande d\u2019un cessez-le-feu, d\u2019\u00ab un arr\u00eat du conflit, dans les airs, sur la mer, sur la terre, pendant 30 jours \u00bb. Et \u00ab notre volont\u00e9, c\u2019est de prendre des sanctions \u00bb si la Russie \u00ab confirme le non-respect \u00bb d\u2019un cessez-le-feu, \u00e9voquant notamment des \u00ab sanctions secondaires \u00bb pour les \u00ab revendeurs \u00bb de \u00ab services financiers \u00bb ou d\u2019\u00ab hydrocarbures \u00bb. Le chef de l\u2019\u00c9tat a en revanche estim\u00e9 qu\u2019il n\u2019y avait \u00ab pas de cadre l\u00e9gal \u00bb pour utiliser les avoirs russes gel\u00e9s, consid\u00e9rant que \u00e7a n\u2019\u00e9tait \u00ab pas une bonne solution \u00bb.<\/p>\n<p><a href=\"https:\/\/www.letelegramme.fr\/france\/direct-referendum-fin-de-vie-ukraine-macron-attendu-a-la-tele-pour-une-emission-tous-azimuts-6817070.php\" target=\"_blank\" rel=\"nofollow noopener\">Macron sur TF1 : revivez notre direct<\/a><\/p>\n<p><strong>Dissuasion nucl\u00e9aire : la France \u00ab pr\u00eate \u00bb \u00e0 une discussion sur le d\u00e9ploiement d\u2019avions<\/strong><\/p>\n<p>Selon Emmanuel Macron, la France est \u00ab pr\u00eate \u00bb \u00e0 une \u00ab discussion \u00bb sur le d\u00e9ploiement d\u2019avions arm\u00e9s de \u00ab bombes \u00bb nucl\u00e9aires dans d\u2019autres pays europ\u00e9ens. \u00ab J\u2019en d\u00e9finirai le cadre de mani\u00e8re tr\u00e8s officielle dans les semaines et les mois qui viennent \u00bb, a dit le chef de l\u2019\u00c9tat. \u00ab Si les Europ\u00e9ens veulent rester libres, ils doivent se mettre en situation de s\u2019armer, d\u2019\u00eatre solidaires et de dissuader \u00bb. Il a pr\u00e9cis\u00e9 trois conditions \u00e0 cette r\u00e9flexion sur la dissuasion nucl\u00e9aire fran\u00e7aise : \u00ab la France ne paiera pas pour la s\u00e9curit\u00e9 des autres \u00bb, \u00ab \u00e7a ne viendra pas en soustraction de ce dont on a besoin pour nous \u00bb, et enfin \u00ab la d\u00e9cision finale reviendra toujours au pr\u00e9sident de la R\u00e9publique, chef des arm\u00e9es \u00bb.\ufeff<\/p>\n<blockquote class=\"twitter-tweet\">\n<p lang=\"fr\" dir=\"ltr\">\\ud83d\\udde3\\ufe0f \u00ab\u00a0L&rsquo;ambigu\u00eft\u00e9 va avec la dissuasion\u00a0\u00bb nucl\u00e9aire, indique Emmanuel Macron<\/p>\n<p>\\u25b6\\ufe0f Emmanuel Macron &#8211; Les d\u00e9fis de la France <a href=\"https:\/\/t.co\/OtWGNMXxrV\" rel=\"nofollow\">pic.twitter.com\/OtWGNMXxrV<\/a><\/p>\n<p>\u2014 TF1Info (@TF1Info) <a href=\"https:\/\/twitter.com\/TF1Info\/status\/1922362108924043603?ref_src=twsrc%5Etfw\" rel=\"nofollow noopener\" target=\"_blank\">May 13, 2025<\/a><\/p><\/blockquote>\n<p><strong>Guerre \u00e0 Gaza : ce que fait Netanyahu, \u00ab c\u2019est une honte \u00bb<\/strong><\/p>\n<p>Autre th\u00e9matique internationale abord\u00e9e ce mardi soir, la guerre \u00e0 Gaza. Ce qu\u2019il s\u2019y passe est-il un g\u00e9nocide ? \u00ab Ce n\u2019est pas \u00e0 un pr\u00e9sident de la R\u00e9publique de dire \u00ab Ceci est un g\u00e9nocide \u00bb<br \/>, mais aux historiens \u00bb. Le chef de l\u2019\u00c9tat a rappel\u00e9 lors d\u2019un entretien sur TF1 qu\u2019il avait \u00e9t\u00e9 \u00ab l\u2019un des seuls dirigeants \u00e0 aller \u00e0 la fronti\u00e8re \u00bb entre l\u2019\u00c9gypte et Gaza, \u00ab l\u2019une des pires choses qui (lui) aient \u00e9t\u00e9 donn\u00e9es de voir \u00bb, d\u00e9plorant que \u00ab toute l\u2019aide que la France et d\u2019autres pays acheminent \u00bb soit \u00ab bloqu\u00e9e par les Isra\u00e9liens \u00bb.<\/p>\n<blockquote class=\"twitter-tweet\">\n<p lang=\"fr\" dir=\"ltr\">\\ud83d\\udde3\\ufe0f Gaza : \u00ab\u00a0ce que fait aujourd&rsquo;hui le gouvernement de Benyamin Netanyahou est inacceptable\u00a0\u00bb d\u00e9nonce Emmanuel Macron <\/p>\n<p>\\u25b6\\ufe0f Emmanuel Macron &#8211; Les d\u00e9fis de la France <a href=\"https:\/\/t.co\/eSmEYCsMnj\" rel=\"nofollow\">pic.twitter.com\/eSmEYCsMnj<\/a><\/p>\n<p>\u2014 TF1Info (@TF1Info) <a href=\"https:\/\/twitter.com\/TF1Info\/status\/1922381739797758365?ref_src=twsrc%5Etfw\" rel=\"nofollow noopener\" target=\"_blank\">May 13, 2025<\/a><\/p><\/blockquote>\n<p>\u00ab Ce que fait aujourd\u2019hui le gouvernement de Benjamin Netanyahu (\u00e0 Gaza) est inacceptable [\u2026] C\u2019est une honte \u00bb. Le pr\u00e9sident de la R\u00e9publique a \u00e9galement estim\u00e9 que la question d\u2019une r\u00e9vision des \u00ab accords de coop\u00e9ration \u00bb entre UE et Isra\u00ebl \u00e9tait \u00ab ouverte \u00bb. Et de glisser : \u00ab Il n\u2019y a pas de double standard. On ne peut pas parler de la guerre en Ukraine si on ne parle pas de Gaza, on ne peut pas parler du droit d\u2019un peuple et nier le droit d\u2019un autre \u00bb.<\/p>\n<blockquote><p>\u00ab Nous allons sauver et Dunkerque et Fos, je vous le dis les yeux dans les yeux \u00bb<\/p><\/blockquote>\n<p><strong>ArcelorMittal : \u00ab Je ne vais pas nationaliser \u00bb, mais \u00ab nous allons sauver et Dunkerque et Fos \u00bb<\/strong><\/p>\n<p>\u00ab Non, je ne vais pas nationaliser ArcelorMittal parce que ce serait d\u00e9penser des milliards d\u2019euros \u00bb, a assur\u00e9 Emmanuel Macron face \u00e0 la secr\u00e9taire g\u00e9n\u00e9rale de la CGT, Sophie Binet, qui l\u2019a interpell\u00e9 sur la question des plans sociaux en France. \u00ab La r\u00e9ponse, \u00e7a n\u2019est pas nationaliser (mais) avoir des garanties de d\u00e9veloppement. Il faut mettre en place ce qu\u2019on appelle des clauses de sauvegarde, c\u2019est-\u00e0-dire prot\u00e9ger le march\u00e9 europ\u00e9en. On a commenc\u00e9 \u00e0 prendre cette d\u00e9cision sous pression fran\u00e7aise : la Commission l\u2019a annonc\u00e9 en f\u00e9vrier \u00bb, a-t-il ajout\u00e9. \u00ab Nous allons sauver et Dunkerque et Fos, je vous le dis les yeux dans les yeux, pas en nationalisant mais en ayant une politique europ\u00e9enne qui prot\u00e8ge notre acier \u00bb, a encore soutenu Macron.<\/p>\n<blockquote class=\"twitter-tweet\">\n<p lang=\"fr\" dir=\"ltr\">\\ud83d\\udde3\\ufe0f \u00ab\u00a0Non, je ne vais pas nationaliser ArcelorMittal\u00a0\u00bb tranche Emmanuel Macron<\/p>\n<p>\\u25b6\\ufe0f Emmanuel Macron &#8211; Les d\u00e9fis de la France <a href=\"https:\/\/t.co\/FeplGaq4gk\" rel=\"nofollow\">pic.twitter.com\/FeplGaq4gk<\/a><\/p>\n<p>\u2014 TF1Info (@TF1Info) <a href=\"https:\/\/twitter.com\/TF1Info\/status\/1922367851668635858?ref_src=twsrc%5Etfw\" rel=\"nofollow noopener\" target=\"_blank\">May 13, 2025<\/a><\/p><\/blockquote>\n<p><strong>R\u00e9f\u00e9rendum sur les retraites : \u00ab la r\u00e9ponse est non \u00bb<\/strong><\/p>\n<p>\u00ab Pourquoi s\u2019acharner \u00e0 imposer la r\u00e9forme des retraites aux Fran\u00e7ais ? \u00bb, demande Sophie Binet. \u00ab Allez-vous organiser oui ou non un r\u00e9f\u00e9rendum de la r\u00e9forme ? \u00bb Macron r\u00e9pond par la n\u00e9gative. Il assume une r\u00e9forme \u00ab pas faite par gaiet\u00e9, on l\u2019a faite pour sauver le syst\u00e8me par r\u00e9partition auquel je crois \u00bb.<\/p>\n<blockquote class=\"twitter-tweet\">\n<p lang=\"fr\" dir=\"ltr\">\\ud83d\\udd34 \u00ab\u00a0La r\u00e9ponse est non\u00a0\u00bb : Emmanuel Macron exclut un r\u00e9f\u00e9rendum sur l\u2019abrogation de la r\u00e9forme des retraites<\/p>\n<p>\\u25b6\\ufe0f Emmanuel Macron &#8211; Les d\u00e9fis de la France <a href=\"https:\/\/t.co\/MNpLXFXaDT\" rel=\"nofollow\">pic.twitter.com\/MNpLXFXaDT<\/a><\/p>\n<p>\u2014 TF1Info (@TF1Info) <a href=\"https:\/\/twitter.com\/TF1Info\/status\/1922371371067216329?ref_src=twsrc%5Etfw\" rel=\"nofollow noopener\" target=\"_blank\">May 13, 2025<\/a><\/p><\/blockquote>\n<p>Il a ensuite rappel\u00e9 que Fran\u00e7ois Bayrou a invit\u00e9 en d\u00e9but d\u2019ann\u00e9e les partenaires sociaux \u00e0 rediscuter de cette r\u00e9forme qui fait passer de 62 \u00e0 64 ans l\u2019\u00e2ge l\u00e9gal de d\u00e9part en retraite, en leur promettant de soumettre au vote du Parlement un \u00e9ventuel accord. \u00ab Il faut aller au bout de cette discussion \u00bb, a estim\u00e9 Macron. \u00ab Si vous \u00e9tiez pr\u00e9occup\u00e9 par le sort de ces femmes et de ces hommes, vous seriez rest\u00e9 autour de la table pour les d\u00e9fendre \u00bb, a-t-il lanc\u00e9 \u00e0 Sophie Binet, regrettant le d\u00e9part de la CGT de ce \u00ab conclave \u00bb.<\/p>\n<p><strong>Travail : le pr\u00e9sident veut ouvrir \u00ab deux chantiers \u00bb<\/strong><\/p>\n<p>Jugeant que \u00ab notre mod\u00e8le social se finance trop par le travail \u00bb, le pr\u00e9sident a d\u00e9clar\u00e9 souhaiter l\u2019ouverture \u00ab dans les prochaines semaines \u00bb d\u2019un \u00ab chantier \u00bb sur le sujet. \u00ab Je demande au gouvernement de l\u2019ouvrir avec l\u2019ensemble des forces syndicales et patronales \u00bb, a-t-il dit, estimant qu\u2019il faut \u00ab aller chercher de l\u2019argent en dehors du seul travail \u00bb notamment par le biais de la \u00ab consommation \u00bb. Le pr\u00e9sident a aussi souhait\u00e9 l\u2019organisation d\u2019une \u00ab n\u00e9gociation \u00bb sur \u00ab la qualit\u00e9 du travail et l\u2019\u00e9volution des formes de travail \u00bb, alors que \u00ab de plus en plus de jeunes (\u2026) ne veulent pas \u00eatre salari\u00e9s \u00bb et \u00ab de plus en plus de seniors \u00bb veulent \u00ab travailler diff\u00e9remment \u00bb, selon lui.<\/p>\n<p><img decoding=\"async\" src=\"https:\/\/www.europesays.com\/fr\/wp-content\/uploads\/2025\/05\/6823b9aaa32ca477df03d411.1.jpeg\" width=\"480\" height=\"300\" class=\"web_golden_m\" loading=\"lazy\" alt=\"Ukraine, plans sociaux, prisons, fin de vie, r\u00e9f\u00e9rendums\u2026 Voici ce qu\u2019a d\u00e9clar\u00e9 Emmanuel Macron sur TF1\"\/> (Ludovic MARIN\/AFP)<\/p>\n<p><strong>Covid : il \u00ab assume totalement \u00bb le quoi qu\u2019il en co\u00fbte<\/strong><\/p>\n<p>Emmanuel Macron a annonc\u00e9 qu\u2019il \u00ab assume compl\u00e8tement \u00bb le quoi qu\u2019il en co\u00fbte de la p\u00e9riode covid. \u00ab On a prot\u00e9g\u00e9 notre appareil productif, on a prot\u00e9g\u00e9 les gens qui travaillent. Personne ne m\u2019a dit de ne pas le faire. Oui, on a d\u00e9pens\u00e9 beaucoup d\u2019argent mais on a pr\u00e9venu \u00bb une hausse du ch\u00f4mage.<\/p>\n<p><strong>Imposer plus les \u00ab super-h\u00e9ritages \u00bb : \u00ab ce n\u2019est pas dans mon programme \u00bb<\/strong><\/p>\n<p>Interrog\u00e9 par Gilles Bouleau, Emmanuel Macron a balay\u00e9 l\u2019id\u00e9e d\u2019une taxation des \u00ab super-h\u00e9ritages \u00bb. \u00ab Ce n\u2019est pas dans mon programme. Dans mon programme il y a plut\u00f4t le fait de baisser la taxe d\u2019h\u00e9ritage des plus modestes [\u2026] Je ne crois pas que la solution soit dans l\u2019augmentation de la taxation \u00bb.<\/p>\n<blockquote class=\"twitter-tweet\">\n<p lang=\"fr\" dir=\"ltr\">\\ud83d\\udde3\\ufe0f Emmanuel Macron \u00ab\u00a0ne croit pas que la solution soit dans l&rsquo;augmentation de la taxation\u00a0\u00bb <\/p>\n<p>\\u25b6\\ufe0f Emmanuel Macron &#8211; Les d\u00e9fis de la France <a href=\"https:\/\/t.co\/IPOwIiB5Wm\" rel=\"nofollow\">pic.twitter.com\/IPOwIiB5Wm<\/a><\/p>\n<p>\u2014 TF1Info (@TF1Info) <a href=\"https:\/\/twitter.com\/TF1Info\/status\/1922378900249723031?ref_src=twsrc%5Etfw\" rel=\"nofollow noopener\" target=\"_blank\">May 13, 2025<\/a><\/p><\/blockquote>\n<p><strong>R\u00e9duction du nombre de fonctionnaires : \u00ab On peut faire des efforts sur ceux qui sur-administrent \u00bb<\/strong><\/p>\n<p>Il y aura un travail sur le nombre de fonctionnaires pour diminuer le d\u00e9ficit public, indique Macron. Mais pas sur tous les corps de m\u00e9tier : le chef de l\u2019\u00c9tat entend pr\u00e9server les militaires ou encore les enseignants. \u00ab On peut faire des efforts sur ceux qui sur-administrent. \u00bb Par ailleurs, le pr\u00e9sident s\u2019est dit pour supprimer le statut de certains fonctionnaires (collectivit\u00e9s et h\u00f4pitaux).\ufeff<\/p>\n<p><strong>Lutte contre la drogue : \u00ab s\u2019il n\u2019y a pas de consommateur, il n\u2019y a pas de trafiquant \u00bb<\/strong><\/p>\n<p>Pour Macron, \u00ab il faut aller taper au porte-monnaie des consommateurs [\u2026] s\u2019il n\u2019y a pas de consommateur, il n\u2019y a pas de trafiquant \u00bb. Il rappelle la cr\u00e9ation de l\u2019amende forfaitaire d\u00e9lictuelle et les op\u00e9rations place nette. \u00ab On a eu des vrais succ\u00e8s, on a cass\u00e9 des t\u00eates de r\u00e9seaux \u00bb. Mais \u00ab on s\u2019est aper\u00e7us que ces t\u00eates de r\u00e9seaux \u00e9taient souvent en dehors de la France \u00bb. Il a rappel\u00e9 la mise en place d\u2019une \u00ab \u00e9quipe nationale pour lutter contre cette criminalit\u00e9 organis\u00e9e \u00bb et d\u2019un parquet sp\u00e9cialis\u00e9.<\/p>\n<blockquote class=\"twitter-tweet\">\n<p lang=\"fr\" dir=\"ltr\">\\ud83d\\udde3\\ufe0f Lutte contre le trafic de drogue : \u00ab\u00a0s&rsquo;il n&rsquo;y a pas de consommateur, il n&rsquo;y a pas de trafiquant\u00a0\u00bb pointe Emmanuel Macron <\/p>\n<p>\\u25b6\\ufe0f Emmanuel Macron &#8211; Les d\u00e9fis de la France <a href=\"https:\/\/t.co\/2o0CQUdR9j\" rel=\"nofollow\">pic.twitter.com\/2o0CQUdR9j<\/a><\/p>\n<p>\u2014 TF1Info (@TF1Info) <a href=\"https:\/\/twitter.com\/TF1Info\/status\/1922384301993201723?ref_src=twsrc%5Etfw\" rel=\"nofollow noopener\" target=\"_blank\">May 13, 2025<\/a><\/p><\/blockquote>\n<p><strong>S\u00e9curit\u00e9 : Macron veut que le gouvernement l\u00e9gif\u00e8re pour \u00e9tendre les pouvoirs des polices municipales<\/strong><\/p>\n<p>Emmanuel Macron a souhait\u00e9 que le gouvernement l\u00e9gif\u00e8re pour \u00e9tendre les pouvoirs de la police municipale. \u00ab Je souhaite que le gouvernement puisse prendre une loi qui donnera la possibilit\u00e9, \u00e0 tous les maires qui le souhaitent \u00bb, que leur \u00ab police municipale puisse, avec son accord, travailler sous l\u2019autorit\u00e9 du procureur pour pouvoir faire les saisines, les flagrances, les amendes forfaitaires d\u00e9lictuelles \u00bb. Il a \u00e9voqu\u00e9 \u00ab les actes du quotidien qui sont parfois n\u00e9cessaires, que ne peut pas faire une police municipale contre les trafiquants de drogue ou les gens du voyage qui utilisent ill\u00e9galement tel ou tel terrain \u00bb.<\/p>\n<blockquote class=\"twitter-tweet\">\n<p lang=\"fr\" dir=\"ltr\">\\ud83d\\udd34 Emmanuel Macron souhaite que le gouvernement l\u00e9gif\u00e8re pour \u00e9tendre les pouvoirs des polices municipales <\/p>\n<p>\\u25b6\\ufe0f Emmanuel Macron &#8211; Les d\u00e9fis de la France <a href=\"https:\/\/t.co\/VKnkN9s5au\" rel=\"nofollow\">pic.twitter.com\/VKnkN9s5au<\/a><\/p>\n<p>\u2014 TF1Info (@TF1Info) <a href=\"https:\/\/twitter.com\/TF1Info\/status\/1922386953837613486?ref_src=twsrc%5Etfw\" rel=\"nofollow noopener\" target=\"_blank\">May 13, 2025<\/a><\/p><\/blockquote>\n<p><strong>Surpopulation carc\u00e9rale : locations de places \u00e0 l\u2019\u00e9tranger et participation des d\u00e9tenus aux frais d\u2019incarc\u00e9ration ?<\/strong><\/p>\n<p>Au sujet de la surpopulation carc\u00e9rale, Emmanuel Macron s\u2019est dit favorable \u00e0 la possibilit\u00e9 de \u00ab louer \u00bb des places de prison dans d\u2019autres pays pour lutter contre la surpopulation carc\u00e9rale. \u00ab Oui, on louera si besoin \u00e9tait les places de prison l\u00e0 o\u00f9 elles sont disponibles \u00bb, \u00ab pas de tabou l\u00e0-dessus \u00bb, a dit le chef de l\u2019\u00c9tat. Il a aussi assur\u00e9 vouloir \u00ab changer les r\u00e8gles \u00bb pour la construction des 5 000 places de prison en projet, afin d\u2019avoir \u00ab des structures plus l\u00e9g\u00e8res et beaucoup plus rapides \u00e0 construire \u00bb. Il a par ailleurs qualifi\u00e9 de \u00ab tout \u00e0 fait pertinente \u00bb l\u2019id\u00e9e de faire participer les d\u00e9tenus aux frais de leur incarc\u00e9ration, comme envisag\u00e9 par le ministre de la Justice G\u00e9rald Darmanin.<\/p>\n<p><strong>Fin de vie : \u00ab Je souhaite que le texte soit vot\u00e9 \u00bb mais le r\u00e9f\u00e9rendum \u00ab peut \u00eatre une voie \u00bb en cas d\u2019\u00ab enlisement \u00bb au Parlement<\/strong><\/p>\n<p>Interrog\u00e9 par Charles Bi\u00e9try au sujet de la fin de vie, le pr\u00e9sident de la R\u00e9publique a assur\u00e9 : \u00ab Je souhaite que le texte soit vot\u00e9 \u00bb. Mais il a indiqu\u00e9 que si la proposition de loi sur la fin de vie, en cours d\u2019examen \u00e0 l\u2019Assembl\u00e9e, devait \u00eatre \u00ab enlis\u00e9e \u00bb, \u00ab \u00e0 ce moment-l\u00e0, le r\u00e9f\u00e9rendum peut \u00eatre une voie pour d\u00e9bloquer et permettre aux Fran\u00e7ais de s\u2019exprimer \u00bb. \u00ab Je ne le ferai que si c\u2019\u00e9tait bloqu\u00e9. Je pense que d\u2019abord il y a le travail du Parlement et j\u2019esp\u00e8re qu\u2019il y aura un cheminement respectueux et \u00e9quilibr\u00e9 qui se fera dans les dans les jours, les semaines et les mois qui viennent \u00bb, a ajout\u00e9 le pr\u00e9sident de la R\u00e9publique, qui s\u2019est pour sa part dit favorable au texte permettant une aide active \u00e0 mourir \u00ab dans les cas qui ont \u00e9t\u00e9 pr\u00e9vus, par un travail formidable fait par la Convention citoyenne pendant des mois, puis des ministres successifs \u00bb.<\/p>\n<blockquote><p>\u00ab \u00c0 chaque fois que l\u2019on sera trop lents ou bloqu\u00e9s par la situation politique, on pourra aller au r\u00e9f\u00e9rendum \u00bb<\/p><\/blockquote>\n<p><strong>R\u00e9f\u00e9rendums : \u00ab plusieurs \u00bb \u00e0 venir \u00ab en m\u00eame temps \u00bb et \u00ab dans les mois qui viennent \u00bb ?<\/strong><\/p>\n<p>\u00ab Je souhaite qu\u2019on puisse organiser plusieurs r\u00e9f\u00e9rendums au sens de l\u2019article 11 de la Constitution dans les mois qui viennent \u00bb, a annonc\u00e9 Emmanuel Macron. \u00ab Je ne veux pas ici donner pr\u00e9cis\u00e9ment les th\u00e8mes, c\u2019est au gouvernement de le faire et ensuite \u00e0 moi de trancher \u00bb. Le chef de l\u2019\u00c9tat exclut pour le moment le th\u00e8me de l\u2019immigration (il ne \u00ab voit pas \u00bb de r\u00e9f\u00e9rendum possible \u00ab qui permettrait d\u2019\u00eatre efficace \u00bb sur la question) et la proportionnelle aux l\u00e9gislatives. Il ouvre par contre la porte \u00e0 des questions sur des r\u00e9formes concernant les finances publiques, \u00ab pourquoi pas \u00bb un r\u00e9f\u00e9rendum sur des \u00ab r\u00e9formes \u00bb de Bayrou \u00ab sur le plan \u00e9conomique et social \u00bb. \u00ab Dans le cas o\u00f9 une loi tr\u00e8s importante qui permettrait de l\u2019efficacit\u00e9 serait bloqu\u00e9e au Parlement, alors il ne faut rien s\u2019interdire. \u00c0 chaque fois que l\u2019on sera trop lents ou bloqu\u00e9s par la situation politique, on pourra aller au r\u00e9f\u00e9rendum. \u00bb<\/p>\n<p><strong>Affaire Betharram : Macron apporte son soutien \u00e0 Bayrou<\/strong><\/p>\n<p><script async src=\"https:\/\/platform.twitter.com\/widgets.js\" charset=\"utf-8\"><\/script><\/p>\n","protected":false},"excerpt":{"rendered":"Guerre en Ukraine : \u00ab \u00e9viter une troisi\u00e8me Guerre mondiale \u00bb Emmanuel Macron a d\u2019abord \u00e9t\u00e9 interrog\u00e9, lors&hellip;\n","protected":false},"author":2,"featured_media":98040,"comment_status":"","ping_status":"","sticky":false,"template":"","format":"standard","meta":{"footnotes":""},"categories":[1590],"tags":[11,1073,765,1777,674,27,12,316,220],"class_list":{"0":"post-98039","1":"post","2":"type-post","3":"status-publish","4":"format-standard","5":"has-post-thumbnail","7":"category-ukraine","8":"tag-actualites","9":"tag-emmanuel-macron","10":"tag-en-continu","11":"tag-eu","12":"tag-europe","13":"tag-france","14":"tag-news","15":"tag-politique","16":"tag-ukraine"},"share_on_mastodon":{"url":"https:\/\/pubeurope.com\/@fr\/114503288299741369","error":""},"_links":{"self":[{"href":"https:\/\/www.europesays.com\/fr\/wp-json\/wp\/v2\/posts\/98039","targetHints":{"allow":["GET"]}}],"collection":[{"href":"https:\/\/www.europesays.com\/fr\/wp-json\/wp\/v2\/posts"}],"about":[{"href":"https:\/\/www.europesays.com\/fr\/wp-json\/wp\/v2\/types\/post"}],"author":[{"embeddable":true,"href":"https:\/\/www.europesays.com\/fr\/wp-json\/wp\/v2\/users\/2"}],"replies":[{"embeddable":true,"href":"https:\/\/www.europesays.com\/fr\/wp-json\/wp\/v2\/comments?post=98039"}],"version-history":[{"count":0,"href":"https:\/\/www.europesays.com\/fr\/wp-json\/wp\/v2\/posts\/98039\/revisions"}],"wp:featuredmedia":[{"embeddable":true,"href":"https:\/\/www.europesays.com\/fr\/wp-json\/wp\/v2\/media\/98040"}],"wp:attachment":[{"href":"https:\/\/www.europesays.com\/fr\/wp-json\/wp\/v2\/media?parent=98039"}],"wp:term":[{"taxonomy":"category","embeddable":true,"href":"https:\/\/www.europesays.com\/fr\/wp-json\/wp\/v2\/categories?post=98039"},{"taxonomy":"post_tag","embeddable":true,"href":"https:\/\/www.europesays.com\/fr\/wp-json\/wp\/v2\/tags?post=98039"}],"curies":[{"name":"wp","href":"https:\/\/api.w.org\/{rel}","templated":true}]}}