{"id":98056,"date":"2025-05-14T00:21:16","date_gmt":"2025-05-14T00:21:16","guid":{"rendered":"https:\/\/www.europesays.com\/fr\/98056\/"},"modified":"2025-05-14T00:21:16","modified_gmt":"2025-05-14T00:21:16","slug":"uzair-cassiem-pierre-lucas-provence-rugby-les-infos-du-mardi-13-mai","status":"publish","type":"post","link":"https:\/\/www.europesays.com\/fr\/98056\/","title":{"rendered":"Uzair Cassiem, Pierre Lucas, Provence Rugby, les infos du mardi 13 mai"},"content":{"rendered":"<p>\t\t\t\t\t\t\t\t\t\t\t\t\t\tTRANSFERTS RUGBY \u2013 Uzair Cassiem (Bayonne) pourrait faire faux bond \u00e0 Nice, Pierre Lucas (Montpellier) vers la Pro D2, vague de d\u00e9parts \u00e0 Provence Rugby : les infos transferts du mardi 13 mai.<br \/>\nBiarritz Olympique : Uzair Cassiem (Bayonne) en approche<\/p>\n<p style=\"text-align: justify;\">Nos confr\u00e8res de <a href=\"https:\/\/www.sudouest.fr\/sport\/rugby\/biarritz-olympique\/rugby-uzair-cassiem-bayonne-va-t-il-finalement-rebondir-a-biarritz-et-faire-faux-bond-a-nice-24400339.php\" target=\"_blank\" rel=\"noopener\">Sud Ouest<\/a> rapportent que le troisi\u00e8me ligne sud-africain <strong>Uzair Cassiem<\/strong>, actuellement \u00e0 l\u2019<strong>Aviron Bayonnais<\/strong>, pourrait finalement rejoindre le <strong>Biarritz Olympique<\/strong>, malgr\u00e9 un accord initial avec le <strong>Stade Ni\u00e7ois<\/strong>. Cette situation inattendue survient alors que <strong>Cassiem<\/strong> avait exprim\u00e9 son souhait de terminer sa carri\u00e8re \u00e0 Bayonne, o\u00f9 il \u00e9volue depuis 2021.<\/p>\n<p style=\"text-align: justify;\">Le <strong>Stade Ni\u00e7ois<\/strong>, dirig\u00e9 par <strong>Jean-Baptiste Aldig\u00e9<\/strong>, ancien pr\u00e9sident du <strong>Biarritz Olympique<\/strong>, avait annonc\u00e9 l\u2019arriv\u00e9e de <strong>Cassiem<\/strong> dans le cadre d\u2019un ambitieux projet de recrutement, incluant \u00e9galement des joueurs comme <strong>Waisea Nayacalevu<\/strong> et <strong>Owen Williams<\/strong>, malgr\u00e9 une probable rel\u00e9gation en Nationale.<\/p>\n<p style=\"text-align: justify;\">Cependant, <strong>Cassiem<\/strong> pourrait finalement faire faux bond \u00e0 Nice pour s\u2019engager avec le <strong>Biarritz Olympique<\/strong>. Ce retournement de situation serait li\u00e9 \u00e0 des consid\u00e9rations personnelles et professionnelles, bien que les d\u00e9tails pr\u00e9cis restent \u00e0 confirmer. Contact\u00e9 par\u00a0Sud-Ouest,\u00a0<strong>Jean-Baptiste Aldig\u00e9<\/strong>, pr\u00e9sident de\u00a0<strong>Nice<\/strong>, a montr\u00e9 son \u00e9tonnement.<\/p>\n<blockquote>\n<p style=\"text-align: justify;\">Je suis surpris, glisse le pr\u00e9sident de Nice. J\u2019ai un contrat de travail sign\u00e9 depuis f\u00e9vrier, contenant une clause p\u00e9nale de d\u00e9dit de 200\u00a0000\u00a0euros pour lui ou l\u2019employeur qui le d\u00e9tournerait de ce contrat.<\/p>\n<\/blockquote>\n<p style=\"text-align: justify;\">Ce possible transfert vers <strong>Biarritz<\/strong> repr\u00e9sente un coup dur pour le <strong>Stade Ni\u00e7ois<\/strong>, qui comptait sur l\u2019exp\u00e9rience de <strong>Cassiem<\/strong> pour renforcer son effectif. Pour le <strong>Biarritz Olympique<\/strong>, l\u2019arriv\u00e9e de <strong>Cassiem<\/strong> serait un renfort de poids en vue de la prochaine saison.<\/p>\n<p style=\"text-align: justify;\"><strong>L\u2019avis de Dicodusport<\/strong> <strong>: <\/strong>Le feuilleton de ces prochaines semaines ? Une chose est s\u00fbre, si ce revirement de situation se confirme, Jean-Baptiste Aldig\u00e9 ne voudra pas en rester l\u00e0, et demandera forc\u00e9ment une compensation financi\u00e8re au club biarrot et\/ou au joueur. Affaire \u00e0 suivre.<\/p>\n<p>Provence Rugby : Pierre Lucas (MHR) va s\u2019engager<\/p>\n<p style=\"text-align: justify;\"><strong>Pierre Lucas<\/strong>, trois-quarts polyvalent du <strong>Montpellier H\u00e9rault Rugby<\/strong>, rejoindra <strong>Provence Rugby<\/strong> pour la saison 2025-2026, selon nos confr\u00e8res du <a href=\"https:\/\/www.rugbyrama.fr\/2025\/05\/13\/transferts-pierre-lucas-montpellier-en-route-vers-provence-rugby-la-saison-prochaine-12692621.php\" target=\"_blank\" rel=\"noopener\">Midi Olympique<\/a>. En fin de contrat en juin 2025, il a choisi de s\u2019engager avec le club aixois, pensionnaire de <strong>Pro D2<\/strong>, afin de retrouver davantage de temps de jeu.<\/p>\n<p>\n<a href=\"https:\/\/dicodusport.fr\/blog\/offres\/abonnements-sans-pub\/\" target=\"_blank\" rel=\"noopener\"><img loading=\"lazy\" decoding=\"async\" class=\"alignnone size-full wp-image-501284 perfmatters-lazy\" alt=\"\" width=\"1200\" height=\"200\" src=\"https:\/\/www.europesays.com\/fr\/wp-content\/uploads\/2025\/04\/Abonnements-sans-pubs-Dicodusport.png\"\/><\/a><br \/><a href=\"https:\/\/dicodusport.fr\/blog\/offres\/abonnements-sans-pub\/\" target=\"_blank\" rel=\"noopener\"><img loading=\"lazy\" decoding=\"async\" class=\"alignnone size-full wp-image-501296 perfmatters-lazy\" alt=\"\" width=\"400\" height=\"400\" src=\"https:\/\/www.europesays.com\/fr\/wp-content\/uploads\/2025\/04\/Abonnements-sans-pubs-Dicodusport-mobile.png\"\/><\/a><\/p>\n<p style=\"text-align: justify;\">Form\u00e9 \u00e0 <strong>Agde<\/strong> et pass\u00e9 par l\u2019<strong>USAP<\/strong>, <strong>Lucas<\/strong> avait rejoint <strong>Montpellier<\/strong> en 2021. Il a connu une saison 2022-2023 solide avec 25 matchs disput\u00e9s, mais a ensuite vu son temps de jeu diminuer, notamment en raison d\u2019une blessure \u00e0 l\u2019\u00e9paule qui l\u2019a \u00e9loign\u00e9 des terrains pendant plusieurs mois. Cette saison, il n\u2019a particip\u00e9 qu\u2019\u00e0 quatre rencontres, dont trois en <strong>Challenge Cup<\/strong>.<\/p>\n<p style=\"text-align: justify;\"><strong>Provence Rugby<\/strong>, actuellement en lice pour la mont\u00e9e en Top 14, pourrait offrir \u00e0 <strong>Lucas<\/strong> l\u2019opportunit\u00e9 de retrouver l\u2019\u00e9lite d\u00e8s la saison prochaine. Affaire \u00e0 suivre.<\/p>\n<p style=\"text-align: justify;\"><strong>L\u2019avis de Dicodusport<\/strong> <strong>: <\/strong>Nouvelle bonne pioche pour Provence Rugby. Polyvalent et plut\u00f4t performant lorsqu\u2019il est align\u00e9, Pierre Lucas devrait pouvoir s\u2019\u00e9panouir au sein du club aixois.<\/p>\n<p>Provence Rugby bis : 12 d\u00e9parts act\u00e9s<\/p>\n<p style=\"text-align: justify;\">Ce lundi, <strong>Provence Rugby<\/strong> a annonc\u00e9 une liste de 12 joueurs qui vivent leurs derni\u00e8res semaines au club. Ces d\u00e9parts s\u2019inscrivent dans une strat\u00e9gie de renouvellement de l\u2019effectif en vue de la mont\u00e9e en <strong>Top 14<\/strong>. Le club a d\u00e9j\u00e0 annonc\u00e9 l\u2019arriv\u00e9e de plusieurs joueurs de marque, tels que <strong>S\u00e9bastien Taofifenua<\/strong>, <strong>Romain Latterrade<\/strong>, <strong>Caleb Muntz<\/strong> ou <strong>Setareki Bituniyata<\/strong>.<\/p>\n<p style=\"text-align: justify;\"><strong>Provence Rugby<\/strong> exprime sa profonde gratitude envers ces joueurs pour leur professionnalisme et leur engagement, et leur souhaite le meilleur pour la suite de leur carri\u00e8re<\/p>\n<p>La liste des joueurs sur le d\u00e9part<\/p>\n<p style=\"text-align: justify;\"><strong>Ian Boubila \u2013<\/strong> 7 matchs<br \/><strong>Quentin Samaran \u2013<\/strong> 11 matchs<br \/><strong>Enrique Pieretto \u2013<\/strong> 13 matchs<br \/><strong>Kevin Viallard \u2013<\/strong> 15 matchs<br \/><strong>Etonia Bainivalu \u2013<\/strong> 28 matchs<br \/><strong>Hugo Navizet \u2013<\/strong> 26 matchs<br \/><strong>Atila Septar \u2013<\/strong> 33 matchs<br \/><strong>Paul Mallez \u2013<\/strong> 42 matchs<br \/><strong>Josh Tyrell \u2013<\/strong> 45 matchs, 10 essais<br \/><strong>Bilel Taieb \u2013<\/strong> 47 matchs<br \/><strong>J\u00e9r\u00f4me Dufour \u2013<\/strong> 76 matchs<br \/><strong>Jimmy Gopperth \u2013<\/strong> 50 matchs<\/p>\n<p style=\"text-align: justify;\"><strong>L\u2019avis de Dicodusport<\/strong> <strong>:\u00a0<\/strong>Entre joueurs pr\u00eat\u00e9s et \u00e9l\u00e9ments en fin de cycle, il est logique de voir une liste aussi importante de partants. Le club proven\u00e7al veut entamer une nouvelle \u00e8re, avec un recrutement imposant. Que ce soit en Top 14 ou en Pro D2, Provence Rugby affichera un nouveau visage.<\/p>\n","protected":false},"excerpt":{"rendered":"TRANSFERTS RUGBY \u2013 Uzair Cassiem (Bayonne) pourrait faire faux bond \u00e0 Nice, Pierre Lucas (Montpellier) vers la Pro&hellip;\n","protected":false},"author":2,"featured_media":98057,"comment_status":"","ping_status":"","sticky":false,"template":"","format":"standard","meta":{"footnotes":""},"categories":[1416],"tags":[1111,2113,1109,1011,27,2114,479,2115,1468,60,477],"class_list":{"0":"post-98056","1":"post","2":"type-post","3":"status-publish","4":"format-standard","5":"has-post-thumbnail","7":"category-rugby","8":"tag-actu","9":"tag-breve","10":"tag-breves","11":"tag-fr","12":"tag-france","13":"tag-mercato-rugby","14":"tag-rugby","15":"tag-rugby-a-xv","16":"tag-rugby-football","17":"tag-sports","18":"tag-transferts-rugby"},"share_on_mastodon":{"url":"https:\/\/pubeurope.com\/@fr\/114503331782318753","error":""},"_links":{"self":[{"href":"https:\/\/www.europesays.com\/fr\/wp-json\/wp\/v2\/posts\/98056","targetHints":{"allow":["GET"]}}],"collection":[{"href":"https:\/\/www.europesays.com\/fr\/wp-json\/wp\/v2\/posts"}],"about":[{"href":"https:\/\/www.europesays.com\/fr\/wp-json\/wp\/v2\/types\/post"}],"author":[{"embeddable":true,"href":"https:\/\/www.europesays.com\/fr\/wp-json\/wp\/v2\/users\/2"}],"replies":[{"embeddable":true,"href":"https:\/\/www.europesays.com\/fr\/wp-json\/wp\/v2\/comments?post=98056"}],"version-history":[{"count":0,"href":"https:\/\/www.europesays.com\/fr\/wp-json\/wp\/v2\/posts\/98056\/revisions"}],"wp:featuredmedia":[{"embeddable":true,"href":"https:\/\/www.europesays.com\/fr\/wp-json\/wp\/v2\/media\/98057"}],"wp:attachment":[{"href":"https:\/\/www.europesays.com\/fr\/wp-json\/wp\/v2\/media?parent=98056"}],"wp:term":[{"taxonomy":"category","embeddable":true,"href":"https:\/\/www.europesays.com\/fr\/wp-json\/wp\/v2\/categories?post=98056"},{"taxonomy":"post_tag","embeddable":true,"href":"https:\/\/www.europesays.com\/fr\/wp-json\/wp\/v2\/tags?post=98056"}],"curies":[{"name":"wp","href":"https:\/\/api.w.org\/{rel}","templated":true}]}}