{"id":98060,"date":"2025-05-14T00:24:11","date_gmt":"2025-05-14T00:24:11","guid":{"rendered":"https:\/\/www.europesays.com\/fr\/98060\/"},"modified":"2025-05-14T00:24:11","modified_gmt":"2025-05-14T00:24:11","slug":"up-la-pluie-fait-son-arrivee-au-mans","status":"publish","type":"post","link":"https:\/\/www.europesays.com\/fr\/98060\/","title":{"rendered":"up &#8211; La pluie fait son arriv\u00e9e au Mans\u00a0!"},"content":{"rendered":"<p>Une derni\u00e8re s\u00e9ance d&rsquo;essais se tenait ce matin au Mans pour les pilotes MotoGP, un warm-up de dix minutes, utile pour prendre la mesure de la piste et d&rsquo;\u00e9ventuelles modifications sur les motos. Une s\u00e9ance qui sert aussi \u00e0 jauger la m\u00e9t\u00e9o, et elle constitue ind\u00e9niablement l&rsquo;un des gros sujets de conversation sur le circuit sarthois ce dimanche alors que l&rsquo;on craint <a href=\"https:\/\/fr.motorsport.com\/motogp\/news\/previsions-meteo-pluie-gp-france-motogp\/10720664\/\" target=\"_self\" rel=\"noopener\">l&rsquo;arriv\u00e9e de la pluie<\/a> depuis plusieurs jours.<\/p>\n<p>Apr\u00e8s deux journ\u00e9es ensoleill\u00e9es, le ciel s&rsquo;est effectivement rempli de gros nuages et la piste est humide ce matin. On aper\u00e7oit encore des bouts de ciel bleu, mais les pr\u00e9visions confirment une d\u00e9gradation de la m\u00e9t\u00e9o pour les heures \u00e0 venir.<\/p>\n<p>Avec la goutte froide qui touche le pays, on craint des averses, potentiellement orageuses, pour cette ultime journ\u00e9e du GP de France. La grande question est de savoir \u00e0 quelle heure elles feront leur apparition\u00a0:\u00a0pour le moment, M\u00e9t\u00e9o France pr\u00e9voit qu&rsquo;une petite pluie pourrait tomber dans la matin\u00e9e, puis cesser avant un retour plus intense pr\u00e9cis\u00e9ment en tout d\u00e9but d&rsquo;apr\u00e8s-midi, lorsque doit s&rsquo;\u00e9lancer la course MotoGP&#8230;<\/p>\n<p>En attendant, les pilotes ont donc pu essayer les pneus pluie propos\u00e9s par Michelin.\u00a0C&rsquo;est Joan Mir sur la Honda officielle qui a sign\u00e9 le meilleur temps, devant les Ducati de Marc M\u00e1rquez, vainqueur hier du sprint, et de Franco Morbidelli (VR46 Racing Team). Johann Zarco (LCR Honda) a pris le quatri\u00e8me temps et Fabio Quartararo (Yamaha) le 15e.<\/p>\n<p>Cette courte s\u00e9ance a \u00e9t\u00e9 marqu\u00e9e par quelques excursions hors piste pour Johann Zarco et Pecco Bagnaia (Ducati), ainsi qu&rsquo;une petite chute pour Ra\u00fal Fern\u00e1ndez (Trackhouse Racing). Le pilote Gresini \u00c1lex M\u00e1rquez est tomb\u00e9 aussi, \u00e0 grande vitesse, en se faisant pi\u00e9ger en toute fin de s\u00e9ance \u00e0 la sortie du virage Dunlop. Il restait quatre secondes au compteur lorsque le drapeau rouge a \u00e9t\u00e9 brandi pour \u00e9vacuer la Ducati, mal plac\u00e9e, ainsi que les graviers \u00e9parpill\u00e9s sur la piste, et la s\u00e9ance s&rsquo;est donc arr\u00eat\u00e9e l\u00e0.<\/p>\n<p>Les pilotes ont ensuite pris soin de s&rsquo;entra\u00eener au changement de moto qui pourrait \u00eatre de rigueur en cas de <a href=\"https:\/\/fr.motorsport.com\/motogp\/news\/reglement-motogp-flag-to-flag\/10698484\/\" target=\"_self\" rel=\"noopener\">course flag-to-flag<\/a>. On les retrouvera d\u00e9sormais \u00e0 14h pour le d\u00e9part du GP de France, pour lequel Fabio Quartararo est qualifi\u00e9 en pole position. <a href=\"https:\/\/fr.motorsport.com\/motogp\/news\/gp-france-motogp-2025-live-video-10721761\/10721761\/\" target=\"_self\" rel=\"noopener\">La course est \u00e0 suivre en live vid\u00e9o (pour les r\u00e9sidents fran\u00e7ais) et en direct comment\u00e9 sur Motorsport.com\u00a0!<\/a><\/p>\n<p>\u00a0<br \/>\nGP de France MotoGP &#8211; Warm-up<\/p>\n<p>Lire aussi :<\/p>\n<p>Dans cet article<\/p>\n<p>Soyez le premier inform\u00e9 et souscrivez aux alertes mails pour recevoir les infos en temps r\u00e9el<\/p>\n<p>    S&rsquo;abonner aux alertes de news<\/p>\n","protected":false},"excerpt":{"rendered":"Une derni\u00e8re s\u00e9ance d&rsquo;essais se tenait ce matin au Mans pour les pilotes MotoGP, un warm-up de dix&hellip;\n","protected":false},"author":2,"featured_media":98061,"comment_status":"","ping_status":"","sticky":false,"template":"","format":"standard","meta":{"footnotes":""},"categories":[1413],"tags":[1011,27,15545,15546,1457,1456,1458,60],"class_list":{"0":"post-98060","1":"post","2":"type-post","3":"status-publish","4":"format-standard","5":"has-post-thumbnail","7":"category-moto","8":"tag-fr","9":"tag-france","10":"tag-gp-de-france","11":"tag-le-mans-circuit-bugatti","12":"tag-moto","13":"tag-motocycle","14":"tag-motogp","15":"tag-sports"},"share_on_mastodon":{"url":"https:\/\/pubeurope.com\/@fr\/114503343338562644","error":""},"_links":{"self":[{"href":"https:\/\/www.europesays.com\/fr\/wp-json\/wp\/v2\/posts\/98060","targetHints":{"allow":["GET"]}}],"collection":[{"href":"https:\/\/www.europesays.com\/fr\/wp-json\/wp\/v2\/posts"}],"about":[{"href":"https:\/\/www.europesays.com\/fr\/wp-json\/wp\/v2\/types\/post"}],"author":[{"embeddable":true,"href":"https:\/\/www.europesays.com\/fr\/wp-json\/wp\/v2\/users\/2"}],"replies":[{"embeddable":true,"href":"https:\/\/www.europesays.com\/fr\/wp-json\/wp\/v2\/comments?post=98060"}],"version-history":[{"count":0,"href":"https:\/\/www.europesays.com\/fr\/wp-json\/wp\/v2\/posts\/98060\/revisions"}],"wp:featuredmedia":[{"embeddable":true,"href":"https:\/\/www.europesays.com\/fr\/wp-json\/wp\/v2\/media\/98061"}],"wp:attachment":[{"href":"https:\/\/www.europesays.com\/fr\/wp-json\/wp\/v2\/media?parent=98060"}],"wp:term":[{"taxonomy":"category","embeddable":true,"href":"https:\/\/www.europesays.com\/fr\/wp-json\/wp\/v2\/categories?post=98060"},{"taxonomy":"post_tag","embeddable":true,"href":"https:\/\/www.europesays.com\/fr\/wp-json\/wp\/v2\/tags?post=98060"}],"curies":[{"name":"wp","href":"https:\/\/api.w.org\/{rel}","templated":true}]}}