{"id":98066,"date":"2025-05-14T00:27:09","date_gmt":"2025-05-14T00:27:09","guid":{"rendered":"https:\/\/www.europesays.com\/fr\/98066\/"},"modified":"2025-05-14T00:27:09","modified_gmt":"2025-05-14T00:27:09","slug":"om-de-zerbi-sera-t-il-toujours-lentraineur-olympien-la-saison-prochaine","status":"publish","type":"post","link":"https:\/\/www.europesays.com\/fr\/98066\/","title":{"rendered":"OM. De Zerbi sera-t-il toujours l\u2019entra\u00eeneur olympien la saison prochaine\u00a0?"},"content":{"rendered":"<p>La saison <a href=\"https:\/\/www.laprovence.com\/article\/om\/1867470610752715\/om-voyage-a-madrid-avant-la-fin-du-bal-au-velodrome-la-fete-n-est-pas-finie-pour-les-olympiens\" target=\"_blank\" rel=\"noopener\">n\u2019a pas dit son dernier mot<\/a>, Roberto De Zerbi doit encore r\u00e9aliser \u00ab\u00a0plus qu\u2019un miracle\u00a0\u00bb en laissant, samedi apr\u00e8s l\u2019ultime lev\u00e9e au Vel&rsquo;, Monaco dans ses r\u00e9tros. Certes\u2026 Mais les regards, a minima un \u0153il, sont d\u00e9j\u00e0 riv\u00e9s vers la prochaine. Cette all\u00e9chante campagne 2025-26, m\u00ealant conqu\u00eates nationale et europ\u00e9enne. Ne dit-on pas que gouverner, c\u2019est pr\u00e9voir\u00a0? Pr\u00e9voir avec <a href=\"https:\/\/www.laprovence.com\/article\/om\/1776485530171715\/om-ce-qui-attend-le-club-olympien-apres-sa-qualification-en-ligue-des-champions\" target=\"_blank\" rel=\"noopener\">quels joueurs l\u2019OM se d\u00e9hanchera sur la piste aux \u00e9toiles<\/a>. Pr\u00e9voir, aussi, l\u2019identit\u00e9 de son metteur en sc\u00e8ne.<\/p>\n","protected":false},"excerpt":{"rendered":"La saison n\u2019a pas dit son dernier mot, Roberto De Zerbi doit encore r\u00e9aliser \u00ab\u00a0plus qu\u2019un miracle\u00a0\u00bb en&hellip;\n","protected":false},"author":2,"featured_media":98067,"comment_status":"","ping_status":"","sticky":false,"template":"","format":"standard","meta":{"footnotes":""},"categories":[1410],"tags":[17,63,1011,27,1765,11147,149,3242,21195,60,1810,4061],"class_list":{"0":"post-98066","1":"post","2":"type-post","3":"status-publish","4":"format-standard","5":"has-post-thumbnail","7":"category-football","8":"tag-17","9":"tag-football","10":"tag-fr","11":"tag-france","12":"tag-lentraineur","13":"tag-olympien","14":"tag-om","15":"tag-saison","16":"tag-sera-t-il","17":"tag-sports","18":"tag-toujours","19":"tag-zerbi"},"share_on_mastodon":{"url":"https:\/\/pubeurope.com\/@fr\/114503355284827839","error":""},"_links":{"self":[{"href":"https:\/\/www.europesays.com\/fr\/wp-json\/wp\/v2\/posts\/98066","targetHints":{"allow":["GET"]}}],"collection":[{"href":"https:\/\/www.europesays.com\/fr\/wp-json\/wp\/v2\/posts"}],"about":[{"href":"https:\/\/www.europesays.com\/fr\/wp-json\/wp\/v2\/types\/post"}],"author":[{"embeddable":true,"href":"https:\/\/www.europesays.com\/fr\/wp-json\/wp\/v2\/users\/2"}],"replies":[{"embeddable":true,"href":"https:\/\/www.europesays.com\/fr\/wp-json\/wp\/v2\/comments?post=98066"}],"version-history":[{"count":0,"href":"https:\/\/www.europesays.com\/fr\/wp-json\/wp\/v2\/posts\/98066\/revisions"}],"wp:featuredmedia":[{"embeddable":true,"href":"https:\/\/www.europesays.com\/fr\/wp-json\/wp\/v2\/media\/98067"}],"wp:attachment":[{"href":"https:\/\/www.europesays.com\/fr\/wp-json\/wp\/v2\/media?parent=98066"}],"wp:term":[{"taxonomy":"category","embeddable":true,"href":"https:\/\/www.europesays.com\/fr\/wp-json\/wp\/v2\/categories?post=98066"},{"taxonomy":"post_tag","embeddable":true,"href":"https:\/\/www.europesays.com\/fr\/wp-json\/wp\/v2\/tags?post=98066"}],"curies":[{"name":"wp","href":"https:\/\/api.w.org\/{rel}","templated":true}]}}