{"id":980688,"date":"2026-06-05T21:51:13","date_gmt":"2026-06-05T21:51:13","guid":{"rendered":"https:\/\/www.europesays.com\/fr\/980688\/"},"modified":"2026-06-05T21:51:13","modified_gmt":"2026-06-05T21:51:13","slug":"une-enorme-file-dattente-sur-le-vieux-port-de-marseille-cette-marque-lance-une-vente-ephemere-et-ca-cartonne","status":"publish","type":"post","link":"https:\/\/www.europesays.com\/fr\/980688\/","title":{"rendered":"Une \u00e9norme file d\u2019attente sur le Vieux-Port de Marseille, cette marque lance une vente \u00e9ph\u00e9m\u00e8re et \u00e7a cartonne"},"content":{"rendered":"<p>                    Par<br \/>\n        <strong><br \/>\n            <a href=\"https:\/\/actu.fr\/auteur\/melanie-faure\" title=\"Consulter tous les articles de Melanie Faure\" rel=\"nofollow noopener\" target=\"_blank\">Melanie Faure<\/a><br \/>\n                    <\/strong><\/p>\n<p>        Publi\u00e9 le<\/p>\n<p>            5 juin 2026 \u00e0 18h15<br \/>\n        ; mis \u00e0 jour le 5 juin 2026 \u00e0 18h24    <\/p>\n<p>Il y avait du monde \u00e0 l\u2019angle du Vieux-Port et de la Canebi\u00e8re \u00e0 <a href=\"https:\/\/actu.fr\/marseille\/\" rel=\"nofollow noopener\" target=\"_blank\">Marseille<\/a> ce vendredi 5\u00a0juin 2026 dans l\u2019apr\u00e8s-midi. La date marquait le coup d\u2019envoi d\u2019un \u00e9v\u00e9nement que de nombreuses Marseillaises n\u2019ont pas voulu rater\u2009:<strong> l\u2019ouverture du pop-up store de la marque de pr\u00eat-\u00e0-porter Classy Mastour.<\/strong> Bas\u00e9e \u00e0 Paris et commercialis\u00e9e essentiellement en ligne, elle s\u2019adresse surtout aux femmes musulmanes.<\/p>\n<p>Des pi\u00e8ces pour toute la garde-robe<\/p>\n<p class=\" wall-content\">Des centaines de personnes ont ainsi fait la queue, toute la journ\u00e9e, au 6 La Canebi\u00e8re, esp\u00e9rant mettre la main sur un <strong>t-shirt<\/strong>, une <strong>chemise<\/strong>, une <strong>abaya<\/strong>, une <strong>jupe<\/strong> ou encore des <strong>foulards<\/strong>. Des pi\u00e8ces \u00ab\u2009oversize\u2009\u00bb dans toutes les couleurs pour rafra\u00eechir toute sa garde-robe, qui ont pouss\u00e9 certaines \u00e0 faire des kilom\u00e8tres pour faire leurs emplettes.<\/p>\n<p>    <img   decoding=\"async\" loading=\"lazy\" src=\"https:\/\/www.europesays.com\/fr\/wp-content\/uploads\/2026\/06\/img-7850-960x640.jpeg\" alt=\"Classy Mastours magasin \u00e0 Marseille\" width=\"960\" height=\"640\"\/><br \/>\n    La boutique attire des clientes venues de Marseille et des alentours. (\u00a9M\u00e9lanie Faure \/ actu Marseille)<\/p>\n<p class=\" wall-content\">Sarah conna\u00eet bien <a href=\"https:\/\/classymastour.fr\/\" rel=\"nofollow noopener\" target=\"_blank\">Classy Mastour<\/a>\u2009: l\u2019ann\u00e9e derni\u00e8re d\u00e9j\u00e0, l\u2019Avignonnaise de 23\u00a0ans avait mis la main sur plusieurs pi\u00e8ces. Cette ann\u00e9e, pas de budget arr\u00eat\u00e9, \u00ab\u2009ce sera au coup de coeur\u2009\u00bb. \u00ab\u2009Je fais les stocks pour l\u2019ann\u00e9e. J\u2019adore les motifs, les coupes et l\u2019image de la marque. Elle a de l\u2019imagination\u2009\u00bb, f\u00e9licite Sarah en parlant de la cr\u00e9atrice, Lona.<\/p>\n<p>Des gifts pour les clients<\/p>\n<p class=\" wall-content\">C\u2019est la quatri\u00e8me fois que la marque ouvre un pop-up store \u00e0 Marseille. Quelle est la client\u00e8le de Classy Mastours\u2009? \u00ab\u2009Il y a de tout, explique-t-on dans l\u2019\u00e9quipe de Lona. Les gens viennent car ils appr\u00e9cient pouvoir toucher le v\u00eatement et participer \u00e0 l\u2019\u00e9v\u00e9nement.\u2009\u00bb<\/p>\n<p class=\" wall-content\">Il faut dire que les clients sont g\u00e2t\u00e9s\u2009: le staff leur remet des \u00ab\u2009gifts\u2009\u00bb (cadeaux) de la marque. Et si vous n\u2019avez pas le temps de passer ce vendredi, pas de panique\u2009:<strong> la boutique \u00e9ph\u00e9m\u00e8re est encore ouverte jusqu\u2019au dimanche 7\u00a0juin<\/strong>\u2009!<\/p>\n<p>Classy Mastours\u2009: 6 La Canebi\u00e8re dans le 1er arrondissement. Horaires\u2009: de 12h \u00e0 18h le vendredi et samedi, puis 12h \u00e0 18h le dimanche.<\/p>\n<p class=\" wall-content\">Personnalisez votre actualit\u00e9 en ajoutant vos villes et m\u00e9dias en favori avec <a href=\"https:\/\/moncompte.actu.fr\" title=\"D\u00e9couvez Mon Actu\" rel=\"nofollow noopener\" data-trk=\"{&quot;cta&quot;:{&quot;action&quot;:&quot;https:\\\/\\\/moncompte.actu.fr&quot;,&quot;category&quot;:&quot;mon compte&quot;,&quot;from&quot;:&quot;article footer&quot;,&quot;name&quot;:&quot;Mon actu&quot;,&quot;type&quot;:&quot;cta&quot;}}\" target=\"_blank\">Mon Actu<\/a>.<\/p>\n","protected":false},"excerpt":{"rendered":"Par Melanie Faure Publi\u00e9 le 5 juin 2026 \u00e0 18h15 ; mis \u00e0 jour le 5 juin 2026&hellip;\n","protected":false},"author":2,"featured_media":980689,"comment_status":"","ping_status":"","sticky":false,"template":"","format":"standard","meta":{"footnotes":"","_share_on_mastodon":"0"},"categories":[2814],"tags":[1111,11,215,1777,674,1011,27,5318,1305,884,12,882,25],"class_list":["post-980688","post","type-post","status-publish","format-standard","has-post-thumbnail","category-marseille","tag-actu","tag-actualites","tag-commerce","tag-eu","tag-europe","tag-fr","tag-france","tag-islam","tag-lifestyle","tag-marseille","tag-news","tag-provence-alpes-cote-dazur","tag-republique-francaise"],"share_on_mastodon":{"url":"","error":""},"_links":{"self":[{"href":"https:\/\/www.europesays.com\/fr\/wp-json\/wp\/v2\/posts\/980688","targetHints":{"allow":["GET"]}}],"collection":[{"href":"https:\/\/www.europesays.com\/fr\/wp-json\/wp\/v2\/posts"}],"about":[{"href":"https:\/\/www.europesays.com\/fr\/wp-json\/wp\/v2\/types\/post"}],"author":[{"embeddable":true,"href":"https:\/\/www.europesays.com\/fr\/wp-json\/wp\/v2\/users\/2"}],"replies":[{"embeddable":true,"href":"https:\/\/www.europesays.com\/fr\/wp-json\/wp\/v2\/comments?post=980688"}],"version-history":[{"count":0,"href":"https:\/\/www.europesays.com\/fr\/wp-json\/wp\/v2\/posts\/980688\/revisions"}],"wp:featuredmedia":[{"embeddable":true,"href":"https:\/\/www.europesays.com\/fr\/wp-json\/wp\/v2\/media\/980689"}],"wp:attachment":[{"href":"https:\/\/www.europesays.com\/fr\/wp-json\/wp\/v2\/media?parent=980688"}],"wp:term":[{"taxonomy":"category","embeddable":true,"href":"https:\/\/www.europesays.com\/fr\/wp-json\/wp\/v2\/categories?post=980688"},{"taxonomy":"post_tag","embeddable":true,"href":"https:\/\/www.europesays.com\/fr\/wp-json\/wp\/v2\/tags?post=980688"}],"curies":[{"name":"wp","href":"https:\/\/api.w.org\/{rel}","templated":true}]}}