{"id":980692,"date":"2026-06-05T21:53:23","date_gmt":"2026-06-05T21:53:23","guid":{"rendered":"https:\/\/www.europesays.com\/fr\/980692\/"},"modified":"2026-06-05T21:53:23","modified_gmt":"2026-06-05T21:53:23","slug":"metropole-de-lyon-trois-femmes-arretees-sont-elles-liees-aux-recentes-tentatives-de-cambriolages-au-sud-de-lyon","status":"publish","type":"post","link":"https:\/\/www.europesays.com\/fr\/980692\/","title":{"rendered":"M\u00e9tropole de Lyon. Trois femmes arr\u00eat\u00e9es\u00a0: sont-elles li\u00e9es aux\u00a0r\u00e9centes tentatives de cambriolages au sud de Lyon\u00a0?"},"content":{"rendered":"<p>Trois femmes \u00e2g\u00e9es de 28, 39 et 43 ans ont \u00e9t\u00e9 interpell\u00e9es mercredi en fin d\u2019apr\u00e8s-midi, sur le parking de l\u2019aquarium de La Mulati\u00e8re, alors qu\u2019elles \u00e9taient en train de commettre des vols \u00e0 la roulotte sur des v\u00e9hicules gar\u00e9s. Elles ont \u00e9t\u00e9 plac\u00e9es en garde \u00e0 vue. Deux plaintes ont \u00e9t\u00e9 d\u00e9pos\u00e9es par des victimes.<\/p>\n<p>Elles sont de nationalit\u00e9 bosnienne. \u00c0 l\u2019issue de leur garde \u00e0 vue, deux d\u2019entre elles se sont vu d\u00e9livrer une&#8230;<\/p>\n","protected":false},"excerpt":{"rendered":"Trois femmes \u00e2g\u00e9es de 28, 39 et 43 ans ont \u00e9t\u00e9 interpell\u00e9es mercredi en fin d\u2019apr\u00e8s-midi, sur le&hellip;\n","protected":false},"author":2,"featured_media":980693,"comment_status":"","ping_status":"","sticky":false,"template":"","format":"standard","meta":{"footnotes":"","_share_on_mastodon":"0"},"categories":[1889],"tags":[1111,11,2430,271,272,3154,1777,674,274,107,1011,27,17973,2428,2800,12,15665,25,2429,5151,15674],"class_list":["post-980692","post","type-post","status-publish","format-standard","has-post-thumbnail","category-lyon","tag-actu","tag-actualites","tag-auvergne-rhone-alpes","tag-crime","tag-delit-et-contravention","tag-edition-sud-lyonnais","tag-eu","tag-europe","tag-faits-divers-justice","tag-fil-info","tag-fr","tag-france","tag-la-mulatiere","tag-lyon","tag-metropole","tag-news","tag-oullins-pierre-benite","tag-republique-francaise","tag-rhone","tag-saint-genis-laval","tag-sainte-foy-les-lyon-bassin"],"share_on_mastodon":{"url":"https:\/\/pubeurope.com\/@fr\/116699726248146273","error":""},"_links":{"self":[{"href":"https:\/\/www.europesays.com\/fr\/wp-json\/wp\/v2\/posts\/980692","targetHints":{"allow":["GET"]}}],"collection":[{"href":"https:\/\/www.europesays.com\/fr\/wp-json\/wp\/v2\/posts"}],"about":[{"href":"https:\/\/www.europesays.com\/fr\/wp-json\/wp\/v2\/types\/post"}],"author":[{"embeddable":true,"href":"https:\/\/www.europesays.com\/fr\/wp-json\/wp\/v2\/users\/2"}],"replies":[{"embeddable":true,"href":"https:\/\/www.europesays.com\/fr\/wp-json\/wp\/v2\/comments?post=980692"}],"version-history":[{"count":0,"href":"https:\/\/www.europesays.com\/fr\/wp-json\/wp\/v2\/posts\/980692\/revisions"}],"wp:featuredmedia":[{"embeddable":true,"href":"https:\/\/www.europesays.com\/fr\/wp-json\/wp\/v2\/media\/980693"}],"wp:attachment":[{"href":"https:\/\/www.europesays.com\/fr\/wp-json\/wp\/v2\/media?parent=980692"}],"wp:term":[{"taxonomy":"category","embeddable":true,"href":"https:\/\/www.europesays.com\/fr\/wp-json\/wp\/v2\/categories?post=980692"},{"taxonomy":"post_tag","embeddable":true,"href":"https:\/\/www.europesays.com\/fr\/wp-json\/wp\/v2\/tags?post=980692"}],"curies":[{"name":"wp","href":"https:\/\/api.w.org\/{rel}","templated":true}]}}