{"id":98090,"date":"2025-05-14T00:39:08","date_gmt":"2025-05-14T00:39:08","guid":{"rendered":"https:\/\/www.europesays.com\/fr\/98090\/"},"modified":"2025-05-14T00:39:08","modified_gmt":"2025-05-14T00:39:08","slug":"17-proches-du-narcotrafiquant-mexicain-el-chapo-dont-son-ex-femme-et-mere-de-son-fils-sont-aux-etats-unis-pour-negocier-liberation","status":"publish","type":"post","link":"https:\/\/www.europesays.com\/fr\/98090\/","title":{"rendered":"17 proches du narcotrafiquant mexicain El \u00abChapo\u00bb, dont son ex-femme et m\u00e8re de son fils, sont aux Etats-Unis pour n\u00e9gocier \u2013 Lib\u00e9ration"},"content":{"rendered":"<p class=\"sc-ksZaOG ehjQrN text-element\">Un cort\u00e8ge singulier se dirige vers les Etats-Unis. Ils sont 17 proches du \u00abChapo\u00bb (<a href=\"https:\/\/www.liberation.fr\/planete\/2019\/02\/01\/el-chapo-un-narco-juge-par-les-gringos_1706944\/\" target=\"_blank\" rel=\"noopener\">condamn\u00e9 \u00e0 perp\u00e9tuit\u00e9<\/a> en 2019) et de son fils <a href=\"https:\/\/www.liberation.fr\/international\/amerique\/au-mexique-arrestation-de-lun-des-fils-du-celebre-narcotrafiquant-el-chapo-20230106_WWLGXPYGR5GDHOSEKTT6HE2KNY\/\" target=\"_blank\" rel=\"noopener\" title=\"https:\/\/www.liberation.fr\/international\/amerique\/au-mexique-arrestation-de-lun-des-fils-du-celebre-narcotrafiquant-el-chapo-20230106_WWLGXPYGR5GDHOSEKTT6HE2KNY\/\">Ovidio Guzman<\/a>, \u00e0 se rendre de l\u2019autre c\u00f4t\u00e9 de la fronti\u00e8re mexicaine pour \u00abune n\u00e9gociation\u00bb, a indiqu\u00e9 ce mardi 13 mai le gouvernement de leur pays. Aucun \u00abn\u2019est recherch\u00e9 par les autorit\u00e9s mexicaines\u00bb, a pr\u00e9cis\u00e9 \u00e0 la presse le secr\u00e9taire (ministre) \u00e0 la S\u00e9curit\u00e9, Omar Garcia Harfuch.<\/p>\n<p class=\"sc-ksZaOG ehjQrN text-element\">D\u2019apr\u00e8s le journaliste mexicain Luis Chaparro, <a href=\"https:\/\/www.liberation.fr\/international\/amerique\/el-chapo-guzman-la-femme-et-les-enfants-daccord-20211217_OGJEWSLDGNDBTPV7MODVQDQJTA\/\" target=\"_blank\" rel=\"noopener\" title=\"https:\/\/www.liberation.fr\/international\/amerique\/el-chapo-guzman-la-femme-et-les-enfants-daccord-20211217_OGJEWSLDGNDBTPV7MODVQDQJTA\/\">l\u2019ex-femme du Chapo et aussi la m\u00e8re d\u2019Ovidio<\/a> ainsi que les 16 autres proches ont travers\u00e9 \u00e0 la fronti\u00e8re avec les Etats-Unis en coordination avec les services de renseignements am\u00e9ricains du FBI.<\/p>\n<p class=\"sc-ksZaOG ehjQrN text-element\">D\u2019apr\u00e8s la presse mexicaine, le groupe a voyag\u00e9 de Culiacan, capitale de l\u2019Etat du Sinaloa jusqu\u2019\u00e0 Tijuana, d\u2019o\u00f9 ils ont pass\u00e9 la fronti\u00e8re. Le D\u00e9partement de la justice des \u00c9tats-Unis n\u2019a pas r\u00e9pondu aux sollicitations sur l\u2019entr\u00e9e de ces membres de la famille de l\u2019un des Chapitos, comme sont appel\u00e9s les fils de Joaquin Guzman.<\/p>\n<p class=\"sc-ksZaOG ehjQrN text-element\">Trump a reproch\u00e9 au Canada et au Mexique de ne pas assez lutter contre le trafic de fentanyl et l\u2019immigration clandestine vers les Etats-Unis. C\u2019est pourquoi le pr\u00e9sident des Etats-Unis a menac\u00e9 ses deux voisins et partenaires au sein du trait\u00e9 de libre-\u00e9change d\u2019Am\u00e9rique du Nord de droits de douane \u00e0 25 % au d\u00e9but de son mandat.<\/p>\n","protected":false},"excerpt":{"rendered":"Un cort\u00e8ge singulier se dirige vers les Etats-Unis. Ils sont 17 proches du \u00abChapo\u00bb (condamn\u00e9 \u00e0 perp\u00e9tuit\u00e9 en&hellip;\n","protected":false},"author":2,"featured_media":98091,"comment_status":"","ping_status":"","sticky":false,"template":"","format":"standard","meta":{"footnotes":""},"categories":[5],"tags":[11,73,1011,27,14,5697,8721,12,28],"class_list":{"0":"post-98090","1":"post","2":"type-post","3":"status-publish","4":"format-standard","5":"has-post-thumbnail","7":"category-international","8":"tag-actualites","9":"tag-etats-unis","10":"tag-fr","11":"tag-france","12":"tag-international","13":"tag-mexique","14":"tag-narcotrafic","15":"tag-news","16":"tag-world"},"share_on_mastodon":{"url":"https:\/\/pubeurope.com\/@fr\/114503402421016804","error":""},"_links":{"self":[{"href":"https:\/\/www.europesays.com\/fr\/wp-json\/wp\/v2\/posts\/98090","targetHints":{"allow":["GET"]}}],"collection":[{"href":"https:\/\/www.europesays.com\/fr\/wp-json\/wp\/v2\/posts"}],"about":[{"href":"https:\/\/www.europesays.com\/fr\/wp-json\/wp\/v2\/types\/post"}],"author":[{"embeddable":true,"href":"https:\/\/www.europesays.com\/fr\/wp-json\/wp\/v2\/users\/2"}],"replies":[{"embeddable":true,"href":"https:\/\/www.europesays.com\/fr\/wp-json\/wp\/v2\/comments?post=98090"}],"version-history":[{"count":0,"href":"https:\/\/www.europesays.com\/fr\/wp-json\/wp\/v2\/posts\/98090\/revisions"}],"wp:featuredmedia":[{"embeddable":true,"href":"https:\/\/www.europesays.com\/fr\/wp-json\/wp\/v2\/media\/98091"}],"wp:attachment":[{"href":"https:\/\/www.europesays.com\/fr\/wp-json\/wp\/v2\/media?parent=98090"}],"wp:term":[{"taxonomy":"category","embeddable":true,"href":"https:\/\/www.europesays.com\/fr\/wp-json\/wp\/v2\/categories?post=98090"},{"taxonomy":"post_tag","embeddable":true,"href":"https:\/\/www.europesays.com\/fr\/wp-json\/wp\/v2\/tags?post=98090"}],"curies":[{"name":"wp","href":"https:\/\/api.w.org\/{rel}","templated":true}]}}