{"id":98096,"date":"2025-05-14T00:42:14","date_gmt":"2025-05-14T00:42:14","guid":{"rendered":"https:\/\/www.europesays.com\/fr\/98096\/"},"modified":"2025-05-14T00:42:14","modified_gmt":"2025-05-14T00:42:14","slug":"le-sdis-42-denonce-des-attaques-laches-et-inadmissibles","status":"publish","type":"post","link":"https:\/\/www.europesays.com\/fr\/98096\/","title":{"rendered":"le SDIS 42 d\u00e9nonce des attaques \u00ab\u00a0l\u00e2ches et inadmissibles\u00a0\u00bb"},"content":{"rendered":"\n<p>Ce mardi, l&rsquo;\u00e9tat-major du SDIS 42 a r\u00e9agi au drame ayant eu lieu ce week-end, dans la r\u00e9gion. Samedi, \u00e0 Evian-les-Bains, un pompier volontaire de 39 ans a \u00e9t\u00e9 renvers\u00e9 alors qu&rsquo;il tentait d&rsquo;interrompre un rod\u00e9o urbain devant la caserne.\u00a0<\/p>\n<p>La victime est actuellement dans le coma. Dans le cadre de cette affaire, un homme de 19 ans a lui \u00e9t\u00e9 interpell\u00e9, a annonc\u00e9 la procureure d&rsquo;Annecy. Il est suspect\u00e9 d&rsquo;avoir percut\u00e9 le soldat du feu. Les faits ont \u00e9mu. Dans la Loire, le conseil d&rsquo;administration du SDIS 42 a condamn\u00e9 ces actes et fait part de sa \u00ab\u00a0vive indignation et leur profonde inqui\u00e9tude\u00a0\u00bb et a d\u00e9nonc\u00e9, \u00ab\u00a0des attaques l\u00e2ches et inadmissibles visent des hommes engag\u00e9s au service des autres, comme le sont chaque jour, partout sur le territoire, des milliers de sapeurs-pompiers, volontaires, professionnels et militaires\u00a0\u00bb.<\/p>\n<p>Le SDIS 42 en appelle \u00e0 la responsabilit\u00e9 de tous, citoyens, \u00e9lus, institutions, \u00ab\u00a0pour garantir aux sapeurs-pompiers les conditions de s\u00e9curit\u00e9 et de respect qu\u2019ils m\u00e9ritent\u00a0\u00bb.<\/p>\n","protected":false},"excerpt":{"rendered":"Ce mardi, l&rsquo;\u00e9tat-major du SDIS 42 a r\u00e9agi au drame ayant eu lieu ce week-end, dans la r\u00e9gion.&hellip;\n","protected":false},"author":2,"featured_media":98097,"comment_status":"","ping_status":"","sticky":false,"template":"","format":"standard","meta":{"footnotes":""},"categories":[9653],"tags":[1111,11,1998,2430,1777,674,21198,1011,27,3367,12,1311,25,4001,21197,2949],"class_list":{"0":"post-98096","1":"post","2":"type-post","3":"status-publish","4":"format-standard","5":"has-post-thumbnail","7":"category-saint-etienne","8":"tag-actu","9":"tag-actualites","10":"tag-aura","11":"tag-auvergne-rhone-alpes","12":"tag-eu","13":"tag-europe","14":"tag-evian","15":"tag-fr","16":"tag-france","17":"tag-loire","18":"tag-news","19":"tag-pompiers","20":"tag-republique-francaise","21":"tag-saint-etienne","22":"tag-sdis","23":"tag-violences"},"share_on_mastodon":{"url":"https:\/\/pubeurope.com\/@fr\/114503414125915701","error":""},"_links":{"self":[{"href":"https:\/\/www.europesays.com\/fr\/wp-json\/wp\/v2\/posts\/98096","targetHints":{"allow":["GET"]}}],"collection":[{"href":"https:\/\/www.europesays.com\/fr\/wp-json\/wp\/v2\/posts"}],"about":[{"href":"https:\/\/www.europesays.com\/fr\/wp-json\/wp\/v2\/types\/post"}],"author":[{"embeddable":true,"href":"https:\/\/www.europesays.com\/fr\/wp-json\/wp\/v2\/users\/2"}],"replies":[{"embeddable":true,"href":"https:\/\/www.europesays.com\/fr\/wp-json\/wp\/v2\/comments?post=98096"}],"version-history":[{"count":0,"href":"https:\/\/www.europesays.com\/fr\/wp-json\/wp\/v2\/posts\/98096\/revisions"}],"wp:featuredmedia":[{"embeddable":true,"href":"https:\/\/www.europesays.com\/fr\/wp-json\/wp\/v2\/media\/98097"}],"wp:attachment":[{"href":"https:\/\/www.europesays.com\/fr\/wp-json\/wp\/v2\/media?parent=98096"}],"wp:term":[{"taxonomy":"category","embeddable":true,"href":"https:\/\/www.europesays.com\/fr\/wp-json\/wp\/v2\/categories?post=98096"},{"taxonomy":"post_tag","embeddable":true,"href":"https:\/\/www.europesays.com\/fr\/wp-json\/wp\/v2\/tags?post=98096"}],"curies":[{"name":"wp","href":"https:\/\/api.w.org\/{rel}","templated":true}]}}