{"id":98107,"date":"2025-05-14T00:49:11","date_gmt":"2025-05-14T00:49:11","guid":{"rendered":"https:\/\/www.europesays.com\/fr\/98107\/"},"modified":"2025-05-14T00:49:11","modified_gmt":"2025-05-14T00:49:11","slug":"fc-nantes-avant-montpellier-les-canaris-ont-trouve-leur-lieu-de-stage","status":"publish","type":"post","link":"https:\/\/www.europesays.com\/fr\/98107\/","title":{"rendered":"FC Nantes. Avant Montpellier, les Canaris ont trouv\u00e9 leur lieu de stage"},"content":{"rendered":"<p>\u00c7a y est\u00a0! Apr\u00e8s de longues recherches, les Nantais ont enfin trouv\u00e9 leur endroit de stage pour pr\u00e9parer la r\u00e9ception (importante) de Montpellier samedi (21\u00a0h) dans la qu\u00eate du maintien. Ils poseront, \u00e0 partir de jeudi apr\u00e8s-midi et pour deux nuits, leurs valises \u00e0 Arzon (56). \u00c0 124\u00a0kilom\u00e8tres pr\u00e9cis\u00e9ment de la cit\u00e9 des ducs. La semaine derni\u00e8re, avant un d\u00e9placement d\u00e9licat \u00e0 Auxerre, <a href=\"https:\/\/rennes.maville.com\/sport\/detail_-fc-nantes.-antoine-kombouare-c-est-un-point-qui-nous-permet-de-retrouver-de-la-confiance-_53511-6801851_actu.Htm\" target=\"_self\" rel=\"noopener\">les Jaunes<\/a> \u00e9taient d\u00e9j\u00e0 partis en mise au vert en Bourgogne durant 48\u00a0heures.<\/p>\n<p>Des installations d\u00e9j\u00e0 fr\u00e9quent\u00e9es par les Canaris il y a 9\u00a0ans<\/p>\n<p>\u00c0 noter que les Jaune et Vert, \u00e0 l\u2019\u00e9t\u00e9 2016 sous la houlette de Ren\u00e9 Girard, ont d\u00e9j\u00e0 s\u00e9journ\u00e9 dans la cit\u00e9 morbihannaise, profitant alors des installations de l\u2019H\u00f4tel Miramar La Cigale (thalassoth\u00e9rapie) et de la pelouse du complexe sportif Yves Chapron pour travailler en toute tranquillit\u00e9. <a href=\"https:\/\/nantes.maville.com\/sport\/detail_-tous-titres-fc-nantes.-les-jaunes-vers-une-nouvelle-mise-au-vert-_52716-6803435_actu.Htm\" target=\"_self\" rel=\"noopener\">R\u00e9pondant ainsi aux crit\u00e8res d\u2019Antoine Kombouar\u00e9, entra\u00eeneur soucieux de trouver l\u2019endroit idoine.<\/a><\/p>\n<p>\u00a0<\/p>\n","protected":false},"excerpt":{"rendered":"\u00c7a y est\u00a0! Apr\u00e8s de longues recherches, les Nantais ont enfin trouv\u00e9 leur endroit de stage pour pr\u00e9parer&hellip;\n","protected":false},"author":2,"featured_media":97743,"comment_status":"","ping_status":"","sticky":false,"template":"","format":"standard","meta":{"footnotes":""},"categories":[9599],"tags":[1111,11,21199,1777,674,12087,1011,27,7018,2208,766,12,2680,25,3866,12206],"class_list":{"0":"post-98107","1":"post","2":"type-post","3":"status-publish","4":"format-standard","5":"has-post-thumbnail","7":"category-montpellier","8":"tag-actu","9":"tag-actualites","10":"tag-canaris","11":"tag-eu","12":"tag-europe","13":"tag-fc","14":"tag-fr","15":"tag-france","16":"tag-lieu","17":"tag-montpellier","18":"tag-nantes","19":"tag-news","20":"tag-occitanie","21":"tag-republique-francaise","22":"tag-stage","23":"tag-trouve"},"share_on_mastodon":{"url":"https:\/\/pubeurope.com\/@fr\/114503441642373244","error":""},"_links":{"self":[{"href":"https:\/\/www.europesays.com\/fr\/wp-json\/wp\/v2\/posts\/98107","targetHints":{"allow":["GET"]}}],"collection":[{"href":"https:\/\/www.europesays.com\/fr\/wp-json\/wp\/v2\/posts"}],"about":[{"href":"https:\/\/www.europesays.com\/fr\/wp-json\/wp\/v2\/types\/post"}],"author":[{"embeddable":true,"href":"https:\/\/www.europesays.com\/fr\/wp-json\/wp\/v2\/users\/2"}],"replies":[{"embeddable":true,"href":"https:\/\/www.europesays.com\/fr\/wp-json\/wp\/v2\/comments?post=98107"}],"version-history":[{"count":0,"href":"https:\/\/www.europesays.com\/fr\/wp-json\/wp\/v2\/posts\/98107\/revisions"}],"wp:featuredmedia":[{"embeddable":true,"href":"https:\/\/www.europesays.com\/fr\/wp-json\/wp\/v2\/media\/97743"}],"wp:attachment":[{"href":"https:\/\/www.europesays.com\/fr\/wp-json\/wp\/v2\/media?parent=98107"}],"wp:term":[{"taxonomy":"category","embeddable":true,"href":"https:\/\/www.europesays.com\/fr\/wp-json\/wp\/v2\/categories?post=98107"},{"taxonomy":"post_tag","embeddable":true,"href":"https:\/\/www.europesays.com\/fr\/wp-json\/wp\/v2\/tags?post=98107"}],"curies":[{"name":"wp","href":"https:\/\/api.w.org\/{rel}","templated":true}]}}