{"id":9811,"date":"2025-04-08T09:10:12","date_gmt":"2025-04-08T09:10:12","guid":{"rendered":"https:\/\/www.europesays.com\/fr\/9811\/"},"modified":"2025-04-08T09:10:12","modified_gmt":"2025-04-08T09:10:12","slug":"plus-de-13-me-investis-pres-de-rennes-lusine-stellantis-passe-au-chauffage-au-bois","status":"publish","type":"post","link":"https:\/\/www.europesays.com\/fr\/9811\/","title":{"rendered":"Plus de 13\u00a0M\u20ac investis pr\u00e8s de Rennes\u00a0: l\u2019usine Stellantis passe au chauffage au bois"},"content":{"rendered":"<p>L\u2019usine Stellantis de la Janais, pr\u00e8s de Rennes, met le frein sur le gaz. D\u00e9but avril, le constructeur automobile a inaugur\u00e9 la mise en service d\u2019<a href=\"https:\/\/www.letelegramme.fr\/economie\/a-rennes-comment-stellantis-veut-verdir-sa-consommation-denergie-6456561.php\" target=\"_blank\" rel=\"noopener\">une nouvelle chaudi\u00e8re bois<\/a> sur son site. Un investissement de 13,5 M\u20ac port\u00e9 par le groupe Engie, qui a b\u00e9n\u00e9fici\u00e9 d\u2019une subvention de 3,5 M\u20ac de la part de l\u2019Agence de la transition \u00e9cologique (Ademe).<\/p>\n<p>L\u2019infrastructure est exploit\u00e9e par Engie dans le cadre d\u2019un contrat de 15 ans. Elle alimente 10 points de livraison au sein de l\u2019usine, via un r\u00e9seau de chauffage de 2 km, ainsi que le B\u00e2timent 78, la future p\u00e9pini\u00e8re industrielle de la M\u00e9tropole rennaise. La chaudi\u00e8re doit permettre \u00e0 Stellantis de verdir sa production en r\u00e9duisant sa consommation de gaz de 30 % et en \u00e9vitant l\u2019\u00e9mission de 6 650 tonnes de CO\u2082 par an.<\/p>\n<p>Le constructeur, qui pr\u00e9pare le lancement de la production \u00e0 grande \u00e9chelle de <a href=\"https:\/\/www.letelegramme.fr\/economie\/le-futur-c5-aircross-de-stellantis-sera-produit-a-rennes-et-offre-un-avenir-a-court-terme-a-lusine-de-la-janais-6682390.php\" target=\"_blank\" rel=\"noopener\">la nouvelle version du SUV C5 Aircross<\/a>, ne compte pas s\u2019arr\u00eater l\u00e0 : il vise la neutralit\u00e9 carbone \u00e0 l\u2019horizon 2038. Pour atteindre cet objectif, plusieurs projets sont en cours, dont la construction d\u2019une seconde chaudi\u00e8re bois. Un peu moins puissante que la premi\u00e8re (6 MW contre 8 MW), elle a \u00e9galement \u00e9t\u00e9 confi\u00e9e \u00e0 Engie. \u00ab \u00c0 terme, elle contribuera \u00e0 r\u00e9duire de pr\u00e8s de 70 % la consommation de gaz du site. Sa mise en service est pr\u00e9vue pour fin 2025 \u00bb, indique l\u2019industriel dans un communiqu\u00e9. Le montant du projet n\u2019est pas d\u00e9voil\u00e9.<\/p>\n","protected":false},"excerpt":{"rendered":"L\u2019usine Stellantis de la Janais, pr\u00e8s de Rennes, met le frein sur le gaz. D\u00e9but avril, le constructeur&hellip;\n","protected":false},"author":2,"featured_media":9812,"comment_status":"","ping_status":"","sticky":false,"template":"","format":"standard","meta":{"footnotes":""},"categories":[2821],"tags":[1111,11,829,1777,674,1011,27,848,4555,12,584,25],"class_list":{"0":"post-9811","1":"post","2":"type-post","3":"status-publish","4":"format-standard","5":"has-post-thumbnail","7":"category-rennes","8":"tag-actu","9":"tag-actualites","10":"tag-bretagne","11":"tag-eu","12":"tag-europe","13":"tag-fr","14":"tag-france","15":"tag-ille-et-vilaine","16":"tag-local","17":"tag-news","18":"tag-rennes","19":"tag-republique-francaise"},"share_on_mastodon":{"url":"https:\/\/pubeurope.com\/@fr\/114301568501935327","error":""},"_links":{"self":[{"href":"https:\/\/www.europesays.com\/fr\/wp-json\/wp\/v2\/posts\/9811","targetHints":{"allow":["GET"]}}],"collection":[{"href":"https:\/\/www.europesays.com\/fr\/wp-json\/wp\/v2\/posts"}],"about":[{"href":"https:\/\/www.europesays.com\/fr\/wp-json\/wp\/v2\/types\/post"}],"author":[{"embeddable":true,"href":"https:\/\/www.europesays.com\/fr\/wp-json\/wp\/v2\/users\/2"}],"replies":[{"embeddable":true,"href":"https:\/\/www.europesays.com\/fr\/wp-json\/wp\/v2\/comments?post=9811"}],"version-history":[{"count":0,"href":"https:\/\/www.europesays.com\/fr\/wp-json\/wp\/v2\/posts\/9811\/revisions"}],"wp:featuredmedia":[{"embeddable":true,"href":"https:\/\/www.europesays.com\/fr\/wp-json\/wp\/v2\/media\/9812"}],"wp:attachment":[{"href":"https:\/\/www.europesays.com\/fr\/wp-json\/wp\/v2\/media?parent=9811"}],"wp:term":[{"taxonomy":"category","embeddable":true,"href":"https:\/\/www.europesays.com\/fr\/wp-json\/wp\/v2\/categories?post=9811"},{"taxonomy":"post_tag","embeddable":true,"href":"https:\/\/www.europesays.com\/fr\/wp-json\/wp\/v2\/tags?post=9811"}],"curies":[{"name":"wp","href":"https:\/\/api.w.org\/{rel}","templated":true}]}}