{"id":98117,"date":"2025-05-14T00:57:34","date_gmt":"2025-05-14T00:57:34","guid":{"rendered":"https:\/\/www.europesays.com\/fr\/98117\/"},"modified":"2025-05-14T00:57:34","modified_gmt":"2025-05-14T00:57:34","slug":"un-jeune-couple-de-strasbourgeoises-ouvre-sa-premiere-patisserie-a-grandrue","status":"publish","type":"post","link":"https:\/\/www.europesays.com\/fr\/98117\/","title":{"rendered":"un jeune couple de Strasbourgeois(es) ouvre sa premi\u00e8re p\u00e2tisserie \u00e0 Grand&rsquo;Rue"},"content":{"rendered":"<p><strong>Notre belle histoire du jour, c\u2019est celle de Louise et Th\u00e9ophile. \u00c0 29 et 25 ans, le couple de Strasbourgeois(e)s a ouvert sa toute premi\u00e8re p\u00e2tisserie-chocolaterie \u00e0 Strasbourg, et pas n\u2019importe o\u00f9 les ami(e)s : au beau milieu de la Grand Rue. On vous ouvre les portes de ce petit paradis des plaisirs sucr\u00e9s appel\u00e9 Avellina, tout en vous partageant l\u2019inspirant parcours de ces deux artisan(e)s.<\/strong><\/p>\n<p>En 2023, \u00e0 l\u2019approche des f\u00eates de fin d\u2019ann\u00e9e, <strong>on rencontrait Th\u00e9ophile Girard et Louise Pfister<\/strong> chez eux, \u00e0 Strasbourg.<\/p>\n<p>P\u00e2tissier(e) de m\u00e9tier, il et elle<strong> nous avaient fait d\u00e9couvrir deux p\u00e2tisseries alsaciennes m\u00e9connues<\/strong>, le langhopf, et la zimmetkuche, que l\u2019on vous avait pr\u00e9sent\u00e9 dans deux articles pour vous faire saliver \u00e0 l\u2019approche de No\u00ebl.<\/p>\n<p>Alors que nous les avions rencontr\u00e9s par hasard via les r\u00e9seaux, le couple,<strong> issu des m\u00e9tiers de la p\u00e2tisserie et de la chocolaterie<\/strong>, nous avait bluff\u00e9 par leur technique et<strong> leur ma\u00eetrise des formes et des saveurs.<\/strong><\/p>\n<p>                <a href=\"https:\/\/pokaa.fr\/2023\/12\/17\/les-specialites-alsaciennes-meconnues-le-langhopf-et-son-coeur-brioche-aux-fruits\/\" target=\"_blank\" rel=\"noopener\"><br \/>\n                    <img width=\"450\" height=\"270\" src=\"https:\/\/www.europesays.com\/fr\/wp-content\/uploads\/2025\/05\/image00010-450x270.jpeg\" class=\"attachment-card-horizontal--same-subject size-card-horizontal--same-subject wp-post-image\" alt=\"\" decoding=\"async\" loading=\"lazy\"\/>                <\/a><\/p>\n<p>                <img width=\"375\" height=\"500\" src=\"https:\/\/www.europesays.com\/fr\/wp-content\/uploads\/2025\/05\/avelina-patisserie-img-9076-375x500.jpeg\" class=\"attachment-gallery size-gallery\" alt=\"Avelina patisserie IMG_9076\" data-full-url=\"https:\/\/pokaa.fr\/wp-content\/uploads\/2025\/05\/12\/avelina-patisserie-img-9076.jpeg\" decoding=\"async\" loading=\"lazy\"  \/>            <\/p>\n<p>                <img width=\"375\" height=\"500\" src=\"https:\/\/www.europesays.com\/fr\/wp-content\/uploads\/2025\/05\/avelina-patisserie-img-9001-375x500.jpeg\" class=\"attachment-gallery size-gallery\" alt=\"Avelina patisserie IMG_9001\" data-full-url=\"https:\/\/pokaa.fr\/wp-content\/uploads\/2025\/05\/12\/avelina-patisserie-img-9001.jpeg\" decoding=\"async\" loading=\"lazy\"  \/>            <\/p>\n<p>                <img width=\"375\" height=\"500\" src=\"https:\/\/www.europesays.com\/fr\/wp-content\/uploads\/2025\/05\/avelina-patisserie-img-9012-375x500.jpeg\" class=\"attachment-gallery size-gallery\" alt=\"Avelina patisserie IMG_9012\" data-full-url=\"https:\/\/pokaa.fr\/wp-content\/uploads\/2025\/05\/12\/avelina-patisserie-img-9012.jpeg\" decoding=\"async\" loading=\"lazy\"  \/>            <\/p>\n<p>                <img width=\"375\" height=\"500\" src=\"https:\/\/www.europesays.com\/fr\/wp-content\/uploads\/2025\/05\/recette-alsaciennes-oubliees-mandelbergimg-3424-375x500.jpeg\" class=\"attachment-gallery size-gallery\" alt=\"Recette alsaciennes oubli\u00e9es mandelbergIMG_3424\" data-full-url=\"https:\/\/pokaa.fr\/wp-content\/uploads\/2025\/01\/20\/recette-alsaciennes-oubliees-mandelbergimg-3424.jpeg\" decoding=\"async\" loading=\"lazy\"  \/>            <\/p>\n<p>                <img width=\"375\" height=\"500\" src=\"https:\/\/www.europesays.com\/fr\/wp-content\/uploads\/2025\/05\/image00021-1-375x500.jpeg\" class=\"attachment-gallery size-gallery\" alt=\"Caouette patisserie salon de th\u00e9\" data-full-url=\"https:\/\/pokaa.fr\/wp-content\/uploads\/2023\/02\/image00021-1.jpeg\" decoding=\"async\" loading=\"lazy\"  \/>            <\/p>\n<p>                    \u00a9 Bastien Pietronave \/ Pokaa<\/p>\n<p>Sans qu\u2019il et elle ne le d\u00e9voilent \u00e0 l\u2019\u00e9poque, Louise et Th\u00e9o, qui exercent dans le monde de la p\u00e2tisserie, de la chocolaterie, et de la glacerie depuis leur plus jeune \u00e2ge,<strong> avaient d\u00e9j\u00e0 un plan en t\u00eate : ouvrir leur propre commerce.<\/strong><\/p>\n<p>Aujourd\u2019hui, \u00e0 peine un an et demi plus tard, <strong>c\u2019est chose faite : Avellina est n\u00e9<\/strong>, et le succ\u00e8s a \u00e9t\u00e9 imm\u00e9diat d\u00e8s le premier jour d\u2019ouverture.<\/p>\n<p>                <a href=\"https:\/\/pokaa.fr\/2023\/12\/23\/les-specialites-alsaciennes-meconnues-le-zimmetkuche-et-son-doux-parfum-de-cannelle\/\" target=\"_blank\" rel=\"noopener\"><br \/>\n                    <img width=\"450\" height=\"270\" src=\"https:\/\/www.europesays.com\/fr\/wp-content\/uploads\/2025\/05\/rcette1-450x270.png\" class=\"attachment-card-horizontal--same-subject size-card-horizontal--same-subject wp-post-image\" alt=\"\" decoding=\"async\" loading=\"lazy\"\/>                <\/a><\/p>\n<p>    <img width=\"800\" height=\"600\" src=\"https:\/\/www.europesays.com\/fr\/wp-content\/uploads\/2025\/05\/avelina-patisserie-img-9078-800x600.jpeg\" class=\"attachment-image-size-L size-image-size-L\" alt=\"Avelina patisserie IMG_9078\" decoding=\"async\" loading=\"lazy\"  \/>         \u00a9 Bastien Pietronave \/ Pokaa <\/p>\n<p>Un lieu cocon, des p\u00e2tisseries qui s\u2019inspirent de la tradition <\/p>\n<p>Avellina, anciennement galerie Kilian, c\u2019est <strong>une toute petite boutique enti\u00e8rement pens\u00e9e et r\u00e9alis\u00e9e par Th\u00e9o, Louise et leur famille.<\/strong><\/p>\n<p>Une d\u00e9coration sobre, un m\u00e9lange de modernit\u00e9 et de tradition, <strong>quelques tables pour offrir un petit c\u00f4t\u00e9 salon de th\u00e9 : <\/strong>le mot d\u2019ordre est \u00ab <strong>\u00e9pur\u00e9 \u00bb.<\/strong><\/p>\n<p>                <img width=\"375\" height=\"500\" src=\"https:\/\/www.europesays.com\/fr\/wp-content\/uploads\/2025\/05\/avelina-patisserie-img-9013-375x500.jpeg\" class=\"attachment-gallery size-gallery\" alt=\"Avelina patisserie IMG_9013\" data-full-url=\"https:\/\/pokaa.fr\/wp-content\/uploads\/2025\/05\/12\/avelina-patisserie-img-9013.jpeg\" decoding=\"async\" loading=\"lazy\"  \/>            <\/p>\n<p>                <img width=\"375\" height=\"500\" src=\"https:\/\/www.europesays.com\/fr\/wp-content\/uploads\/2025\/05\/avelina-patisserie-img-9057-375x500.jpeg\" class=\"attachment-gallery size-gallery\" alt=\"Avelina patisserie IMG_9057\" data-full-url=\"https:\/\/pokaa.fr\/wp-content\/uploads\/2025\/05\/12\/avelina-patisserie-img-9057.jpeg\" decoding=\"async\" loading=\"lazy\"  \/>            <\/p>\n<p>                <img width=\"667\" height=\"500\" src=\"https:\/\/www.europesays.com\/fr\/wp-content\/uploads\/2025\/05\/avelina-patisserie-img-9055-667x500.jpeg\" class=\"attachment-gallery size-gallery\" alt=\"Avelina patisserie IMG_9055\" data-full-url=\"https:\/\/pokaa.fr\/wp-content\/uploads\/2025\/05\/12\/avelina-patisserie-img-9055.jpeg\" decoding=\"async\" loading=\"lazy\"  \/>            <\/p>\n<p>                    \u00a9 Bastien Pietronave \/ Pokaa<\/p>\n<p>Si l\u2019on pousse la porte d\u2019Avellina, c\u2019est<strong> pour go\u00fbter \u00e0 des p\u00e2tisseries r\u00e9alis\u00e9es avec beaucoup d\u2019exigence<\/strong> qui elles aussi, <strong>s\u2019inspirent de la tradition.<\/strong><\/p>\n<p>\u00ab La plupart de nos p\u00e2tisseries, tout le monde ou presque les conna\u00eet, <strong>mais on fait tout pour que les saveurs soient justes, \u00e9quilibr\u00e9es<\/strong>, et on donne tout pour que ce soit tr\u00e8s bien fait. M\u00eame si l\u2019<strong>on propose aussi de vraies cr\u00e9ations<\/strong>, on aime une certaine forme d\u2019<strong>exigence et de simplicit\u00e9<\/strong>, et ce n\u2019est pas le plus facile \u00bb, nous raconte Th\u00e9o \u00e0 8h du matin en buvant son huiti\u00e8me caf\u00e9.<\/p>\n<p>Paris-Brest, tarte au citron, fraisier, flan \u00e0 la vanille (le best-seller) ou torche au marron, pavlova : <strong>un petit air de tradition est effectivement bien pr\u00e9sent<\/strong>, et c\u2019est pour le meilleur. Mais ce n\u2019est pas tout.<\/p>\n<p>                <img width=\"375\" height=\"500\" src=\"https:\/\/www.europesays.com\/fr\/wp-content\/uploads\/2025\/05\/avelina-patisserie-img-9069-375x500.jpeg\" class=\"attachment-gallery size-gallery\" alt=\"Avelina patisserie IMG_9069\" data-full-url=\"https:\/\/pokaa.fr\/wp-content\/uploads\/2025\/05\/12\/avelina-patisserie-img-9069.jpeg\" decoding=\"async\" loading=\"lazy\"  \/>            <\/p>\n<p>                <img width=\"375\" height=\"500\" src=\"https:\/\/www.europesays.com\/fr\/wp-content\/uploads\/2025\/05\/avelina-patisserie-img-9001-375x500.jpeg\" class=\"attachment-gallery size-gallery\" alt=\"Avelina patisserie IMG_9001\" data-full-url=\"https:\/\/pokaa.fr\/wp-content\/uploads\/2025\/05\/12\/avelina-patisserie-img-9001.jpeg\" decoding=\"async\" loading=\"lazy\"  \/>            <\/p>\n<p>                <img width=\"375\" height=\"500\" src=\"https:\/\/www.europesays.com\/fr\/wp-content\/uploads\/2025\/05\/avelina-patisserie-img-8982-375x500.jpeg\" class=\"attachment-gallery size-gallery\" alt=\"Avelina patisserie IMG_8982\" data-full-url=\"https:\/\/pokaa.fr\/wp-content\/uploads\/2025\/05\/12\/avelina-patisserie-img-8982.jpeg\" decoding=\"async\" loading=\"lazy\"  \/>            <\/p>\n<p>                <img width=\"375\" height=\"500\" src=\"https:\/\/www.europesays.com\/fr\/wp-content\/uploads\/2025\/05\/avelina-patisserie-img-8980-2-375x500.jpeg\" class=\"attachment-gallery size-gallery\" alt=\"Avelina patisserie IMG_8980 2\" data-full-url=\"https:\/\/pokaa.fr\/wp-content\/uploads\/2025\/05\/12\/avelina-patisserie-img-8980-2.jpeg\" decoding=\"async\" loading=\"lazy\"  \/>            <\/p>\n<p>                    \u00a9 Bastien Pietronave \/ Pokaa<\/p>\n<p>On retrouvera \u00e9galement des sabl\u00e9s, des brioches pralin\u00e9es, des kougelhopf, des g\u00e2teaux de voyage, <strong>d\u2019excellents cookies<\/strong>, et <strong>des p\u00e2tisseries plus exotiques <\/strong>comme <strong>\u00ab l\u2019Avellina <\/strong><strong>\u00bb<\/strong>, un biscuit avec sa mousse au chocolat, sa cr\u00e8me et son croustillant au gianduja, ou le <strong>\u00ab Medellin \u00bb avec sa compot\u00e9e de fruit et un biscuit aux \u00e9clats d\u2019amande et chantilly tonka.\u00a0<\/strong><\/p>\n<p>Et puisque le couple a plus d\u2019un tour dans son sac<strong>, une belle s\u00e9lection de chocolats est aussi propos\u00e9e.<\/strong> Tablettes, amandes grill\u00e9es au chocolat, biscuits chocolat\u00e9s, <strong>p\u00e2te \u00e0 tartiner, et le fameux ourson guimauve maison<\/strong>, la gamme se d\u00e9veloppe de semaine en semaine.<\/p>\n<p>Et pour celles et ceux qui passent par l\u00e0 par le plus grand des hasards, <strong>une proposition de snacking\/sandwich est dispo tous les jours.<\/strong><\/p>\n<p>                <img width=\"375\" height=\"500\" src=\"https:\/\/www.europesays.com\/fr\/wp-content\/uploads\/2025\/05\/avelina-patisserie-img-9009-2-375x500.jpeg\" class=\"attachment-gallery size-gallery\" alt=\"Avelina patisserie IMG_9009 2\" data-full-url=\"https:\/\/pokaa.fr\/wp-content\/uploads\/2025\/05\/12\/avelina-patisserie-img-9009-2.jpeg\" decoding=\"async\" loading=\"lazy\"  \/>            <\/p>\n<p>                <img width=\"375\" height=\"500\" src=\"https:\/\/www.europesays.com\/fr\/wp-content\/uploads\/2025\/05\/avelina-patisserie-img-8986-2-375x500.jpeg\" class=\"attachment-gallery size-gallery\" alt=\"Avelina patisserie IMG_8986 2\" data-full-url=\"https:\/\/pokaa.fr\/wp-content\/uploads\/2025\/05\/12\/avelina-patisserie-img-8986-2.jpeg\" decoding=\"async\" loading=\"lazy\"  \/>            <\/p>\n<p>                <img width=\"375\" height=\"500\" src=\"https:\/\/www.europesays.com\/fr\/wp-content\/uploads\/2025\/05\/avelina-patisserie-img-8985-2-375x500.jpeg\" class=\"attachment-gallery size-gallery\" alt=\"Avelina patisserie IMG_8985 2\" data-full-url=\"https:\/\/pokaa.fr\/wp-content\/uploads\/2025\/05\/12\/avelina-patisserie-img-8985-2.jpeg\" decoding=\"async\" loading=\"lazy\"  \/>            <\/p>\n<p>                <img width=\"375\" height=\"500\" src=\"https:\/\/www.europesays.com\/fr\/wp-content\/uploads\/2025\/05\/avelina-patisserie-img-8991-2-375x500.jpeg\" class=\"attachment-gallery size-gallery\" alt=\"Avelina patisserie IMG_8991 2\" data-full-url=\"https:\/\/pokaa.fr\/wp-content\/uploads\/2025\/05\/12\/avelina-patisserie-img-8991-2.jpeg\" decoding=\"async\" loading=\"lazy\"  \/>            <\/p>\n<p>                <img width=\"375\" height=\"500\" src=\"https:\/\/www.europesays.com\/fr\/wp-content\/uploads\/2025\/05\/avelina-patisserie-img-8997-2-375x500.jpeg\" class=\"attachment-gallery size-gallery\" alt=\"Avelina patisserie IMG_8997 2\" data-full-url=\"https:\/\/pokaa.fr\/wp-content\/uploads\/2025\/05\/12\/avelina-patisserie-img-8997-2.jpeg\" decoding=\"async\" loading=\"lazy\"  \/>            <\/p>\n<p>                <img width=\"375\" height=\"500\" src=\"https:\/\/www.europesays.com\/fr\/wp-content\/uploads\/2025\/05\/avelina-patisserie-img-9037-2-375x500.jpeg\" class=\"attachment-gallery size-gallery\" alt=\"Avelina patisserie IMG_9037 2\" data-full-url=\"https:\/\/pokaa.fr\/wp-content\/uploads\/2025\/05\/12\/avelina-patisserie-img-9037-2.jpeg\" decoding=\"async\" loading=\"lazy\"  \/>            <\/p>\n<p>                    \u00a9 Bastien Pietronave \/ Pokaa<\/p>\n<p>Une r\u00e9elle exigence et une ma\u00eetrise des saveurs,<strong> un lieu tout en simplicit\u00e9 et des cr\u00e9ations simplement d\u00e9licieuses : <\/strong>Louise et Th\u00e9ophile ont trouv\u00e9 la recette pour faire saliver les Strasbourgeois(e)s, et on sait \u00e0 quelle point ils\/elles sont exigeant(e)s.<\/p>\n<p>Le couple en est \u00e0 ses premiers mois d\u2019ouverture, et il r\u00e9alise d\u00e9j\u00e0 de tr\u00e8s tr\u00e8s belles choses sur le sol strasbourgeois<strong>. On a pas fini d\u2019entendre parler d\u2019eux.\u00a0<\/strong><\/p>\n<p>            Avellina <\/p>\n<p>            Quoi ?<br \/>\n            P\u00e2tisserie \/ chocolaterie         <\/p>\n<p>                Quand ?<br \/>\n                13 Mai. 2025            <\/p>\n<p>            o\u00f9 ?<br \/>\n            62 Grand&rsquo;Rue \u00e0 Strasbourg         <\/p>\n<p>                Plus d&rsquo;infos ?<\/p>\n<p><strong><a href=\"https:\/\/avellina.fr\/\" target=\"_blank\" rel=\"noopener\">Le site<\/a><\/strong><\/p>\n<p><strong><a href=\"https:\/\/www.google.com\/url?sa=t&amp;source=web&amp;rct=j&amp;opi=89978449&amp;url=https:\/\/www.instagram.com\/avellina.patisserie\/&amp;ved=2ahUKEwjgwvSR95-NAxXuXaQEHStKJ-YQFnoECB0QAQ&amp;usg=AOvVaw0t9zshD_ugSF7ZUpqSSlry\" target=\"_blank\" rel=\"noopener\">La page Instagram<\/a><\/strong><\/p>\n<p>                <img width=\"375\" height=\"500\" src=\"https:\/\/www.europesays.com\/fr\/wp-content\/uploads\/2025\/05\/avelina-patisserie-img-9034-2-375x500.jpeg\" class=\"attachment-gallery size-gallery\" alt=\"Avelina patisserie IMG_9034 2\" data-full-url=\"https:\/\/pokaa.fr\/wp-content\/uploads\/2025\/05\/12\/avelina-patisserie-img-9034-2.jpeg\" decoding=\"async\" loading=\"lazy\"  \/>            <\/p>\n<p>                <img width=\"375\" height=\"500\" src=\"https:\/\/www.europesays.com\/fr\/wp-content\/uploads\/2025\/05\/recette-alsaciennes-oubliees-mandelbergimg-3280-375x500.jpeg\" class=\"attachment-gallery size-gallery\" alt=\"Recette alsaciennes oubli\u00e9es mandelbergIMG_3280\" data-full-url=\"https:\/\/pokaa.fr\/wp-content\/uploads\/2025\/01\/20\/recette-alsaciennes-oubliees-mandelbergimg-3280.jpeg\" decoding=\"async\" loading=\"lazy\"  \/>            <\/p>\n<p>                <img width=\"375\" height=\"500\" src=\"https:\/\/www.europesays.com\/fr\/wp-content\/uploads\/2025\/05\/avelina-patisserie-img-9032-2-375x500.jpeg\" class=\"attachment-gallery size-gallery\" alt=\"Avelina patisserie IMG_9032 2\" data-full-url=\"https:\/\/pokaa.fr\/wp-content\/uploads\/2025\/05\/12\/avelina-patisserie-img-9032-2.jpeg\" decoding=\"async\" loading=\"lazy\"  \/>            <\/p>\n<p>                <img width=\"667\" height=\"500\" src=\"https:\/\/www.europesays.com\/fr\/wp-content\/uploads\/2025\/05\/avelina-patisserie-img-9097-667x500.jpeg\" class=\"attachment-gallery size-gallery\" alt=\"Avelina patisserie IMG_9097\" data-full-url=\"https:\/\/pokaa.fr\/wp-content\/uploads\/2025\/05\/12\/avelina-patisserie-img-9097.jpeg\" decoding=\"async\" loading=\"lazy\"  \/>            <\/p>\n<p>                <img width=\"375\" height=\"500\" src=\"https:\/\/www.europesays.com\/fr\/wp-content\/uploads\/2025\/05\/avelina-patisserie-img-9019-2-375x500.jpeg\" class=\"attachment-gallery size-gallery\" alt=\"Avelina patisserie IMG_9019 2\" data-full-url=\"https:\/\/pokaa.fr\/wp-content\/uploads\/2025\/05\/12\/avelina-patisserie-img-9019-2.jpeg\" decoding=\"async\" loading=\"lazy\"  \/>            <\/p>\n<p>                <img width=\"375\" height=\"500\" src=\"https:\/\/www.europesays.com\/fr\/wp-content\/uploads\/2025\/05\/avelina-patisserie-img-9010-2-375x500.jpeg\" class=\"attachment-gallery size-gallery\" alt=\"Avelina patisserie IMG_9010 2\" data-full-url=\"https:\/\/pokaa.fr\/wp-content\/uploads\/2025\/05\/12\/avelina-patisserie-img-9010-2.jpeg\" decoding=\"async\" loading=\"lazy\"  \/>            <\/p>\n<p>                <img width=\"375\" height=\"500\" src=\"https:\/\/www.europesays.com\/fr\/wp-content\/uploads\/2025\/05\/recette-alsaciennes-oubliees-mandelbergimg-3398-375x500.jpeg\" class=\"attachment-gallery size-gallery\" alt=\"Recette alsaciennes oubli\u00e9es mandelbergIMG_3398\" data-full-url=\"https:\/\/pokaa.fr\/wp-content\/uploads\/2025\/01\/20\/recette-alsaciennes-oubliees-mandelbergimg-3398.jpeg\" decoding=\"async\" loading=\"lazy\"  \/>            <\/p>\n<p>                <img width=\"711\" height=\"500\" src=\"https:\/\/www.europesays.com\/fr\/wp-content\/uploads\/2025\/05\/avelina-patisserie-img-9030-2-711x500.jpeg\" class=\"attachment-gallery size-gallery\" alt=\"Avelina patisserie IMG_9030 2\" data-full-url=\"https:\/\/pokaa.fr\/wp-content\/uploads\/2025\/05\/12\/avelina-patisserie-img-9030-2.jpeg\" decoding=\"async\" loading=\"lazy\"  \/>            <\/p>\n<p>                    \u00a9 Bastien Pietronave \/ Pokaa<\/p>\n<p><script async src=\"\/\/www.instagram.com\/embed.js\"><\/script><\/p>\n","protected":false},"excerpt":{"rendered":"Notre belle histoire du jour, c\u2019est celle de Louise et Th\u00e9ophile. \u00c0 29 et 25 ans, le couple&hellip;\n","protected":false},"author":2,"featured_media":98118,"comment_status":"","ping_status":"","sticky":false,"template":"","format":"standard","meta":{"footnotes":""},"categories":[2820],"tags":[1111,11,21200,21201,1777,674,1011,27,775,12,15810,25,640],"class_list":{"0":"post-98117","1":"post","2":"type-post","3":"status-publish","4":"format-standard","5":"has-post-thumbnail","7":"category-strasbourg","8":"tag-actu","9":"tag-actualites","10":"tag-avelina","11":"tag-chocolatier","12":"tag-eu","13":"tag-europe","14":"tag-fr","15":"tag-france","16":"tag-grand-est","17":"tag-news","18":"tag-patisserie","19":"tag-republique-francaise","20":"tag-strasbourg"},"share_on_mastodon":{"url":"https:\/\/pubeurope.com\/@fr\/114503473826168596","error":""},"_links":{"self":[{"href":"https:\/\/www.europesays.com\/fr\/wp-json\/wp\/v2\/posts\/98117","targetHints":{"allow":["GET"]}}],"collection":[{"href":"https:\/\/www.europesays.com\/fr\/wp-json\/wp\/v2\/posts"}],"about":[{"href":"https:\/\/www.europesays.com\/fr\/wp-json\/wp\/v2\/types\/post"}],"author":[{"embeddable":true,"href":"https:\/\/www.europesays.com\/fr\/wp-json\/wp\/v2\/users\/2"}],"replies":[{"embeddable":true,"href":"https:\/\/www.europesays.com\/fr\/wp-json\/wp\/v2\/comments?post=98117"}],"version-history":[{"count":0,"href":"https:\/\/www.europesays.com\/fr\/wp-json\/wp\/v2\/posts\/98117\/revisions"}],"wp:featuredmedia":[{"embeddable":true,"href":"https:\/\/www.europesays.com\/fr\/wp-json\/wp\/v2\/media\/98118"}],"wp:attachment":[{"href":"https:\/\/www.europesays.com\/fr\/wp-json\/wp\/v2\/media?parent=98117"}],"wp:term":[{"taxonomy":"category","embeddable":true,"href":"https:\/\/www.europesays.com\/fr\/wp-json\/wp\/v2\/categories?post=98117"},{"taxonomy":"post_tag","embeddable":true,"href":"https:\/\/www.europesays.com\/fr\/wp-json\/wp\/v2\/tags?post=98117"}],"curies":[{"name":"wp","href":"https:\/\/api.w.org\/{rel}","templated":true}]}}