{"id":98125,"date":"2025-05-14T01:01:10","date_gmt":"2025-05-14T01:01:10","guid":{"rendered":"https:\/\/www.europesays.com\/fr\/98125\/"},"modified":"2025-05-14T01:01:10","modified_gmt":"2025-05-14T01:01:10","slug":"nouveau-chu-de-nantes-en-2027-7-500-personnels-concernes","status":"publish","type":"post","link":"https:\/\/www.europesays.com\/fr\/98125\/","title":{"rendered":"Nouveau CHU de Nantes\u00a0: en 2027, 7\u00a0500\u00a0personnels concern\u00e9s"},"content":{"rendered":"<p>Fin 2027, le CHU de Nantes vivra un grand chamboule-tout\u00a0: au second semestre, le nouvel h\u00f4pital ouvrira sur l\u2019\u00eele de Nantes.<\/p>\n<p>7\u00a0500\u00a0personnels, sans compter les m\u00e9decins, les internes (\u00e9tudiants en m\u00e9decine), changeront de lieu de travail et\/ou\u00a0parfois aussi de m\u00e9tier ou de service. Le site du centre-ville, (qui comprend H\u00f4tel-dieu, p\u00f4le m\u00e8re enfants, Jean-Monnet) fermera.<\/p>\n<p>Quant \u00e0 l\u2019h\u00f4pital Laennec, il demeurera, mais son r\u00f4le est largement revu. Il n\u2019y aura plus, \u00e0 Saint-Herblain, au CHU, de blocs op\u00e9ratoires. Donc une bonne partie des 1\u00a0500\u00a0personnels actuels mettront le cap sur l\u2019\u00eele de Nantes. Combien de personnels travailleront apr\u00e8s le d\u00e9m\u00e9nagement \u00e0 Laennec\u00a0? La direction du CHU ne le dit pas encore. Mais on sait que le service court s\u00e9jour de l\u2019h\u00f4pital Bellier migrera \u00e0 Laennec.<strong>\u00a0<\/strong>Uniquement ce service\u00a0;<strong> \u00ab\u00a0Bellier, \u00e0 Nantes, sp\u00e9cialis\u00e9 dans les soins aux personnes \u00e2g\u00e9es,\u00a0est maintenu\u00a0\u00bb<\/strong>, pr\u00e9cise\u00a0Philippe El Sa\u00efr, le directeur.<\/p>\n<p>Dans ce grand chambardement, l\u2019h\u00f4pital Saint-Jacques (Psychiatrie et m\u00e9decine physique et de r\u00e9adaptation), est le seul grand site du CHU \u00e0 ne pas conna\u00eetre de changement notable (1).<\/p>\n<p><a href=\"https:\/\/www.ouest-france.fr\/sante\/hopital\/chu-de-nantes-nouvel-hopital-nouvelle-organisation-3cf86698-0a5c-11f0-b7cc-fc47e8b86125#:~:text=Plateaux%2520de%252064%2520lits%252C%2520r%25C3%25A9f%25C3%25A9rent,a%2520d%25C3%25A9voil%25C3%25A9%2520la%2520nouvelle%2520organisation.&amp;text=Philippe%2520GAMBERT.&amp;text=L&#039;ouverture%2520du%2520nouvel%2520h%25C3%25B4pital,occasion%2520d&#039;une%2520nouvelle%2520organisation.\" target=\"_self\" rel=\"noopener\">Qui dit nouvel h\u00f4pital, dit nouvelle organisation, avec des plateaux de 64\u00a0lits<\/a> (en lieu et place des services actuels) sur l\u2019\u00eele de Nantes.<\/p>\n<p><strong>\u00ab\u00a0Il n\u2019y aura pas de suppression d\u2019emplois \u00e0 l\u2019entr\u00e9e dans le nouvel h\u00f4pital<\/strong>, tient \u00e0 rappeler\u00a0Philippe El Sa\u00efr. <strong>La dynamique de cr\u00e9ation d\u2019emplois engag\u00e9e (plus\u00a0de 128\u00a0personnels \u00e9quivalents temps plein, par exemple, entre 2023 et 2024) va se poursuivre.\u00a0\u00bb<\/strong><\/p>\n<p>Pour que ces changements se d\u00e9roulent le mieux possible, l\u2019h\u00f4pital va d\u00e9ployer un programme de d\u2019accompagnement (individuel et par \u00e9quipe) comprenant p\u00eale-m\u00eale <strong>\u00ab\u00a0entretien exploratoire, soutiens de la part de conseiller de parcours professionnels, formation, stage, cours m\u00e9dicaux, nouvelles formations\u2026\u00a0\u00bb<\/strong><\/p>\n<p>(1)Tous sites confondus, le CHU de Nantes compte entre 12\u00a0000 et 13\u00a0000\u00a0collaborateurs, m\u00e9decins, internes et externes compris.<\/p>\n<p>\u00a0<\/p>\n","protected":false},"excerpt":{"rendered":"Fin 2027, le CHU de Nantes vivra un grand chamboule-tout\u00a0: au second semestre, le nouvel h\u00f4pital ouvrira sur&hellip;\n","protected":false},"author":2,"featured_media":98126,"comment_status":"","ping_status":"","sticky":false,"template":"","format":"standard","meta":{"footnotes":""},"categories":[2818],"tags":[21202,14971,3691,1111,11,4309,21204,1777,674,1011,27,766,12,4565,2636,21203,25],"class_list":{"0":"post-98125","1":"post","2":"type-post","3":"status-publish","4":"format-standard","5":"has-post-thumbnail","7":"category-nantes","8":"tag-21202","9":"tag-14971","10":"tag-3691","11":"tag-actu","12":"tag-actualites","13":"tag-chu","14":"tag-concernes","15":"tag-eu","16":"tag-europe","17":"tag-fr","18":"tag-france","19":"tag-nantes","20":"tag-news","21":"tag-nouveau","22":"tag-pays-de-la-loire","23":"tag-personnels","24":"tag-republique-francaise"},"share_on_mastodon":{"url":"https:\/\/pubeurope.com\/@fr\/114503488915393776","error":""},"_links":{"self":[{"href":"https:\/\/www.europesays.com\/fr\/wp-json\/wp\/v2\/posts\/98125","targetHints":{"allow":["GET"]}}],"collection":[{"href":"https:\/\/www.europesays.com\/fr\/wp-json\/wp\/v2\/posts"}],"about":[{"href":"https:\/\/www.europesays.com\/fr\/wp-json\/wp\/v2\/types\/post"}],"author":[{"embeddable":true,"href":"https:\/\/www.europesays.com\/fr\/wp-json\/wp\/v2\/users\/2"}],"replies":[{"embeddable":true,"href":"https:\/\/www.europesays.com\/fr\/wp-json\/wp\/v2\/comments?post=98125"}],"version-history":[{"count":0,"href":"https:\/\/www.europesays.com\/fr\/wp-json\/wp\/v2\/posts\/98125\/revisions"}],"wp:featuredmedia":[{"embeddable":true,"href":"https:\/\/www.europesays.com\/fr\/wp-json\/wp\/v2\/media\/98126"}],"wp:attachment":[{"href":"https:\/\/www.europesays.com\/fr\/wp-json\/wp\/v2\/media?parent=98125"}],"wp:term":[{"taxonomy":"category","embeddable":true,"href":"https:\/\/www.europesays.com\/fr\/wp-json\/wp\/v2\/categories?post=98125"},{"taxonomy":"post_tag","embeddable":true,"href":"https:\/\/www.europesays.com\/fr\/wp-json\/wp\/v2\/tags?post=98125"}],"curies":[{"name":"wp","href":"https:\/\/api.w.org\/{rel}","templated":true}]}}