{"id":98127,"date":"2025-05-14T01:02:10","date_gmt":"2025-05-14T01:02:10","guid":{"rendered":"https:\/\/www.europesays.com\/fr\/98127\/"},"modified":"2025-05-14T01:02:10","modified_gmt":"2025-05-14T01:02:10","slug":"poitiers-simpose-a-nantes-et-accueillera-aix-maurienne-en-play-in","status":"publish","type":"post","link":"https:\/\/www.europesays.com\/fr\/98127\/","title":{"rendered":"Poitiers s\u2019impose \u00e0 Nantes et accueillera Aix-Maurienne en play-in"},"content":{"rendered":"<p><strong>Nantes\u00a0&#8211; Poitiers\u00a0: 82-88<\/strong><\/p>\n<p>Le Poitiers Basket 86 achevait la phase r\u00e9guli\u00e8re du championnat de Pro B avec un d\u00e9placement \u00e0 Nantes ce mardi 13\u00a0mai 2025. Un match important qui allait conditionner la suite de la comp\u00e9tition, en play-in et <a target=\"_self\" href=\"https:\/\/www.lanouvellerepublique.fr\/poitiers\/pro-b-il-n-existe-plus-qu-un-seul-car-de-figure-pour-que-poitiers-se-qualifie-directement-en-play-offs-1746979218\" rel=\"noopener\">peu probablement en play-offs<\/a> suivant son r\u00e9sultat et celui d\u2019Antibes, Pau, Gries, Aix-Maurienne voire Vichy.<\/p>\n<p>Sans Jonathan Jeanne, pr\u00e9serv\u00e9 pour cause de contusion au talon, les Poitevins ont livr\u00e9 une prestation s\u00e9rieuse sur le parquet d\u2019un adversaire n\u2019ayant plus rien \u00e0 craindre ni \u00e0 esp\u00e9rer. Comptant 20 longueurs d\u2019avance \u00e0 la pause (29-49, 20e), les partenaires de K\u00e9vin Harley ont ensuite g\u00e9r\u00e9 cet avantage non sans avoir vu revenir les Nantais sur la fin (82-88, 40e).<\/p>\n<p>Ilane Fibleuil (19 points, 2\/5 \u00e0 trois points), Ivan Ramljak (17 points, 13 rebonds, 26 d\u2019\u00e9valuation), Luka Rupnik (17 points, 5\/7 \u00e0 trois points), John Ojiako (10 points, 4 rebonds) ou encore Imanol Prot (10 points) ont notamment tir\u00e9 leur \u00e9pingle du jeu.<\/p>\n<p>Restait \u00e0 attendre les r\u00e9sultats des autres \u00e9quipes concern\u00e9es pour le play-in et les play-offs. Avec les d\u00e9faites d\u2019Aix-Maurienne \u00e0 Denain (104\u00a0&#8211; 95), de Gries \u00e0 Ch\u00e2lons-Reims (71-68) et le succ\u00e8s de Pau \u00e0 Antibes apr\u00e8s prolongation (74-81), Poitiers termine 7e\u00a0et accueillera Aix-Maurienne (8e), vendredi 16\u00a0mai salle Jean-Pierre-Garnier.<\/p>\n<p>En cas de succ\u00e8s, les Poitevins se hisseraient en play-offs et d\u00e9fieraient Orl\u00e9ans en \u00bc de finale au meilleur des trois matchs mais avec l\u2019avantage du terrain pour les Orl\u00e9anais.<\/p>\n<p>En cas de d\u00e9faite, ils disputeraient un deuxi\u00e8me tour de play-offs en recevant le gagnant de Vichy\u00a0&#8211; Antibes le lundi 19\u00a0mai. Le vainqueur de cette confrontation affronterait alors Blois en quart de finale des play-offs.<\/p>\n<p>Plus d\u2019informations \u00e0 suivre\u2026<\/p>\n<p>\u00a0<\/p>\n","protected":false},"excerpt":{"rendered":"Nantes\u00a0&#8211; Poitiers\u00a0: 82-88 Le Poitiers Basket 86 achevait la phase r\u00e9guli\u00e8re du championnat de Pro B avec un&hellip;\n","protected":false},"author":2,"featured_media":98128,"comment_status":"","ping_status":"","sticky":false,"template":"","format":"standard","meta":{"footnotes":""},"categories":[2818],"tags":[1392,1111,11,1465,1777,674,1011,27,766,12,2636,1653,13224,2185,25,60,1584],"class_list":{"0":"post-98127","1":"post","2":"type-post","3":"status-publish","4":"format-standard","5":"has-post-thumbnail","7":"category-nantes","8":"tag-a-la-une-local","9":"tag-actu","10":"tag-actualites","11":"tag-basket","12":"tag-eu","13":"tag-europe","14":"tag-fr","15":"tag-france","16":"tag-nantes","17":"tag-news","18":"tag-pays-de-la-loire","19":"tag-poitiers","20":"tag-poitiers-basket-86","21":"tag-pro-b","22":"tag-republique-francaise","23":"tag-sports","24":"tag-vienne"},"share_on_mastodon":{"url":"https:\/\/pubeurope.com\/@fr\/114503492766326101","error":""},"_links":{"self":[{"href":"https:\/\/www.europesays.com\/fr\/wp-json\/wp\/v2\/posts\/98127","targetHints":{"allow":["GET"]}}],"collection":[{"href":"https:\/\/www.europesays.com\/fr\/wp-json\/wp\/v2\/posts"}],"about":[{"href":"https:\/\/www.europesays.com\/fr\/wp-json\/wp\/v2\/types\/post"}],"author":[{"embeddable":true,"href":"https:\/\/www.europesays.com\/fr\/wp-json\/wp\/v2\/users\/2"}],"replies":[{"embeddable":true,"href":"https:\/\/www.europesays.com\/fr\/wp-json\/wp\/v2\/comments?post=98127"}],"version-history":[{"count":0,"href":"https:\/\/www.europesays.com\/fr\/wp-json\/wp\/v2\/posts\/98127\/revisions"}],"wp:featuredmedia":[{"embeddable":true,"href":"https:\/\/www.europesays.com\/fr\/wp-json\/wp\/v2\/media\/98128"}],"wp:attachment":[{"href":"https:\/\/www.europesays.com\/fr\/wp-json\/wp\/v2\/media?parent=98127"}],"wp:term":[{"taxonomy":"category","embeddable":true,"href":"https:\/\/www.europesays.com\/fr\/wp-json\/wp\/v2\/categories?post=98127"},{"taxonomy":"post_tag","embeddable":true,"href":"https:\/\/www.europesays.com\/fr\/wp-json\/wp\/v2\/tags?post=98127"}],"curies":[{"name":"wp","href":"https:\/\/api.w.org\/{rel}","templated":true}]}}