{"id":981330,"date":"2026-06-06T05:18:24","date_gmt":"2026-06-06T05:18:24","guid":{"rendered":"https:\/\/www.europesays.com\/fr\/981330\/"},"modified":"2026-06-06T05:18:24","modified_gmt":"2026-06-06T05:18:24","slug":"nuit-blanche-trois-idees-de-sortie-a-paris","status":"publish","type":"post","link":"https:\/\/www.europesays.com\/fr\/981330\/","title":{"rendered":"Nuit Blanche : trois id\u00e9es de sortie \u00e0 Paris"},"content":{"rendered":"<p>\n    Une centaine de propositions artistiques rythmeront la nuit de samedi \u00e0 dimanche, dans la capitale. Parmi elles, une installation f\u00e9erique de la plasticienne Annette Messager.<\/p>\n<p class=\"fig-paragraph\">Une centaine de propositions artistiques, souvent pointues, rythmeront Paris de samedi \u00e0 dimanche pour une \u00e9dition de la Nuit Blanche sur le th\u00e8me de l\u2019amour. Un \u00ab\u00a0acte de r\u00e9sistance\u00a0\u00bb tout sauf \u00ab\u00a0na\u00eff\u00a0\u00bb selon la\u00a0<a href=\"http:\/\/www.lefigaro.fr\/culture\/cyberharcelement-de-la-dj-barbara-butch-quatre-condamnations-jusqu-a-dix-mois-ferme-20251121\" target=\"_blank\" data-fig-type=\"NewsFlash\" rel=\"noopener nofollow\" data-gtm-custom-categorie=\"navigation\" data-gtm-custom-action=\"crossclick\" data-gtm-custom-label=\"Contextuel\" data-gtm-event=\"customEventSPE\" data-fig-domain=\"LEFIGARO\">DJ Barbara Butch<\/a>. Pour la d\u00e9fendre, la directrice artistique a mis sur pied un programme destin\u00e9 susciter une \u00ab\u00a0\u00e9motion collective\u00a0\u00bb. Danses, DJ set et installations d\u2019art contemporain inviteront les Parisiens \u00e0 veiller. Voici trois id\u00e9es de sortie.<\/p>\n<p>                                            Des sir\u00e8nes tr\u00e8s contemporaines<\/p>\n<p class=\"fig-paragraph\">La plus c\u00e9l\u00e8bre des plasticiennes fran\u00e7aises, Annette Messager, investit la Piscine Ch\u00e2teau-Landon pour laisser ses chim\u00e8res batifoler \u00e0 leur aise. \u00c0 82 ans, La pr\u00eatresse d\u2019un art prot\u00e9iforme et enfantin imagine dans ces lieux fra\u00eechement r\u00e9nov\u00e9s un ballet personnel et contemporain de sir\u00e8nes et autres tritons. Un spectacle promis comme f\u00e9erique, \u00e0 contempler depuis des coursives qui feront office de loges d\u2019op\u00e9ra.<\/p>\n<p>                                            <a class=\"fig-a11y-skip\" href=\"#fig-a11y-skip-main-inarticle\" is=\"fig-a11y-skip\" data-trigger-mode=\"visible-once\"><br \/>\n    Passer la publicit\u00e9<br \/>\n<\/a>            <\/p>\n<p class=\"fig-paragraph\">De 18 heures \u00e0 2 heures du matin. Piscine Ch\u00e2teau-Landon, 31 rue du Ch\u00e2teau-Landon (Xe)<\/p>\n<p class=\"fig-body-link\">\n            \u00c0 lire aussi<br \/>\n        <a class=\"fig-body-link__link fig-premium-mark\" href=\"https:\/\/www.lefigaro.fr\/arts-expositions\/annette-messager-l-art-brut-j-ai-ete-elevee-dedans-20220602\" target=\"_blank\" data-fig-type=\"Article\" rel=\"noopener nofollow\" data-gtm-custom-categorie=\"navigation\" data-gtm-custom-action=\"crossclick\" data-gtm-custom-label=\"Contextuel\" data-gtm-event=\"customEventSPE\" data-fig-domain=\"LEFIGARO\"><br \/>\n                Annette Messager: \u00abL\u2019art brut, j\u2019ai \u00e9t\u00e9 \u00e9lev\u00e9e dedans\u00bb<br \/>\n    <\/a>\n<\/p>\n<p>                                            Une place en pleine lumi\u00e8re<\/p>\n<p class=\"fig-paragraph\">Et la lumi\u00e8re sera. Une installation va illuminer la place de la Bataille-de-Stalingrad. Un portail baroque et monumental, qui \u00e9voque le spectacle des Luminarie, tradition festive des Pouilles. Sign\u00e9e de l\u2019artiste visuelle italienne Marinella Senatore, pass\u00e9e par les biennales de\u00a0<a href=\"http:\/\/www.lefigaro.fr\/culture\/la-61e-biennale-de-venise-l-art-malgre-tout-20260508\" target=\"_blank\" data-fig-type=\"Article\" rel=\"noopener nofollow\" data-gtm-custom-categorie=\"navigation\" data-gtm-custom-action=\"crossclick\" data-gtm-custom-label=\"Contextuel\" data-gtm-event=\"customEventSPE\" data-fig-domain=\"LEFIGARO\">Venise<\/a>\u00a0ou de Lyon, l\u2019\u0153uvre est r\u00e9alis\u00e9e \u00e0 partir de structures m\u00e9talliques et de LED color\u00e9es.<\/p>\n<p class=\"fig-paragraph\">De 19 heures \u00e0 6 heures du matin. Place de la Bataille-de-Stalingrad (XIXe)<\/p>\n<p class=\"fig-body-link\">\n            \u00c0 lire aussi<br \/>\n        <a class=\"fig-body-link__link fig-premium-mark\" href=\"https:\/\/www.lefigaro.fr\/lifestyle\/pourquoi-le-design-adore-mathias-kiss-20200922\" target=\"_blank\" data-fig-type=\"Article\" rel=\"noopener nofollow\" data-gtm-custom-categorie=\"navigation\" data-gtm-custom-action=\"crossclick\" data-gtm-custom-label=\"Contextuel\" data-gtm-event=\"customEventSPE\" data-fig-domain=\"LEFIGARO\"><br \/>\n                Pourquoi le design adore Mathias Kiss<br \/>\n    <\/a>\n<\/p>\n<p>                                            Les reflets du Petit Palais<\/p>\n<p class=\"fig-paragraph\">Un miroir qui donne le sentiment de s\u2019\u00eatre liqu\u00e9fi\u00e9. Mathias Kiss propose une installation originale au Petit Palais. Les visiteurs vont pouvoir pousser tardivement les portes du\u00a0<a href=\"http:\/\/www.lefigaro.fr\/arts-expositions\/au-petit-palais-cent-beaux-miroirs-reflechissants-entre-autopromotion-et-autoderision-20260403\" target=\"_blank\" data-fig-type=\"Article\" rel=\"noopener nofollow\" data-gtm-custom-categorie=\"navigation\" data-gtm-custom-action=\"crossclick\" data-gtm-custom-label=\"Contextuel\" data-gtm-event=\"customEventSPE\" data-fig-domain=\"LEFIGARO\">b\u00e2timent 1900<\/a>\u00a0et se confronter \u00e0 l\u2019\u0153uvre Liquid Mirror, elle-m\u00eame confront\u00e9e au Triomphe des femmes, un d\u00e9cor peint par l\u2019artiste Georges-Picard il y a plus d\u2019un si\u00e8cle. L\u2019auteur Mathias Kiss navigue entre artisanat d\u2019art, design et art contemporain.<\/p>\n<p class=\"fig-paragraph\">De 19 heures \u00e0 1 heure. Petit Palais, 2 avenue Winston-Churchill (VIIIe)<\/p>\n","protected":false},"excerpt":{"rendered":"Une centaine de propositions artistiques rythmeront la nuit de samedi \u00e0 dimanche, dans la capitale. Parmi elles, une&hellip;\n","protected":false},"author":2,"featured_media":981331,"comment_status":"","ping_status":"","sticky":false,"template":"","format":"standard","meta":{"footnotes":"","_share_on_mastodon":"0"},"categories":[1888],"tags":[11,1777,674,1011,27,12,14156,626,25,1669],"class_list":["post-981330","post","type-post","status-publish","format-standard","has-post-thumbnail","category-paris","tag-actualites","tag-eu","tag-europe","tag-fr","tag-france","tag-news","tag-nuit-blanche","tag-paris","tag-republique-francaise","tag-sorties"],"share_on_mastodon":{"url":"https:\/\/pubeurope.com\/@fr\/116701476239870625","error":""},"_links":{"self":[{"href":"https:\/\/www.europesays.com\/fr\/wp-json\/wp\/v2\/posts\/981330","targetHints":{"allow":["GET"]}}],"collection":[{"href":"https:\/\/www.europesays.com\/fr\/wp-json\/wp\/v2\/posts"}],"about":[{"href":"https:\/\/www.europesays.com\/fr\/wp-json\/wp\/v2\/types\/post"}],"author":[{"embeddable":true,"href":"https:\/\/www.europesays.com\/fr\/wp-json\/wp\/v2\/users\/2"}],"replies":[{"embeddable":true,"href":"https:\/\/www.europesays.com\/fr\/wp-json\/wp\/v2\/comments?post=981330"}],"version-history":[{"count":0,"href":"https:\/\/www.europesays.com\/fr\/wp-json\/wp\/v2\/posts\/981330\/revisions"}],"wp:featuredmedia":[{"embeddable":true,"href":"https:\/\/www.europesays.com\/fr\/wp-json\/wp\/v2\/media\/981331"}],"wp:attachment":[{"href":"https:\/\/www.europesays.com\/fr\/wp-json\/wp\/v2\/media?parent=981330"}],"wp:term":[{"taxonomy":"category","embeddable":true,"href":"https:\/\/www.europesays.com\/fr\/wp-json\/wp\/v2\/categories?post=981330"},{"taxonomy":"post_tag","embeddable":true,"href":"https:\/\/www.europesays.com\/fr\/wp-json\/wp\/v2\/tags?post=981330"}],"curies":[{"name":"wp","href":"https:\/\/api.w.org\/{rel}","templated":true}]}}