{"id":981588,"date":"2026-06-06T08:14:15","date_gmt":"2026-06-06T08:14:15","guid":{"rendered":"https:\/\/www.europesays.com\/fr\/981588\/"},"modified":"2026-06-06T08:14:15","modified_gmt":"2026-06-06T08:14:15","slug":"un-court-metrage-realise-par-onze-enfants-a-decouvrir-au-cinema-le-royal-au-mans","status":"publish","type":"post","link":"https:\/\/www.europesays.com\/fr\/981588\/","title":{"rendered":"Un court-m\u00e9trage r\u00e9alis\u00e9 par onze enfants \u00e0 d\u00e9couvrir au cin\u00e9ma Le Royal au Mans"},"content":{"rendered":"<p>Originaire du Mans\u00a0(Sarthe), Ilyass Remmane a cr\u00e9\u00e9 In On Your Way\u00a0(Traduction de\u2019Sur ton chemin\u2019) en 2024. Cette association a pour vocation de mener des projets solidaires tout en favorisant le partage culturel et \u00e9ducatif en direction d\u2019enfants en rupture familiale.<\/p>\n<p>En f\u00e9vrier\u00a02026, l\u2019\u00e9tudiant en multim\u00e9dia a propos\u00e9 \u00e0 <a href=\"https:\/\/lemans.maville.com\/actu\/actudet_-pensee-pour-leur-bien-etre-la-7e-maison-d-enfants-places-inauguree-en-sarthe-_14-7334137_actu.Htm\" target=\"_blank\" rel=\"nofollow noopener\">des Maisons d\u2019enfants \u00e0 caract\u00e8re social\u00a0(MECS)<\/a> de l\u2019association Inalta de participer \u00e0 la r\u00e9alisation d\u2019un court-m\u00e9trage. Soutenu par sept \u00e9tudiants b\u00e9n\u00e9voles de sa formation, le jeune manceau s\u2019est associ\u00e9 \u00e0 des \u00e9ducatrices sp\u00e9cialis\u00e9es pour accompagner onze enfants issus des MECS dans un projet audiovisuel\u00a0: la r\u00e9alisation d\u2019un court-m\u00e9trage.<\/p>\n<p>Un film de trois minutes<\/p>\n<p>Le tournage s\u2019est d\u00e9roul\u00e9 sur un week-end, en avril\u00a02026, non loin du Mans. <strong>\u00ab\u00a0Inalta a soutenu l\u2019initiative en louant notamment le g\u00eete dans lequel nous avons tourn\u00e9 les sc\u00e8nes\u00a0\u00bb<\/strong>, avance Ilyass.<\/p>\n<p>Apr\u00e8s une premi\u00e8re prise de contact pour faire connaissance, enfants, ados et \u00e9tudiants se sont r\u00e9partis les r\u00f4les, entre l\u2019\u00e9criture du sc\u00e9nario, la r\u00e9alisation, le jeu d\u2019acteur, la technique. Nous avons mis en place divers ateliers, chacun a pu trouver sa place sur les diff\u00e9rentes \u00e9tapes de cr\u00e9ation.<\/p>\n<p>Ce film de trois\u00a0minutes, intitul\u00e9 \u00ab\u00a0Sah, le clown\u00a0\u00bb met en sc\u00e8ne un clown venu semer la terreur chez un couple. Ces enfants nous ont surpris. Leur investissement et leurs id\u00e9es ont motiv\u00e9 l\u2019\u00e9quipe, poursuit le fondateur d\u2019In On Your Way.<\/p>\n<p>\u00ab\u00a0Des liens se sont tiss\u00e9s\u00a0\u00bb<\/p>\n<p>Petits et grands ont appr\u00e9ci\u00e9 cette aventure collective et cr\u00e9ative. <strong>\u00ab\u00a0J\u2019ai aim\u00e9 la diversit\u00e9 des activit\u00e9s et la dynamique de groupe\u00a0\u00bb<\/strong>, confie Cassandra, 15\u00a0ans, pr\u00e9sente sur la r\u00e9alisation et l\u2019\u00e9criture. <strong>\u00ab\u00a0J\u2019ai pris beaucoup de plaisir, j\u2019aimerais renouveler l\u2019exp\u00e9rience\u00a0\u00bb<\/strong>, poursuit Rapha\u00ebl, un des jeunes com\u00e9diens.<\/p>\n<p>Des liens se sont tiss\u00e9s au fil de ce tournage intense. C\u2019\u00e9tait touchant et apaisant de voir ces enfants heureux, curieux et imaginatifs, conclut Ilyass avec \u00e9motion. Le groupe va d\u00e9couvrir l\u2019aboutissement de son travail lors d\u2019une s\u00e9ance sp\u00e9ciale organis\u00e9e lundi 8\u00a0juin 2026, au cin\u00e9ma Le Royal, au Mans.<\/p>\n<p>Lundi 8\u00a0juin 2026, 18\u00a0h\u00a030, projection et \u00e9change autour du court-m\u00e9trage \u00ab\u00a0Sah, le clown\u00a0\u00bb au cin\u00e9ma Le Royal, 409,\u00a0avenue F\u00e9lix Geneslay, au Mans. Sur r\u00e9servation au 07\u00a067\u00a020\u00a079\u00a012.<\/p>\n<p>\u00a0<\/p>\n","protected":false},"excerpt":{"rendered":"Originaire du Mans\u00a0(Sarthe), Ilyass Remmane a cr\u00e9\u00e9 In On Your Way\u00a0(Traduction de\u2019Sur ton chemin\u2019) en 2024. Cette association&hellip;\n","protected":false},"author":2,"featured_media":981589,"comment_status":"","ping_status":"","sticky":false,"template":"","format":"standard","meta":{"footnotes":"","_share_on_mastodon":"0"},"categories":[1354],"tags":[650,20496,3979,58,1719,59,1346,1011,27,2047,1360,21226,2057],"class_list":["post-981588","post","type-post","status-publish","format-standard","has-post-thumbnail","category-films","tag-cinema","tag-court-metrage","tag-decouvrir","tag-divertissement","tag-enfants","tag-entertainment","tag-films","tag-fr","tag-france","tag-mans","tag-movies","tag-realise","tag-royal"],"share_on_mastodon":{"url":"https:\/\/pubeurope.com\/@fr\/116702168174860024","error":""},"_links":{"self":[{"href":"https:\/\/www.europesays.com\/fr\/wp-json\/wp\/v2\/posts\/981588","targetHints":{"allow":["GET"]}}],"collection":[{"href":"https:\/\/www.europesays.com\/fr\/wp-json\/wp\/v2\/posts"}],"about":[{"href":"https:\/\/www.europesays.com\/fr\/wp-json\/wp\/v2\/types\/post"}],"author":[{"embeddable":true,"href":"https:\/\/www.europesays.com\/fr\/wp-json\/wp\/v2\/users\/2"}],"replies":[{"embeddable":true,"href":"https:\/\/www.europesays.com\/fr\/wp-json\/wp\/v2\/comments?post=981588"}],"version-history":[{"count":0,"href":"https:\/\/www.europesays.com\/fr\/wp-json\/wp\/v2\/posts\/981588\/revisions"}],"wp:featuredmedia":[{"embeddable":true,"href":"https:\/\/www.europesays.com\/fr\/wp-json\/wp\/v2\/media\/981589"}],"wp:attachment":[{"href":"https:\/\/www.europesays.com\/fr\/wp-json\/wp\/v2\/media?parent=981588"}],"wp:term":[{"taxonomy":"category","embeddable":true,"href":"https:\/\/www.europesays.com\/fr\/wp-json\/wp\/v2\/categories?post=981588"},{"taxonomy":"post_tag","embeddable":true,"href":"https:\/\/www.europesays.com\/fr\/wp-json\/wp\/v2\/tags?post=981588"}],"curies":[{"name":"wp","href":"https:\/\/api.w.org\/{rel}","templated":true}]}}