{"id":981815,"date":"2026-06-06T10:33:16","date_gmt":"2026-06-06T10:33:16","guid":{"rendered":"https:\/\/www.europesays.com\/fr\/981815\/"},"modified":"2026-06-06T10:33:16","modified_gmt":"2026-06-06T10:33:16","slug":"visage-des-pieces-jaunes-et-femme-de-caractere-bernadette-chirac-bien-plus-quune-premiere-dame","status":"publish","type":"post","link":"https:\/\/www.europesays.com\/fr\/981815\/","title":{"rendered":"Visage des Pi\u00e8ces Jaunes et femme de caract\u00e8re\u2026 Bernadette Chirac, bien plus qu\u2019une Premi\u00e8re dame"},"content":{"rendered":"<p><a href=\"http:\/\/www.20minutes.fr\/dossier\/bernadette_chirac\" class=\"c-link c-link--is-underlined\" rel=\"nofollow noopener\" target=\"_blank\">Bernadette Chirac<\/a>, \u00e9pouse de l\u2019ancien pr\u00e9sident <a href=\"http:\/\/www.20minutes.fr\/dossier\/jacques_chirac\" class=\"c-link c-link--is-underlined\" rel=\"nofollow noopener\" target=\"_blank\">Jacques Chirac<\/a>, est d\u00e9c\u00e9d\u00e9e ce samedi a annonc\u00e9 sa fille Claude Chirac. L\u2019une des femmes les plus populaires de France gr\u00e2ce \u00e0 ses engagements associatifs, mais aussi personnalit\u00e9 politique \u00e0 la langue vip\u00e9rine, avait 93 ans.<\/p>\n<p>Sa vie pourrait \u00eatre synonyme d\u2019\u00e9mancipation, de l\u2019ombre \u00e0 la lumi\u00e8re. Femme longtemps dans l\u2019ombre de son mari, elle s\u2019\u00e9mancipe gr\u00e2ce \u00e0 la long\u00e9vit\u00e9 de ses engagements associatifs et sa culture politique.<\/p>\n<p>aPremi\u00e8re femme \u00e9lue conseill\u00e8re g\u00e9n\u00e9rale de Corr\u00e8ze<\/p>\n<p>D\u2019origine aristocratique, Bernadette Chodron de Courcel na\u00eet \u00e0 Paris le 18\u00a0mai 1933. Apr\u00e8s son baccalaur\u00e9at, elle est admise \u00e0 Sciences Po Paris en\u00a01951 o\u00f9 elle rencontre Jacques Chirac lors d\u2019une conf\u00e9rence. \u00ab\u00a0Il n\u2019arr\u00eatait pas de remuer ses jambes et il \u00e9crivait nerveusement. Je me suis dit\u00a0: \u00ab\u00a0Il est dr\u00f4le ce gar\u00e7on, ou il prend de la drogue, ou il boit du caf\u00e9 toute la journ\u00e9e\u00a0\u00bb, confie-t-elle dans le documentaire Bernadette Chirac, m\u00e9moires d\u2019une femme libre en\u00a02016. Une amiti\u00e9 na\u00eet avec le \u00ab\u00a0grand escogriffe\u00a0\u00bb avant qu\u2019un mariage se noue en\u00a01956 malgr\u00e9 des r\u00e9ticences de la famille de Bernadette. Le couple a trois enfants\u00a0: Laurence, n\u00e9e en\u00a01958 et d\u00e9c\u00e9d\u00e9e en\u00a02016, Claude, n\u00e9e en\u00a01962, et Anh Dao Traxel adopt\u00e9e en\u00a01979.<\/p>\n<\/p>\n<p>Suivant son mari entre Paris et la Corr\u00e8ze qui devient son fief politique, Bernadette Chirac se pr\u00e9sente pour la premi\u00e8re fois en\u00a01971. Elle est \u00e9lue <a href=\"http:\/\/www.mairie-sarran.fr\/mairiesarranconseilmunicipal.html\" target=\"_blank\" class=\"c-link c-link--is-underlined\" rel=\"nofollow noopener\">conseill\u00e8re municipale \u00e0 Sarran,<\/a> en Haute-Corr\u00e8ze. Elle est r\u00e9\u00e9lue \u00e0 chaque \u00e9lection, la derni\u00e8re datant de\u00a02014. Elle est aussi la premi\u00e8re femme \u00e9lue conseill\u00e8re g\u00e9n\u00e9rale de Corr\u00e8ze en\u00a01979, mandat qu\u2019elle conserve pendant 36 ans.<\/p>\n<p>La vie \u00e0 Paris s\u2019acc\u00e9l\u00e8re, quand Jacques Chirac est nomm\u00e9 \u00e0 Matignon en\u00a01974. Avec deux enfants en bas \u00e2ge, elle reprend alors des \u00e9tudes d\u2019arch\u00e9ologie au grand m\u00e9contentement de son Premier ministre de mari. \u00ab\u00a0On ne peut comprendre pas comprendre Bernadette Chirac si on ne sait pas cela [\u2026] Assumer ses responsabilit\u00e9s aupr\u00e8s de son mari, assumer ses responsabilit\u00e9s vis-\u00e0-vis de ses enfants et tracer son propre chemin\u00a0\u00bb, explique Claude Chirac, sa fille, dans <a href=\"https:\/\/www.youtube.com\/watch?v=lrlxtuwFmk8\" target=\"_blank\" class=\"c-link c-link--is-underlined\" rel=\"nofollow noopener\">le documentaire d\u2019Anne Barr\u00e8re de\u00a02016.<\/a><\/p>\n<p>Les ann\u00e9es Mairie de Paris<\/p>\n<p>Des infid\u00e9lit\u00e9s notoires de son \u00e9poux, Bernadette Chirac tire un constat amer\u00a0: \u00ab\u00a0J\u2019ai eu des inqui\u00e9tudes et des chagrins car le pouvoir attire les femmes. Au d\u00e9but, j\u2019ai eu beaucoup de chagrin, puis je m\u2019y suis faite. Je me suis dit que c\u2019\u00e9tait la r\u00e8gle et qu\u2019il fallait la subir avec autant de dignit\u00e9 que possible\u00a0\u00bb, confie-t-elle encore dans le documentaire.<\/p>\n<p>Jacques Chirac \u00e9lu maire de Paris en\u00a01977, le couple s\u2019installe \u00e0 l\u2019h\u00f4tel de ville pendant 18 ans. Ces ann\u00e9es sont les plus belles selon Bernadette Chirac, p\u00e9riode durant laquelle elle multiplie les responsabilit\u00e9s associatives et caritatives. En\u00a01995, \u00e9lu pr\u00e9sident de la R\u00e9publique, le couple rejoint l\u2019Elys\u00e9e pour douze ans. Bernadette Chirac devient la ma\u00eetresse de cette grande maison, r\u00e9novant et modernisant le palais, organisant des f\u00eates somptueuses pour les grands de ce monde, appr\u00e9ciant la vie mondaine au contraire de son \u00e9poux.<\/p>\n<p>C\u2019est aussi \u00e0 l\u2019Elys\u00e9e que cette \u00e9pouse de pr\u00e9sident &#8211; qui refuse l\u2019\u00e9tiquette de \u00ab\u00a0Premi\u00e8re dame\u00a0\u00bb- va jouir d\u2019une grande popularit\u00e9 avec les \u00ab<a href=\"http:\/\/www.20minutes.fr\/sante\/1989695-20170104-operation-pieces-jaunes-suite-sport-maquillage-conseils-font-bien-ados-malades\" class=\"c-link c-link--is-underlined\" rel=\"nofollow noopener\" target=\"_blank\">\u00a0Pi\u00e8ces jaunes<\/a>\u00a0\u00bb, op\u00e9ration visant \u00e0 am\u00e9liorer la vie des enfants malades \u00e0 l\u2019h\u00f4pital. Un livre d\u2019entretien avec Patrick de Carolis, <a href=\"http:\/\/www.plon.fr\/ouvrage\/conversation\/9782259195126\" target=\"_blank\" class=\"c-link c-link--is-underlined\" rel=\"nofollow noopener\">Conversation (Plon, 2001)<\/a> d\u00e9voile enfin cette timide aupr\u00e8s des Fran\u00e7ais. Elle y raconte les joies et les difficult\u00e9s de sa vie\u00a0: \u00ab\u00a0Quand on est la femme de Jacques Chirac on ne peut pas rester trop effac\u00e9e\u00a0! Ou alors on court le risque d\u2019\u00eatre \u00e9cras\u00e9e\u2026 Que voulez-vous, je n\u2019aime pas \u00eatre \u00e9cras\u00e9e. Je ne m\u2019attendais pas du tout \u00e0 ce qu\u2019il fasse de la politique. Comme disait mon p\u00e8re\u00a0: \u00ab\u00a0La politique, vraiment, n\u2019\u00e9tait pas dans le contrat de mariage.\u00a0\u00bb\u00a0\u00bb<\/p>\n<p>L\u2019Elys\u00e9e et les engagements associatifs<\/p>\n<p>Celle qui a sa marionnette aux <a href=\"http:\/\/www.20minutes.fr\/dossier\/les_guignols_de_l_info\" class=\"c-link c-link--is-underlined\" rel=\"nofollow noopener\" target=\"_blank\">Guignols de l\u2019info <\/a>reste cependant dans l\u2019ombre du couple professionnel que forment Jacques Chirac et sa fille Claude entre\u00a01989 et\u00a02007. La fin du mandat de Jacques Chirac \u00e0 l\u2019Elys\u00e9e donne une nouvelle libert\u00e9 de ton \u00e0 Bernadette Chirac qui devient une fervente supporter de <a href=\"http:\/\/www.20minutes.fr\/politique\/nicolas_sarkozy\/\" class=\"c-link c-link--is-underlined\" rel=\"nofollow noopener\" target=\"_blank\">Nicolas Sarkozy<\/a>. Elle continue ses engagements associatifs et prend en\u00a02007 la pr\u00e9sidence de la fondation Claude-Pompidou, ancienne premi\u00e8re dame elle aussi, qui a \u00e9t\u00e9 son amie, son mod\u00e8le et son soutien.<\/p>\n<p>La vie familiale de Bernadette Chirac a aussi \u00e9t\u00e9 marqu\u00e9e par des drames, dont l\u2019anorexie de la fille a\u00een\u00e9e Laurence, <a href=\"http:\/\/www.20minutes.fr\/societe\/1826867-20160414-laurence-fille-ainee-jacques-chirac-decedee\" class=\"c-link c-link--is-underlined\" rel=\"nofollow noopener\" target=\"_blank\">d\u00e9c\u00e9d\u00e9e brutalement en avril\u00a02016 <\/a>\u00e0 l\u2019\u00e2ge de 58 ans. Elle a aussi veill\u00e9 <a href=\"http:\/\/www.20minutes.fr\/politique\/1302442-20140218-20140218-jacques-chirac-homme-a-sante-fragile-depuis-2005\" class=\"c-link c-link--is-underlined\" rel=\"nofollow noopener\" target=\"_blank\">sur la sant\u00e9 fragile de son \u00e9poux <\/a>qui a fait un accident vasculaire c\u00e9r\u00e9bral en\u00a02005.<\/p>\n","protected":false},"excerpt":{"rendered":"Bernadette Chirac, \u00e9pouse de l\u2019ancien pr\u00e9sident Jacques Chirac, est d\u00e9c\u00e9d\u00e9e ce samedi a annonc\u00e9 sa fille Claude Chirac.&hellip;\n","protected":false},"author":2,"featured_media":981816,"comment_status":"","ping_status":"","sticky":false,"template":"","format":"standard","meta":{"footnotes":"","_share_on_mastodon":"0"},"categories":[1359],"tags":[103318,8531,251,58,4527,59,1011,27,3095,8529,3091,2219,973,316,428,133],"class_list":["post-981815","post","type-post","status-publish","format-standard","has-post-thumbnail","category-people","tag-bernadette-chirac","tag-correze","tag-culture","tag-divertissement","tag-elysee","tag-entertainment","tag-fr","tag-france","tag-jacques-chirac","tag-limousin","tag-nicolas-sarkozy","tag-nouvelle-aquitaine","tag-people","tag-politique","tag-ump","tag-video"],"share_on_mastodon":{"url":"https:\/\/pubeurope.com\/@fr\/116702714777262683","error":""},"_links":{"self":[{"href":"https:\/\/www.europesays.com\/fr\/wp-json\/wp\/v2\/posts\/981815","targetHints":{"allow":["GET"]}}],"collection":[{"href":"https:\/\/www.europesays.com\/fr\/wp-json\/wp\/v2\/posts"}],"about":[{"href":"https:\/\/www.europesays.com\/fr\/wp-json\/wp\/v2\/types\/post"}],"author":[{"embeddable":true,"href":"https:\/\/www.europesays.com\/fr\/wp-json\/wp\/v2\/users\/2"}],"replies":[{"embeddable":true,"href":"https:\/\/www.europesays.com\/fr\/wp-json\/wp\/v2\/comments?post=981815"}],"version-history":[{"count":0,"href":"https:\/\/www.europesays.com\/fr\/wp-json\/wp\/v2\/posts\/981815\/revisions"}],"wp:featuredmedia":[{"embeddable":true,"href":"https:\/\/www.europesays.com\/fr\/wp-json\/wp\/v2\/media\/981816"}],"wp:attachment":[{"href":"https:\/\/www.europesays.com\/fr\/wp-json\/wp\/v2\/media?parent=981815"}],"wp:term":[{"taxonomy":"category","embeddable":true,"href":"https:\/\/www.europesays.com\/fr\/wp-json\/wp\/v2\/categories?post=981815"},{"taxonomy":"post_tag","embeddable":true,"href":"https:\/\/www.europesays.com\/fr\/wp-json\/wp\/v2\/tags?post=981815"}],"curies":[{"name":"wp","href":"https:\/\/api.w.org\/{rel}","templated":true}]}}