{"id":98208,"date":"2025-05-14T01:51:10","date_gmt":"2025-05-14T01:51:10","guid":{"rendered":"https:\/\/www.europesays.com\/fr\/98208\/"},"modified":"2025-05-14T01:51:10","modified_gmt":"2025-05-14T01:51:10","slug":"un-canard-flashe-en-exces-de-vitesse-par-un-radar","status":"publish","type":"post","link":"https:\/\/www.europesays.com\/fr\/98208\/","title":{"rendered":"un canard flash\u00e9 en exc\u00e8s de vitesse par un radar"},"content":{"rendered":"<p class=\"fig-paragraph\">Un canard volant \u00e0 une vitesse excessive a \u00e9t\u00e9 flash\u00e9 par un\u00a0<a href=\"http:\/\/www.lefigaro.fr\/automobile\/une-voiture-sur-trois-se-fait-flasher-le-radar-poubelle-seme-la-panique-chez-les-automobilistes-20250426\" data-fig-type=\"Article\" data-gtm-custom-categorie=\"navigation\" data-gtm-custom-action=\"crossclick\" data-gtm-custom-label=\"Contextuel\" data-gtm-event=\"customEventSPE\" data-fig-domain=\"LEFIGARO\" target=\"_blank\" rel=\"noopener\">radar<\/a>\u00a0dans le centre de la\u00a0<a href=\"http:\/\/www.lefigaro.fr\/conso\/pour-eviter-une-penurie-la-suisse-va-faciliter-l-importation-de-10-000-tonnes-supplementaires-d-oeufs-20250430\" data-fig-type=\"NewsFlash\" data-gtm-custom-categorie=\"navigation\" data-gtm-custom-action=\"crossclick\" data-gtm-custom-label=\"Contextuel\" data-gtm-event=\"customEventSPE\" data-fig-domain=\"LEFIGARO\" target=\"_blank\" rel=\"noopener\">Suisse<\/a>, des images qui ont r\u00e9v\u00e9l\u00e9 qu&rsquo;il pourrait s&rsquo;agir d&rsquo;un r\u00e9cidiviste, ont indiqu\u00e9 les autorit\u00e9s locales.<\/p>\n<p class=\"fig-paragraph\">Les policiers de la ville de Konzig, pr\u00e8s de Berne, ont \u00e9t\u00e9 stup\u00e9faits lorsqu&rsquo;ils ont d\u00e9couvert, en visionnant des images radar prises le 13 avril, qu&rsquo;un colvert faisait partie des contrevenants rep\u00e9r\u00e9s par le syst\u00e8me de contr\u00f4le de vitesse, a indiqu\u00e9 la municipalit\u00e9 sur sa page Facebook au cours du week-end.<\/p>\n<p>Affaire troublante<\/p>\n<p class=\"fig-paragraph\">Le colvert volait \u00e0 52 kilom\u00e8tres \u00e0 l&rsquo;heure dans une zone o\u00f9 la vitesse est limit\u00e9e \u00e0 30 km\/h, a pr\u00e9cis\u00e9 la municipalit\u00e9. Mais l&rsquo;affaire, rapport\u00e9e lundi par le journal Berner Zeitung, est devenue particuli\u00e8rement troublante.<\/p>\n<p class=\"fig-paragraph\">Il s&rsquo;est av\u00e9r\u00e9 qu&rsquo;il y a sept ans, exactement \u00e0 la m\u00eame date et au m\u00eame endroit, un canard volant \u00e0 cette m\u00eame vitesse de 52 km\/h avait \u00e9t\u00e9 flash\u00e9 par un radar, a indiqu\u00e9 la municipalit\u00e9, qui s&rsquo;est demand\u00e9 s&rsquo;il ne s&rsquo;agissait pas d&rsquo;un canular ou d&rsquo;une image manipul\u00e9e.<\/p>\n<p class=\"fig-paragraph\">Interrog\u00e9e sur ces soup\u00e7ons, la police a assur\u00e9 qu&rsquo;il \u00e9tait impossible de manipuler les images ou le syst\u00e8me radar. Les syst\u00e8mes informatiques sont calibr\u00e9s et test\u00e9s chaque ann\u00e9e par l&rsquo;Institut f\u00e9d\u00e9ral suisse de m\u00e9trologie et les photographies sont scell\u00e9es, a expliqu\u00e9 ma municipalit\u00e9 dans son post.<\/p>\n","protected":false},"excerpt":{"rendered":"Un canard volant \u00e0 une vitesse excessive a \u00e9t\u00e9 flash\u00e9 par un\u00a0radar\u00a0dans le centre de la\u00a0Suisse, des images&hellip;\n","protected":false},"author":2,"featured_media":98209,"comment_status":"","ping_status":"","sticky":false,"template":"","format":"standard","meta":{"footnotes":""},"categories":[5],"tags":[1111,47,11,1109,1112,118,1108,107,1106,1107,1011,27,1110,1114,14,12,1113,316,6957,28],"class_list":{"0":"post-98208","1":"post","2":"type-post","3":"status-publish","4":"format-standard","5":"has-post-thumbnail","7":"category-international","8":"tag-actu","9":"tag-actualite","10":"tag-actualites","11":"tag-breves","12":"tag-depeches","13":"tag-faits-divers","14":"tag-fil","15":"tag-fil-info","16":"tag-flash","17":"tag-flash-actu","18":"tag-fr","19":"tag-france","20":"tag-informations","21":"tag-infos","22":"tag-international","23":"tag-news","24":"tag-nouvelles","25":"tag-politique","26":"tag-radars","27":"tag-world"},"share_on_mastodon":{"url":"https:\/\/pubeurope.com\/@fr\/114503685533115644","error":""},"_links":{"self":[{"href":"https:\/\/www.europesays.com\/fr\/wp-json\/wp\/v2\/posts\/98208","targetHints":{"allow":["GET"]}}],"collection":[{"href":"https:\/\/www.europesays.com\/fr\/wp-json\/wp\/v2\/posts"}],"about":[{"href":"https:\/\/www.europesays.com\/fr\/wp-json\/wp\/v2\/types\/post"}],"author":[{"embeddable":true,"href":"https:\/\/www.europesays.com\/fr\/wp-json\/wp\/v2\/users\/2"}],"replies":[{"embeddable":true,"href":"https:\/\/www.europesays.com\/fr\/wp-json\/wp\/v2\/comments?post=98208"}],"version-history":[{"count":0,"href":"https:\/\/www.europesays.com\/fr\/wp-json\/wp\/v2\/posts\/98208\/revisions"}],"wp:featuredmedia":[{"embeddable":true,"href":"https:\/\/www.europesays.com\/fr\/wp-json\/wp\/v2\/media\/98209"}],"wp:attachment":[{"href":"https:\/\/www.europesays.com\/fr\/wp-json\/wp\/v2\/media?parent=98208"}],"wp:term":[{"taxonomy":"category","embeddable":true,"href":"https:\/\/www.europesays.com\/fr\/wp-json\/wp\/v2\/categories?post=98208"},{"taxonomy":"post_tag","embeddable":true,"href":"https:\/\/www.europesays.com\/fr\/wp-json\/wp\/v2\/tags?post=98208"}],"curies":[{"name":"wp","href":"https:\/\/api.w.org\/{rel}","templated":true}]}}