{"id":9821,"date":"2025-04-08T09:15:06","date_gmt":"2025-04-08T09:15:06","guid":{"rendered":"https:\/\/www.europesays.com\/fr\/9821\/"},"modified":"2025-04-08T09:15:06","modified_gmt":"2025-04-08T09:15:06","slug":"microplastiques-dans-la-loire-une-ressource-indispensable-pour-leau-potable","status":"publish","type":"post","link":"https:\/\/www.europesays.com\/fr\/9821\/","title":{"rendered":"Microplastiques dans la Loire\u00a0: une ressource indispensable pour l\u2019eau potable"},"content":{"rendered":"<p>Les deux tiers de <a href=\"https:\/\/nantes.maville.com\/info\/info-locale\/dou-vient-leau-qui-coule-de-notre-robinet-0cef7132-fbff-11ef-84e6-97a4d0833d6\" target=\"_self\" rel=\"noopener\">l\u2019eau du robinet consomm\u00e9e en Loire-Atlantique<\/a> proviennent de <a href=\"https:\/\/nantes.maville.com\/actu\/actudet_-la-loire-et-les-grands-fleuves-europeens-envahis-par-les-microplastiques-_8-6754337_actu.Htm\" target=\"_self\" rel=\"noopener\">la Loire qui compte parmi les grands fleuves europ\u00e9ens envahis par les microplastiques<\/a>. Dans la seule m\u00e9tropole nantaise, cela concerne 550\u00a0000\u00a0habitants.<\/p>\n<p>\u00c0 l\u2019\u00e9chelle de l\u2019agglom\u00e9ration nazairienne, la part de l\u2019eau distribu\u00e9e qui a \u00e9t\u00e9 pr\u00e9lev\u00e9e dans le fleuve est de 27\u00a0%\u00a0; elle est de 17\u00a0% dans la r\u00e9gion de La Baule. Partout ailleurs dans le d\u00e9partement qui d\u00e9pend d\u2019Atlantic\u2019eau, le pourcentage tourne autour de 70\u00a0%.<\/p>\n<p><strong>\u00c0 LIRE AUSSI :<\/strong>\u00a0<a href=\"https:\/\/www.ouest-france.fr\/premium\/la-selection\/enquete-eau-po-e759c7cb-d75b-466e-baec-f13977fcb55b\" target=\"_self\" rel=\"noopener\">Notre enqu\u00eate : que contient l\u2019eau de nos robinets ?<\/a><\/p>\n<p>Une s\u00e9rie de traitements<\/p>\n<p>\u00ab\u00a0La ressource peut \u00e9voluer en fonction des contextes de la saison, des niveaux d\u2019eau et du d\u00e9bit de la Loire\u00a0\u00bb, expliquait au mois de mars \u00e0 Presse Oc\u00e9an Fr\u00e9d\u00e9ric Gingue, responsable des installations eau potable chez Veolia pour le compte d\u2019Atlantic\u2019eau. \u00ab\u00a0Chaque m\u00e8tre cube d\u2019eau pomp\u00e9e est soigneusement compt\u00e9, pr\u00e9cisait Jacques Praud, maire de La Roche-Blanche et vice-pr\u00e9sident d\u2019Atlantic\u2019eau. Nous versons une redevance pour chaque litre pomp\u00e9 dans la Loire.\u00a0  <\/p>\n<p>Avant d\u2019\u00eatre distribu\u00e9e, l\u2019eau de la Loire subit toute une s\u00e9rie de traitements qui permettrait d\u2019\u00e9liminer <a href=\"https:\/\/nantes.maville.com\/actu\/actudet_-comment-sont-traites-les-microplastiques-dans-les-eaux-usees-_8-6754703_actu.Htm\" target=\"_self\" rel=\"noopener\">la grande majorit\u00e9 des microplastiques.<\/a><\/p>\n<p>\u00a0<\/p>\n","protected":false},"excerpt":{"rendered":"Les deux tiers de l\u2019eau du robinet consomm\u00e9e en Loire-Atlantique proviennent de la Loire qui compte parmi les&hellip;\n","protected":false},"author":2,"featured_media":9822,"comment_status":"","ping_status":"","sticky":false,"template":"","format":"standard","meta":{"footnotes":""},"categories":[2818],"tags":[1111,11,4858,1777,674,1011,27,4857,3367,4855,766,12,2636,4859,25,4856],"class_list":{"0":"post-9821","1":"post","2":"type-post","3":"status-publish","4":"format-standard","5":"has-post-thumbnail","7":"category-nantes","8":"tag-actu","9":"tag-actualites","10":"tag-eau","11":"tag-eu","12":"tag-europe","13":"tag-fr","14":"tag-france","15":"tag-indispensable","16":"tag-loire","17":"tag-microplastiques","18":"tag-nantes","19":"tag-news","20":"tag-pays-de-la-loire","21":"tag-potable","22":"tag-republique-francaise","23":"tag-ressource"},"share_on_mastodon":{"url":"https:\/\/pubeurope.com\/@fr\/114301588226569869","error":""},"_links":{"self":[{"href":"https:\/\/www.europesays.com\/fr\/wp-json\/wp\/v2\/posts\/9821","targetHints":{"allow":["GET"]}}],"collection":[{"href":"https:\/\/www.europesays.com\/fr\/wp-json\/wp\/v2\/posts"}],"about":[{"href":"https:\/\/www.europesays.com\/fr\/wp-json\/wp\/v2\/types\/post"}],"author":[{"embeddable":true,"href":"https:\/\/www.europesays.com\/fr\/wp-json\/wp\/v2\/users\/2"}],"replies":[{"embeddable":true,"href":"https:\/\/www.europesays.com\/fr\/wp-json\/wp\/v2\/comments?post=9821"}],"version-history":[{"count":0,"href":"https:\/\/www.europesays.com\/fr\/wp-json\/wp\/v2\/posts\/9821\/revisions"}],"wp:featuredmedia":[{"embeddable":true,"href":"https:\/\/www.europesays.com\/fr\/wp-json\/wp\/v2\/media\/9822"}],"wp:attachment":[{"href":"https:\/\/www.europesays.com\/fr\/wp-json\/wp\/v2\/media?parent=9821"}],"wp:term":[{"taxonomy":"category","embeddable":true,"href":"https:\/\/www.europesays.com\/fr\/wp-json\/wp\/v2\/categories?post=9821"},{"taxonomy":"post_tag","embeddable":true,"href":"https:\/\/www.europesays.com\/fr\/wp-json\/wp\/v2\/tags?post=9821"}],"curies":[{"name":"wp","href":"https:\/\/api.w.org\/{rel}","templated":true}]}}