{"id":98234,"date":"2025-05-14T02:11:10","date_gmt":"2025-05-14T02:11:10","guid":{"rendered":"https:\/\/www.europesays.com\/fr\/98234\/"},"modified":"2025-05-14T02:11:10","modified_gmt":"2025-05-14T02:11:10","slug":"anne-plichota-cendrine-wolf-en-dedicace-a-la-fnac-strasbourg","status":"publish","type":"post","link":"https:\/\/www.europesays.com\/fr\/98234\/","title":{"rendered":"Anne Plichota &#038; Cendrine Wolf en d\u00e9dicace \u00e0 la Fnac Strasbourg"},"content":{"rendered":"<p>Les autrices seront accueillies \u00e0 la Fnac Strasbourg \u00e0 l\u2019occasion d\u2019une s\u00e9ance de d\u00e9dicace organis\u00e9e pour la sortie du dernier tome de leur saga adolescente \u00ab Oksa Pollock \u2013 L\u2019ultime esp\u00e9rance \u00bb (parution le 28 mai 2025, Xo \u00c9ditions).<\/p>\n<p>                            <strong>Rendez-vous le mercredi 4 juin \u00e0 18h pour la s\u00e9ance de d\u00e9dicaces avec les autrices.<\/strong><\/p>\n<p>Avec\u00a0L\u2019Ultime esp\u00e9rance, Anne Plichota et Cendrine Wolf signent le dernier opus d\u2019une saga de l\u00e9gende qui a conquis des millions de lecteurs \u00e0 travers le monde.<\/p>\n<p><strong>Rejoignez Oksa et les Sauve-Qui-Peut, les habitants des deux Mondes et les cr\u00e9atures extravagantes d\u2019\u00c9d\u00e9fia pour un final plein de surprises\u2026<\/strong><\/p>\n<p>\u00ab\u00a0La v\u00e9n\u00e9rable Baba Pollock saisit la main d\u2019Oksa et lui murmura ces mots :<\/p>\n<p>\u00a0\u00bb Si nous n\u2019avions pas esp\u00e9r\u00e9, nous n\u2019aurions pas v\u00e9cu. Je ne sais pas de quoi demain sera fait. Je sais seulement que la vie rec\u00e8le bonheurs et malheurs, beaut\u00e9s et laideurs, bont\u00e9s et infamies, et que tout cela s\u2019\u00e9quilibre gr\u00e2ce \u00e0 l\u2019espoir ! Retrouve l\u2019esp\u00e9rance, ma Douchka ! \u00a0\u00bb \u00bb.<\/p>\n<p>Une s\u00e9rie culte dont les h\u00e9ros, malgr\u00e9 les \u00e9preuves et les s\u00e9parations, sont port\u00e9s par le courage, la force et un in\u00e9puisable espoir.<\/p>\n<p><strong>Anne Plichota &amp; Cendrine Wolf<\/strong><\/p>\n<p>Anne Plichota et Cendrine Wolf sont deux romanci\u00e8res qui \u00e9crivent en tandem.\u00a0Elles sont notamment connues pour leur s\u00e9rie Oksa Pollock, une s\u00e9rie de livres fantastiques en sept volumes dont le premier tome est sorti au printemps 2010. Le premier tome de la s\u00e9rie a re\u00e7u le prix Ados 2012 et le prix de la ville de Vienne (Autriche), et deux romans de la s\u00e9rie \u2013\u00a0L\u2019Inesp\u00e9r\u00e9e\u00a0(2013),\u00a0L\u2019Ennemi\u00a0(2016) \u2013 ont \u00e9t\u00e9 adaptat\u00e9s en bande dessin\u00e9e (avec la participation de \u00c9ric Corbeyran et les dessins de Nauriel).\u00a0Oksa Pollock connait un franc succ\u00e8s avec 700 000 ouvrages vendus en France et des traductions en 27 langues.<\/p>\n<p>Elles ont \u00e9galement \u00e9crit la trilogie Tugdual\u00a0(2014-2015), des diptyques Susan Hopper\u00a0(2013, 2016), Les 5\/5\u00a0(2017, 2018), Homer Pym (2019, 2020), Le R\u00eave d\u2019un autre monde\u00a0(2021) et du roman Les C\u0153urs aimants\u00a0(2018).\u00a0Elles obtiennent le prix Ados 2019 de la m\u00e9diath\u00e8que de Pornichet pour Les 5\/5, ainsi que le Prix du livre jeunesse engag\u00e9 pour la plan\u00e8te au Festival de Mouans-Sartoux en 2021 pour le diptyque Le r\u00eave d\u2019un autre monde.<\/p>\n<p>Avec La d\u00e9mesure du d\u00e9sir (2022), publi\u00e9 sous le pseudonyme d\u2019Octavia Polk, elles signent leur premier roman adulte.<\/p>\n<p style=\"text-align: center;\">*\u00c9v\u00e9nement gratuit, acc\u00e8s dans la limite des places disponibles<\/p>\n<p>        <img decoding=\"async\" src=\"https:\/\/www.europesays.com\/fr\/wp-content\/uploads\/2025\/04\/logo-rse.png\" alt=\"Logo RSE\" loading=\"lazy\" width=\"84\" height=\"116\"\/><\/p>\n<p>\n        La Fnac s\u2019engage activement dans les initiatives de responsabilit\u00e9 soci\u00e9tale des entreprises (RSE).\n    <\/p>\n<p>\n        Aidez-nous en choisissant la mobilit\u00e9 douce en privil\u00e9giant par exemple le v\u00e9lo (pistes cyclables et stationnements \u00e0 disposition), les transports en commun ou le covoiturage pour nous rejoindre. Ainsi, vous contribuez \u00e0 r\u00e9duire les \u00e9missions de gaz \u00e0 effet de serre et \u00e0 am\u00e9liorer notre qualit\u00e9 de l\u2019air. Pour plus d\u2019information, consultez la fiche du magasin.<br \/>Tous nos \u00e9v\u00e8nements sont en acc\u00e8s gratuit, dans la limite des places disponibles.\n    <\/p>\n","protected":false},"excerpt":{"rendered":"Les autrices seront accueillies \u00e0 la Fnac Strasbourg \u00e0 l\u2019occasion d\u2019une s\u00e9ance de d\u00e9dicace organis\u00e9e pour la sortie&hellip;\n","protected":false},"author":2,"featured_media":98235,"comment_status":"","ping_status":"","sticky":false,"template":"","format":"standard","meta":{"footnotes":""},"categories":[2820],"tags":[1111,21229,11,21230,1777,674,9391,1011,27,775,12,25,21231,10600,640,21232],"class_list":{"0":"post-98234","1":"post","2":"type-post","3":"status-publish","4":"format-standard","5":"has-post-thumbnail","7":"category-strasbourg","8":"tag-actu","9":"tag-actualite-roman-fantasy","10":"tag-actualites","11":"tag-aksa-pollock","12":"tag-eu","13":"tag-europe","14":"tag-evenement-fnac-gratuit","15":"tag-fr","16":"tag-france","17":"tag-grand-est","18":"tag-news","19":"tag-republique-francaise","20":"tag-roman-adolescent","21":"tag-saga","22":"tag-strasbourg","23":"tag-xo"},"share_on_mastodon":{"url":"https:\/\/pubeurope.com\/@fr\/114503764126018568","error":""},"_links":{"self":[{"href":"https:\/\/www.europesays.com\/fr\/wp-json\/wp\/v2\/posts\/98234","targetHints":{"allow":["GET"]}}],"collection":[{"href":"https:\/\/www.europesays.com\/fr\/wp-json\/wp\/v2\/posts"}],"about":[{"href":"https:\/\/www.europesays.com\/fr\/wp-json\/wp\/v2\/types\/post"}],"author":[{"embeddable":true,"href":"https:\/\/www.europesays.com\/fr\/wp-json\/wp\/v2\/users\/2"}],"replies":[{"embeddable":true,"href":"https:\/\/www.europesays.com\/fr\/wp-json\/wp\/v2\/comments?post=98234"}],"version-history":[{"count":0,"href":"https:\/\/www.europesays.com\/fr\/wp-json\/wp\/v2\/posts\/98234\/revisions"}],"wp:featuredmedia":[{"embeddable":true,"href":"https:\/\/www.europesays.com\/fr\/wp-json\/wp\/v2\/media\/98235"}],"wp:attachment":[{"href":"https:\/\/www.europesays.com\/fr\/wp-json\/wp\/v2\/media?parent=98234"}],"wp:term":[{"taxonomy":"category","embeddable":true,"href":"https:\/\/www.europesays.com\/fr\/wp-json\/wp\/v2\/categories?post=98234"},{"taxonomy":"post_tag","embeddable":true,"href":"https:\/\/www.europesays.com\/fr\/wp-json\/wp\/v2\/tags?post=98234"}],"curies":[{"name":"wp","href":"https:\/\/api.w.org\/{rel}","templated":true}]}}