{"id":98268,"date":"2025-05-14T02:31:11","date_gmt":"2025-05-14T02:31:11","guid":{"rendered":"https:\/\/www.europesays.com\/fr\/98268\/"},"modified":"2025-05-14T02:31:11","modified_gmt":"2025-05-14T02:31:11","slug":"monaco-se-rebiffe-paris-rate-le-coche","status":"publish","type":"post","link":"https:\/\/www.europesays.com\/fr\/98268\/","title":{"rendered":"Monaco se rebiffe, Paris rate le coche"},"content":{"rendered":"<p>Au lendemain de la d\u00e9faite de l\u2019Asvel, fortunes diverses pour les Mon\u00e9gasques et les Parisiens ce mardi, en match en retard du championnat de France.<\/p>\n<p class=\"fig-paragraph\">Suspense pour la premi\u00e8re place: Monaco, Paris et l\u2019Asvel comptent le m\u00eame bilan en t\u00eate de Betclic Elite avant la derni\u00e8re journ\u00e9e de la saison r\u00e9guli\u00e8re, samedi, \u00e0 l\u2019issue des matches en retard disput\u00e9s mardi. Apr\u00e8s\u00a0<a href=\"http:\/\/www.lefigaro.fr\/sports\/basket\/basket-l-asvel-battu-au-mans-et-rate-le-coche-20250513\" data-fig-type=\"NewsFlash\" data-gtm-custom-categorie=\"navigation\" data-gtm-custom-action=\"crossclick\" data-gtm-custom-label=\"Contextuel\" data-gtm-event=\"customEventSPE\" data-fig-domain=\"LEFIGARO\" target=\"_blank\" rel=\"noopener\">le faux pas des Villeurbannais lundi au Mans (97-80)<\/a>, les Parisiens avaient l\u2019occasion de prendre seuls la t\u00eate du championnat et donc d\u2019avoir leur destin en mains dans la course \u00e0 la premi\u00e8re place, synonyme d\u2019avantage du terrain jusqu\u2019au bout des play-offs.<\/p>\n<p class=\"fig-paragraph\">Mais eux aussi se sont pris les pieds dans le tapis, \u00e0 domicile contre Dijon (95-96). Malgr\u00e9 une remont\u00e9e (14 points de retard \u00e0 4 min 30 sec de la fin) lanc\u00e9e par Nadir Hifi (19 pts dont 9 de suite dans le dernier quart-temps), mais inachev\u00e9e apr\u00e8s une faute offensive siffl\u00e9e contre\u00a0<a href=\"http:\/\/www.lefigaro.fr\/sports\/basket\/nba\/nba-apres-le-paris-basketball-tj-shorts-en-route-pour-memphis-20250514\" data-fig-type=\"NewsFlash\" data-gtm-custom-categorie=\"navigation\" data-gtm-custom-action=\"crossclick\" data-gtm-custom-label=\"Contextuel\" data-gtm-event=\"customEventSPE\" data-fig-domain=\"LEFIGARO\" target=\"_blank\" rel=\"noopener\">TJ Shorts &#8211; dont le nom est \u00e9voqu\u00e9 en NBA<\/a>\u00a0&#8211; sur la balle de match \u00e0 une poign\u00e9e de secondes du buzzer.<\/p>\n<p class=\"fig-paragraph\">Ces deux d\u00e9faites profitent \u00e0 Monaco.\u00a0<a href=\"http:\/\/www.lefigaro.fr\/sports\/basket\/basket-monaco-lourdement-battu-par-bourg-en-bresse-20250511\" data-fig-type=\"NewsFlash\" data-gtm-custom-categorie=\"navigation\" data-gtm-custom-action=\"crossclick\" data-gtm-custom-label=\"Contextuel\" data-gtm-event=\"customEventSPE\" data-fig-domain=\"LEFIGARO\" target=\"_blank\" rel=\"noopener\">Deux jours apr\u00e8s avoir \u00e9t\u00e9 gifl\u00e9e \u00e0 domicile par Bourg-en-Bresse (100-73)<\/a>, l\u2019ASM s\u2019est veng\u00e9e, malgr\u00e9 l\u2019absence de Daniel Theis, Mike James (m\u00e9nag\u00e9s en vue du Final Four de l\u2019Euroligue la semaine prochaine) et de son entra\u00eeneur Vassilis Spanoulis (suspendu), en allant \u00e9triller La Rochelle (86-48), lanterne rouge d\u00e9j\u00e0 rel\u00e9gu\u00e9e.<\/p>\n<p>Avantage Asvel<\/p>\n<p class=\"fig-paragraph\">Les trois \u00e9quipes engag\u00e9es en Euroligue cette saison comptent 22 victoires avant la derni\u00e8re journ\u00e9e, samedi (18h00). Avantage cependant \u00e0 l\u2019Asvel, en t\u00eate \u00e0 la diff\u00e9rence particuli\u00e8re (devant Paris et Monaco) et qui recevra (Dijon) quand ses deux concurrents se d\u00e9placeront (Monaco \u00e0 Chalon et Paris \u00e0 Nancy).<\/p>\n<p class=\"fig-paragraph\">Dans cette lutte incroyablement serr\u00e9e pour l\u2019avantage du terrain, en finale et m\u00eame en demies puisque le deuxi\u00e8me et le troisi\u00e8me sont plac\u00e9s dans la m\u00eame moiti\u00e9 de tableau, Villeurbannais, Parisiens et Mon\u00e9gasques affronteront tous une \u00e9quipe concern\u00e9e par la course des barrages (7e \u00e0 10e place). Dijon (7e, 15 victoires), adroit \u00e0 trois points mardi (13\/30), est assur\u00e9 de disputer au moins le premier barrage (7e contre 8e), gr\u00e2ce \u00e0 sa victoire d\u2019avance sur Chalon (8e) et Nancy (9e) et sa diff\u00e9rence particuli\u00e8re.<\/p>\n","protected":false},"excerpt":{"rendered":"Au lendemain de la d\u00e9faite de l\u2019Asvel, fortunes diverses pour les Mon\u00e9gasques et les Parisiens ce mardi, en&hellip;\n","protected":false},"author":2,"featured_media":98269,"comment_status":"","ping_status":"","sticky":false,"template":"","format":"standard","meta":{"footnotes":""},"categories":[1888],"tags":[11,7540,2190,1465,1464,2180,2192,814,64,1777,450,2183,674,1011,27,2191,2193,820,2181,2182,12,626,2179,2189,2186,2184,2185,25,1980,2188,2187],"class_list":{"0":"post-98268","1":"post","2":"type-post","3":"status-publish","4":"format-standard","5":"has-post-thumbnail","7":"category-paris","8":"tag-actualites","9":"tag-as-monaco-basket","10":"tag-asvel","11":"tag-basket","12":"tag-basketball","13":"tag-championnats-deurope","14":"tag-cholet","15":"tag-direct","16":"tag-equipe-de-france","17":"tag-eu","18":"tag-euro","19":"tag-euroligue","20":"tag-europe","21":"tag-fr","22":"tag-france","23":"tag-le-mans","24":"tag-limoges","25":"tag-live","26":"tag-mondial","27":"tag-nba","28":"tag-news","29":"tag-paris","30":"tag-paris-basketball","31":"tag-photos","32":"tag-play-offs","33":"tag-pro-a","34":"tag-pro-b","35":"tag-republique-francaise","36":"tag-resultats","37":"tag-statistiques","38":"tag-stats"},"share_on_mastodon":{"url":"https:\/\/pubeurope.com\/@fr\/114503843670949900","error":""},"_links":{"self":[{"href":"https:\/\/www.europesays.com\/fr\/wp-json\/wp\/v2\/posts\/98268","targetHints":{"allow":["GET"]}}],"collection":[{"href":"https:\/\/www.europesays.com\/fr\/wp-json\/wp\/v2\/posts"}],"about":[{"href":"https:\/\/www.europesays.com\/fr\/wp-json\/wp\/v2\/types\/post"}],"author":[{"embeddable":true,"href":"https:\/\/www.europesays.com\/fr\/wp-json\/wp\/v2\/users\/2"}],"replies":[{"embeddable":true,"href":"https:\/\/www.europesays.com\/fr\/wp-json\/wp\/v2\/comments?post=98268"}],"version-history":[{"count":0,"href":"https:\/\/www.europesays.com\/fr\/wp-json\/wp\/v2\/posts\/98268\/revisions"}],"wp:featuredmedia":[{"embeddable":true,"href":"https:\/\/www.europesays.com\/fr\/wp-json\/wp\/v2\/media\/98269"}],"wp:attachment":[{"href":"https:\/\/www.europesays.com\/fr\/wp-json\/wp\/v2\/media?parent=98268"}],"wp:term":[{"taxonomy":"category","embeddable":true,"href":"https:\/\/www.europesays.com\/fr\/wp-json\/wp\/v2\/categories?post=98268"},{"taxonomy":"post_tag","embeddable":true,"href":"https:\/\/www.europesays.com\/fr\/wp-json\/wp\/v2\/tags?post=98268"}],"curies":[{"name":"wp","href":"https:\/\/api.w.org\/{rel}","templated":true}]}}