{"id":98274,"date":"2025-05-14T02:34:12","date_gmt":"2025-05-14T02:34:12","guid":{"rendered":"https:\/\/www.europesays.com\/fr\/98274\/"},"modified":"2025-05-14T02:34:12","modified_gmt":"2025-05-14T02:34:12","slug":"trump-cree-la-surprise-en-levant-les-sanctions-des-etats-unis-contre-damas","status":"publish","type":"post","link":"https:\/\/www.europesays.com\/fr\/98274\/","title":{"rendered":"Trump cr\u00e9e la surprise en levant les sanctions des Etats-Unis contre Damas"},"content":{"rendered":"<p>C\u2019est une petite surprise venue d\u2019<a href=\"https:\/\/www.20minutes.fr\/monde\/arabie_saoudite\/\" target=\"_blank\" class=\"color-ultramarine c-link\" rel=\"nofollow noopener\">Arabie saoudite<\/a> o\u00f9 se trouve actuellement Donald Trump. Le locataire de la Maison-Blanche a annonc\u00e9 mardi depuis Riyad qu\u2019il levait les sanctions am\u00e9ricaines contre la <a href=\"https:\/\/www.20minutes.fr\/monde\/syrie\/\" target=\"_blank\" class=\"color-ultramarine c-link\" rel=\"nofollow noopener\">Syrie<\/a>, \u00e0 la veille de rencontrer au moins bri\u00e8vement le pr\u00e9sident syrien Ahmad al-Chareh.<\/p>\n<p>\u00ab\u00a0Je vais ordonner l\u2019arr\u00eat des sanctions contre la Syrie pour leur donner une chance de grandeur\u00a0\u00bb, a justifi\u00e9 le pr\u00e9sident am\u00e9ricain, indiquant \u00eatre parvenu \u00e0 cette d\u00e9cision apr\u00e8s des demandes pressantes de son h\u00f4te, le prince h\u00e9ritier saoudien <a href=\"https:\/\/www.20minutes.fr\/politique\/mohammed-ben-salmane\/\" target=\"_blank\" class=\"color-ultramarine c-link\" rel=\"nofollow noopener\">Mohammed ben Salmane<\/a>. Damas s\u2019est f\u00e9licit\u00e9 d\u2019un \u00ab\u00a0tournant d\u00e9cisif\u00a0\u00bb.<\/p>\n<p>Des critiques contre la classe politique am\u00e9ricaine<\/p>\n<p>En visite d\u2019\u00c9tat en Arabie saoudite, principalement destin\u00e9e \u00e0 s\u00e9curiser des investissements de plusieurs milliards de dollars, <a href=\"https:\/\/www.20minutes.fr\/dossier\/donald_trump\" target=\"_blank\" class=\"color-ultramarine c-link\" rel=\"nofollow noopener\">Donald Trump<\/a> a critiqu\u00e9 \u00e0 la fois la gauche et la droite am\u00e9ricaines, qu\u2019il accuse d\u2019avoir men\u00e9 des interventions sous couvert de \u00ab\u00a0construction nationale\u00a0\u00bb mais d\u2019avoir \u00ab\u00a0d\u00e9truit bien plus de pays qu\u2019ils n\u2019en ont construits\u00a0\u00bb.<\/p>\n<\/p>\n<p>Dans son annonce la plus marquante, il a donc d\u00e9clar\u00e9 mettre fin au large \u00e9ventail de sanctions am\u00e9ricaines contre la Syrie, en vigueur depuis des d\u00e9cennies et fortement renforc\u00e9es sous le pouvoir de <a href=\"https:\/\/www.20minutes.fr\/monde\/bachar_el_assad\/\" target=\"_blank\" class=\"color-ultramarine c-link\" rel=\"nofollow noopener\">Bachar al-Assad<\/a>, renvers\u00e9 en d\u00e9cembre par des forces islamistes. Le pr\u00e9sident am\u00e9ricain a aussi \u00ab\u00a0accept\u00e9 de saluer\u00a0\u00bb Ahmad al-Chareh, ce mercredi pendant sa visite officielle \u00e0 Riyad, a fait savoir un haut responsable am\u00e9ricain.<\/p>\n<p>La Syrie ravag\u00e9e par des ann\u00e9es de guerre civile<\/p>\n<p>Ahmad al-Chareh, nomm\u00e9 pr\u00e9sident par int\u00e9rim apr\u00e8s la chute de Bachar al-Assad d\u00e9ploie d\u00e9sormais une intense activit\u00e9 diplomatique, aupr\u00e8s des pays arabes mais aussi europ\u00e9ens. La br\u00e8ve rencontre aura lieu malgr\u00e9 les r\u00e9ticences d\u2019Isra\u00ebl, alli\u00e9 des <a href=\"https:\/\/www.20minutes.fr\/monde\/etats-unis\/\" target=\"_blank\" class=\"color-ultramarine c-link\" rel=\"nofollow noopener\">Etats-Unis<\/a>, quant \u00e0 l\u2019\u00e9volution de la situation en Syrie o\u00f9 l\u2019arm\u00e9e isra\u00e9lienne poursuit les frappes qu\u2019elle menait contre le pr\u00e9c\u00e9dent pouvoir.<\/p>\n<p><a href=\"https:\/\/www.20minutes.fr\/monde\/syrie\/\" target=\"_blank\" class=\"c-link c-btn c-btn--primary\" rel=\"nofollow noopener\">Notre dossier sur la Syrie<\/a><\/p>\n<p>Les nouvelles autorit\u00e9s islamistes syriennes cherchent \u00e0 reconstruire le pays ravag\u00e9 par pr\u00e8s de 14 ann\u00e9es de guerre civile, d\u00e9clench\u00e9e en\u00a02011 par la r\u00e9pression de manifestations prod\u00e9mocratie, et r\u00e9clament la lev\u00e9e des sanctions internationales datant de l\u2019\u00e9poque Assad. Avant l\u2019annonce de Donald Trump, l\u2019Union europ\u00e9enne, le Royaume-Uni et le Canada avaient d\u00e9j\u00e0 assoupli leurs sanctions, intensifi\u00e9es pendant la guerre civile syrienne.<\/p>\n","protected":false},"excerpt":{"rendered":"C\u2019est une petite surprise venue d\u2019Arabie saoudite o\u00f9 se trouve actuellement Donald Trump. Le locataire de la Maison-Blanche&hellip;\n","protected":false},"author":2,"featured_media":98275,"comment_status":"","ping_status":"","sticky":false,"template":"","format":"standard","meta":{"footnotes":""},"categories":[1589],"tags":[47,11,4947,75,73,1866,664,74,12,32,1864,1865,1863,308],"class_list":{"0":"post-98274","1":"post","2":"type-post","3":"status-publish","4":"format-standard","5":"has-post-thumbnail","7":"category-etats-unis","8":"tag-actualite","9":"tag-actualites","10":"tag-arabie-saoudite","11":"tag-donald-trump","12":"tag-etats-unis","13":"tag-etats-unis-damerique","14":"tag-israel","15":"tag-monde","16":"tag-news","17":"tag-syrie","18":"tag-united-states","19":"tag-united-states-of-america","20":"tag-us","21":"tag-usa"},"share_on_mastodon":{"url":"https:\/\/pubeurope.com\/@fr\/114503854527183029","error":""},"_links":{"self":[{"href":"https:\/\/www.europesays.com\/fr\/wp-json\/wp\/v2\/posts\/98274","targetHints":{"allow":["GET"]}}],"collection":[{"href":"https:\/\/www.europesays.com\/fr\/wp-json\/wp\/v2\/posts"}],"about":[{"href":"https:\/\/www.europesays.com\/fr\/wp-json\/wp\/v2\/types\/post"}],"author":[{"embeddable":true,"href":"https:\/\/www.europesays.com\/fr\/wp-json\/wp\/v2\/users\/2"}],"replies":[{"embeddable":true,"href":"https:\/\/www.europesays.com\/fr\/wp-json\/wp\/v2\/comments?post=98274"}],"version-history":[{"count":0,"href":"https:\/\/www.europesays.com\/fr\/wp-json\/wp\/v2\/posts\/98274\/revisions"}],"wp:featuredmedia":[{"embeddable":true,"href":"https:\/\/www.europesays.com\/fr\/wp-json\/wp\/v2\/media\/98275"}],"wp:attachment":[{"href":"https:\/\/www.europesays.com\/fr\/wp-json\/wp\/v2\/media?parent=98274"}],"wp:term":[{"taxonomy":"category","embeddable":true,"href":"https:\/\/www.europesays.com\/fr\/wp-json\/wp\/v2\/categories?post=98274"},{"taxonomy":"post_tag","embeddable":true,"href":"https:\/\/www.europesays.com\/fr\/wp-json\/wp\/v2\/tags?post=98274"}],"curies":[{"name":"wp","href":"https:\/\/api.w.org\/{rel}","templated":true}]}}