{"id":98278,"date":"2025-05-14T02:36:13","date_gmt":"2025-05-14T02:36:13","guid":{"rendered":"https:\/\/www.europesays.com\/fr\/98278\/"},"modified":"2025-05-14T02:36:13","modified_gmt":"2025-05-14T02:36:13","slug":"les-autorites-prononcent-la-dissolution-dune-association-complotiste-dextreme-droite","status":"publish","type":"post","link":"https:\/\/www.europesays.com\/fr\/98278\/","title":{"rendered":"les autorit\u00e9s prononcent la dissolution d\u2019une association complotiste d&rsquo;extr\u00eame droite"},"content":{"rendered":"<p>Le minist\u00e8re de l&rsquo;Int\u00e9rieur a interdit le groupe \u00ab\u00a0Empire allemand\u00a0\u00bb (\u00ab\u00a0K\u00f6nigsreich Deutschland\u00a0\u00bb), qui fait partie du r\u00e9seau complotiste et extr\u00e9miste \u00ab\u00a0Mouvement des citoyens de l\u2019empire\u00a0\u00bb, d\u00e9sireux de r\u00e9tablir l\u2019empire de 1871. D&rsquo;autres organisations de cette mouvance ont \u00e9galement \u00e9t\u00e9 dissoutes.<\/p>\n<p>D\u00e8s les premi\u00e8res heures de la matin\u00e9e ce mardi, la police perquisitionne au total 14 propri\u00e9t\u00e9s en Saxe, Saxe-Anhalt, Thuringe, Basse-Saxe, Brandebourg et Bade-Wurtemberg.<\/p>\n<p>Le ministre de l&rsquo;Int\u00e9rieur Alexander Dobrindt (CSU) affirme que l&rsquo;action du groupe est \u00ab\u00a0<strong>contraire \u00e0 l&rsquo;ordre constitutionnel<\/strong>\u00a0\u00bb et \u00e0 \u00ab\u00a0l&rsquo;id\u00e9e de compr\u00e9hension entre les peuples\u00a0\u00bb. De plus, leurs activit\u00e9s enfreignent les lois p\u00e9nales. Les biens du groupe sont confisqu\u00e9s.<\/p>\n<p>Le magazine Der Spiegel a rapport\u00e9 que le parquet f\u00e9d\u00e9ral avait arr\u00eat\u00e9 Peter Fitzek, le leader due l&rsquo;association \u00ab\u00a0Empire allemand\u00a0\u00bb, ainsi que trois autres compagnons d&rsquo;armes. Ils sont accus\u00e9s d&rsquo;avoir form\u00e9 une organisation criminelle et d&rsquo;avoir r\u00e9alis\u00e9 des op\u00e9rations bancaires et d&rsquo;assurance ill\u00e9gales.<\/p>\n<p>Peter Fitzek a fond\u00e9 son \u00ab\u00a0Empire\u00a0\u00bb autoproclam\u00e9 en 2012 et s&rsquo;est \u00e9galement fait couronner \u00e0 l&rsquo;\u00e9poque. Ses sujets s&rsquo;adressent \u00e0 lui en l&rsquo;appelant \u00ab\u00a0Roi Peter I\u00a0\u00bb ou \u00ab\u00a0Peter, fils d&rsquo;homme\u00a0\u00bb. L&rsquo;ancien cuisinier et professeur de karat\u00e9 rejette l&rsquo;existence du gouvernement f\u00e9d\u00e9ral et ses lois. Le nombre de ses partisans n&rsquo;est pas clair, on parle d&rsquo;environ 6 000 \u00ab\u00a0sujets\u00a0\u00bb. Les experts estiment toutefois qu&rsquo;ils sont moins nombreux.<\/p>\n","protected":false},"excerpt":{"rendered":"Le minist\u00e8re de l&rsquo;Int\u00e9rieur a interdit le groupe \u00ab\u00a0Empire allemand\u00a0\u00bb (\u00ab\u00a0K\u00f6nigsreich Deutschland\u00a0\u00bb), qui fait partie du r\u00e9seau complotiste&hellip;\n","protected":false},"author":2,"featured_media":98279,"comment_status":"","ping_status":"","sticky":false,"template":"","format":"standard","meta":{"footnotes":""},"categories":[1587],"tags":[11,20594,672,1804,1805,1803,21252,1777,674,1801,1326,7088,12,21058,1802],"class_list":{"0":"post-98278","1":"post","2":"type-post","3":"status-publish","4":"format-standard","5":"has-post-thumbnail","7":"category-allemagne","8":"tag-actualites","9":"tag-alexander-dobrindt","10":"tag-allemagne","11":"tag-bundesrepublik-deutschland","12":"tag-de","13":"tag-deutschland","14":"tag-empire-allemand","15":"tag-eu","16":"tag-europe","17":"tag-germany","18":"tag-gouvernement-federal","19":"tag-ministre-de-linterieur","20":"tag-news","21":"tag-peter-fitzek","22":"tag-republique-federale-dallemagne"},"share_on_mastodon":{"url":"https:\/\/pubeurope.com\/@fr\/114503862425654997","error":""},"_links":{"self":[{"href":"https:\/\/www.europesays.com\/fr\/wp-json\/wp\/v2\/posts\/98278","targetHints":{"allow":["GET"]}}],"collection":[{"href":"https:\/\/www.europesays.com\/fr\/wp-json\/wp\/v2\/posts"}],"about":[{"href":"https:\/\/www.europesays.com\/fr\/wp-json\/wp\/v2\/types\/post"}],"author":[{"embeddable":true,"href":"https:\/\/www.europesays.com\/fr\/wp-json\/wp\/v2\/users\/2"}],"replies":[{"embeddable":true,"href":"https:\/\/www.europesays.com\/fr\/wp-json\/wp\/v2\/comments?post=98278"}],"version-history":[{"count":0,"href":"https:\/\/www.europesays.com\/fr\/wp-json\/wp\/v2\/posts\/98278\/revisions"}],"wp:featuredmedia":[{"embeddable":true,"href":"https:\/\/www.europesays.com\/fr\/wp-json\/wp\/v2\/media\/98279"}],"wp:attachment":[{"href":"https:\/\/www.europesays.com\/fr\/wp-json\/wp\/v2\/media?parent=98278"}],"wp:term":[{"taxonomy":"category","embeddable":true,"href":"https:\/\/www.europesays.com\/fr\/wp-json\/wp\/v2\/categories?post=98278"},{"taxonomy":"post_tag","embeddable":true,"href":"https:\/\/www.europesays.com\/fr\/wp-json\/wp\/v2\/tags?post=98278"}],"curies":[{"name":"wp","href":"https:\/\/api.w.org\/{rel}","templated":true}]}}