{"id":983055,"date":"2026-06-06T23:59:05","date_gmt":"2026-06-06T23:59:05","guid":{"rendered":"https:\/\/www.europesays.com\/fr\/983055\/"},"modified":"2026-06-06T23:59:05","modified_gmt":"2026-06-06T23:59:05","slug":"meteo-les-previsions-meteorologiques-du-samedi-6-juin-2026-a-vitry-sur-seine-et-ses-environs","status":"publish","type":"post","link":"https:\/\/www.europesays.com\/fr\/983055\/","title":{"rendered":"M\u00e9t\u00e9o. Les pr\u00e9visions m\u00e9t\u00e9orologiques du samedi 6 juin 2026 \u00e0 Vitry-sur-Seine et ses environs"},"content":{"rendered":"<p>La matin\u00e9e du samedi 6 juin 2026 se d\u00e9roulera sous un ciel uniform\u00e9ment couvert, sans \u00e9claircies notables. Les temp\u00e9ratures resteront douces en d\u00e9but de p\u00e9riode, autour de 15 \u00b0C, puis augmenteront progressivement pour atteindre 19 \u00b0C en fin de matin\u00e9e. Le vent se renforcera nettement, passant d\u2019environ 10 km\/h avec rafales \u00e0 20 km\/h \u00e0 6 h \u00e0 25 km\/h, avec rafales \u00e0 45 km\/h, en s\u2019orientant du Sud-Sud-Est vers le Sud-Ouest. L\u2019humidit\u00e9 diminuera au fil des heures.<\/p>\n<p>Au cours de l\u2019apr\u00e8s\u2011midi, dans la continuit\u00e9 de cette matin\u00e9e d\u00e9j\u00e0 bien grise, le ciel restera d\u2019abord enti\u00e8rement couvert avec 19 \u00b0C en d\u00e9but de p\u00e9riode, puis une forte bruine s\u2019installera en milieu d\u2019apr\u00e8s\u2011midi, faisant bri\u00e8vement baisser la temp\u00e9rature jusqu\u2019\u00e0 16 \u00b0C. Le vent de Sud-Ouest \u00e0 Sud-Sud-Ouest soufflera entre 15 et 25 km\/h, avec des rafales pouvant atteindre 45 km\/h. En fin d\u2019apr\u00e8s\u2011midi, la couverture nuageuse se fragmentera nettement et l\u2019humidit\u00e9 reculera progressivement.<\/p>\n<p>En d\u00e9but de soir\u00e9e, alors que la bruine se sera estomp\u00e9e, le ciel restera tr\u00e8s charg\u00e9 avec une temp\u00e9rature stable autour de 20 \u00b0C, accompagn\u00e9e d\u2019un vent de Sud-Ouest soufflant \u00e0 20 km\/h et des rafales pouvant atteindre 50 km\/h. Par la suite, la n\u00e9bulosit\u00e9 se r\u00e9duira temporairement avant de s\u2019intensifier de nouveau en fin de soir\u00e9e. Les temp\u00e9ratures descendront progressivement vers 18 \u00b0C, tandis que l\u2019humidit\u00e9 se maintiendra \u00e0 un niveau mod\u00e9r\u00e9. Le vent tournera l\u00e9g\u00e8rement \u00e0 l\u2019Ouest-Sud-Ouest avant de revenir au Sud-Ouest, en faiblissant vers 15 km\/h avec des rafales proches de 35 \u00e0 40 km\/h.<\/p>\n<p>Dans la nuit du samedi 6 au dimanche 7 juin 2026, dans le prolongement de cette soir\u00e9e agit\u00e9e, le mercure passera progressivement de 18 \u00b0C en d\u00e9but de nuit \u00e0 13 \u00b0C au petit matin. Le vent d\u2019Ouest-Sud-Ouest soufflera d\u2019abord autour de 15 km\/h avec des rafales atteignant 30 km\/h, puis faiblira vers 5 \u00e0 10 km\/h, avant de s\u2019orienter au Sud-Ouest. Le ciel \u00e9voluera d\u2019un voile de nuages \u00e9lev\u00e9s vers un ciel couvert, tandis que l\u2019humidit\u00e9 augmentera r\u00e9guli\u00e8rement au fil des heures.<\/p>\n<p>Demain, dimanche, apr\u00e8s cette nuit plus fra\u00eeche, la matin\u00e9e d\u00e9butera sous un voile nuageux persistant et des temp\u00e9ratures proches de 12 \u00e0 13 \u00b0C. Vers la fin de matin\u00e9e, la n\u00e9bulosit\u00e9 se r\u00e9duira l\u00e9g\u00e8rement, tandis que les temp\u00e9ratures atteindront environ 16 \u00b0C. L\u2019apr\u00e8s-midi, le ciel redeviendra plus charg\u00e9, avec des valeurs grimpant jusqu\u2019\u00e0 20 \u00e0 21 \u00b0C. Le vent restera faible, de secteur Sud-Ouest \u00e0 Sud-Sud-Ouest, autour de 5 \u00e0 10 km\/h, avec des rafales ponctuelles \u00e0 15 km\/h.<\/p>\n<p><a href=\"https:\/\/www.ouest-france.fr\/meteo\/ile-de-france\/vitry-sur-seine-94400\/\" rel=\"nofollow noopener\" target=\"_blank\">Suivez la m\u00e9t\u00e9o de votre commune en temps r\u00e9el<\/a><\/p>\n<p>Ouest-France vous donne \u00e9galement la possibilit\u00e9 de conna\u00eetre la m\u00e9t\u00e9o de votre commune, heure par heure, sur notre page m\u00e9t\u00e9o d\u00e9di\u00e9e<\/p>\n","protected":false},"excerpt":{"rendered":"La matin\u00e9e du samedi 6 juin 2026 se d\u00e9roulera sous un ciel uniform\u00e9ment couvert, sans \u00e9claircies notables. Les&hellip;\n","protected":false},"author":2,"featured_media":905924,"comment_status":"","ping_status":"","sticky":false,"template":"","format":"standard","meta":{"footnotes":"","_share_on_mastodon":"0"},"categories":[1888],"tags":[11,24583,50925,1777,674,1011,27,90557,24588,12,16483,626,25,90558,12654],"class_list":["post-983055","post","type-post","status-publish","format-standard","has-post-thumbnail","category-paris","tag-actualites","tag-alfortville","tag-choisy-le-roi","tag-eu","tag-europe","tag-fr","tag-france","tag-lhay-les-roses","tag-maisons-alfort","tag-news","tag-orly","tag-paris","tag-republique-francaise","tag-thiais","tag-vitry-sur-seine"],"share_on_mastodon":{"url":"https:\/\/pubeurope.com\/@fr\/116705887869167237","error":""},"_links":{"self":[{"href":"https:\/\/www.europesays.com\/fr\/wp-json\/wp\/v2\/posts\/983055","targetHints":{"allow":["GET"]}}],"collection":[{"href":"https:\/\/www.europesays.com\/fr\/wp-json\/wp\/v2\/posts"}],"about":[{"href":"https:\/\/www.europesays.com\/fr\/wp-json\/wp\/v2\/types\/post"}],"author":[{"embeddable":true,"href":"https:\/\/www.europesays.com\/fr\/wp-json\/wp\/v2\/users\/2"}],"replies":[{"embeddable":true,"href":"https:\/\/www.europesays.com\/fr\/wp-json\/wp\/v2\/comments?post=983055"}],"version-history":[{"count":0,"href":"https:\/\/www.europesays.com\/fr\/wp-json\/wp\/v2\/posts\/983055\/revisions"}],"wp:featuredmedia":[{"embeddable":true,"href":"https:\/\/www.europesays.com\/fr\/wp-json\/wp\/v2\/media\/905924"}],"wp:attachment":[{"href":"https:\/\/www.europesays.com\/fr\/wp-json\/wp\/v2\/media?parent=983055"}],"wp:term":[{"taxonomy":"category","embeddable":true,"href":"https:\/\/www.europesays.com\/fr\/wp-json\/wp\/v2\/categories?post=983055"},{"taxonomy":"post_tag","embeddable":true,"href":"https:\/\/www.europesays.com\/fr\/wp-json\/wp\/v2\/tags?post=983055"}],"curies":[{"name":"wp","href":"https:\/\/api.w.org\/{rel}","templated":true}]}}