{"id":98316,"date":"2025-05-14T02:59:09","date_gmt":"2025-05-14T02:59:09","guid":{"rendered":"https:\/\/www.europesays.com\/fr\/98316\/"},"modified":"2025-05-14T02:59:09","modified_gmt":"2025-05-14T02:59:09","slug":"en-robe-noire-saint-laurent-bella-hadid-defie-habilement-les-interdits-vestimentaires-du-tapis-rouge-de-cannes","status":"publish","type":"post","link":"https:\/\/www.europesays.com\/fr\/98316\/","title":{"rendered":"En robe noire Saint Laurent, Bella Hadid d\u00e9fie habilement les interdits vestimentaires du tapis rouge de Cannes"},"content":{"rendered":"<p>Grande habitu\u00e9e du tapis rouge du Festival de Cannes, le mannequin s\u2019est cette ann\u00e9e pli\u00e9 au code vestimentaire des organisateurs, qui ont tenu \u00e0 rappeler que la nudit\u00e9 n\u2019\u00e9tait pas autoris\u00e9e.<\/p>\n<p class=\"fig-paragraph\">Nudit\u00e9 interdite cette ann\u00e9e Festival de Cannes. Et cette fois,\u00a0<a href=\"https:\/\/madame.lefigaro.fr\/tag\/bella-hadid\" target=\"_blank\" rel=\"noopener\" data-gtm-custom-categorie=\"navigation\" data-gtm-custom-action=\"crossclick\" data-gtm-custom-label=\"Contextuel\" data-gtm-event=\"customEventSPE\">Bella Hadid<\/a>\u00a0l\u2019a bien compris. Habitu\u00e9e des looks en toute transparence, la mannequin de 28 ans a d\u00fb calmer ses ardeurs pour cette 78e \u00e9dition. La raison\u00a0? Face \u00e0 la recrudescence de looks de plus en plus os\u00e9s sur les tapis rouges du monde entier, les organisateurs du Festival de Cannes ont tenu \u00e0 rappeler que \u00ab<a href=\"http:\/\/madame.lefigaro.fr\/style\/news\/pour-des-raisons-de-decence-le-festival-de-cannes-rappelle-les-interdits-vestimentaires-sur-son-tapis-rouge-20250512\" data-fig-type=\"Article\" data-gtm-custom-categorie=\"navigation\" data-gtm-custom-action=\"crossclick\" data-gtm-custom-label=\"Contextuel\" data-gtm-event=\"customEventSPE\" data-fig-domain=\"MADAME\" target=\"_blank\" rel=\"noopener\">pour des raisons de d\u00e9cence<\/a>, la nudit\u00e9 \u00e9tait interdite sur le tapis rouge, ainsi que dans tout autre lieu du Festival\u00bb.<\/p>\n<p class=\"fig-paragraph\">Et ce 13 mai, alors que se tenait la c\u00e9r\u00e9monie d\u2019ouverture, Bella Hadid a fait sa grande entr\u00e9e dans une robe inhabituellement sobre. La s\u0153ur cadette de\u00a0<a href=\"https:\/\/madame.lefigaro.fr\/tag\/gigi-hadid\" target=\"_blank\" rel=\"noopener\" data-gtm-custom-categorie=\"navigation\" data-gtm-custom-action=\"crossclick\" data-gtm-custom-label=\"Contextuel\" data-gtm-event=\"customEventSPE\">Gigi Hadid<\/a>\u00a0a foul\u00e9 le tapis rouge dans une cr\u00e9ation du directeur cr\u00e9atif de Saint Laurent, Anthony Vaccarello, une robe minimaliste noire, faite sur mesure sp\u00e9cialement pour elle.<\/p>\n<p>\u00a0\u00bb<br \/>\n        data-script=\u00a0\u00bbhttps:\/\/static.lefigaro.fr\/widget-video\/short-ttl\/video\/index.js\u00a0\u00bb<br \/>\n    &gt;<\/p>\n<p class=\"fig-body-link&#10;    \">\n            \u00c0 lire aussi<br \/>\n        <a class=\"fig-body-link__link\" href=\"http:\/\/madame.lefigaro.fr\/style\/news\/cannes-2025-une-premiere-montee-des-marches-envoutee-par-la-legende-robert-de-niro-20250513\" data-fig-type=\"Article\" data-gtm-custom-categorie=\"navigation\" data-gtm-custom-action=\"crossclick\" data-gtm-custom-label=\"Contextuel\" data-gtm-event=\"customEventSPE\" data-fig-domain=\"MADAME\" target=\"_blank\" rel=\"noopener\">Cannes 2025\u00a0: une premi\u00e8re mont\u00e9e des marches envo\u00fbt\u00e9e par Juliette Binoche et Robert De Niro<\/a>\n<\/p>\n<p class=\"fig-paragraph\">Et si elle a totalement respect\u00e9 le code vestimentaire impos\u00e9 par le Festival, la mannequin a toutefois voulu signer son look de sa touche personnelle, en laissant appara\u00eetre un peu de peau. Encolure asym\u00e9trique, dos ouvert et large fente \u00e0 hauteur de cuisse&#8230; Des \u00e9l\u00e9ments discrets qui ont (quand m\u00eame) permis de contrecarrer la simplicit\u00e9 de sa robe. Le tout accessoiris\u00e9 par des bijoux Chopard.<\/p>\n<p>    <a href=\"https:\/\/photo-madame.lefigaro.fr\/celebrites\/cinema\/la-montee-des-marches-du-13-mai-2025-20250513\" target=\"_blank\" rel=\"noopener\"><\/p>\n<p class=\"fig-slideshow__title\">\n                    La mont\u00e9e des marches du 13 mai 2025\n                <\/p>\n<p>    <\/a><\/p>\n<p>\u00abNaked dress\u00bb<\/p>\n<p class=\"fig-paragraph\">En 2024, Bella Hadid avait d\u00e9j\u00e0 fait confiance \u00e0 Saint Laurent pour une cr\u00e9ation bien plus os\u00e9e, laissant totalement appara\u00eetre ses seins. Trois ans plus t\u00f4t en 2021, sa poitrine \u00e9tait seulement cach\u00e9e par le collier dor\u00e9 en forme de poumons de sa robe Schiaparelli. Des \u00abnaked dress\u00bb qui ne seraient probablement pas autoris\u00e9es aujourd\u2019hui.<\/p>\n<p>    Bella Hadid \u00e0 Cannes en mai 2024.<br \/>\n                Castel Franck\/ABACA<\/p>\n<p class=\"fig-paragraph\">Sur le tapis rouge, Bella Hadid a \u00e9galement d\u00e9voil\u00e9 sa toute nouvelle couleur blonde. Une couleur qui rappelle celle de sa s\u0153ur a\u00een\u00e9e et qui marque parfaitement le d\u00e9but officiel de la saison des beaux jours. Un sans-faute pour Bella.<\/p>\n","protected":false},"excerpt":{"rendered":"Grande habitu\u00e9e du tapis rouge du Festival de Cannes, le mannequin s\u2019est cette ann\u00e9e pli\u00e9 au code vestimentaire&hellip;\n","protected":false},"author":2,"featured_media":98317,"comment_status":"","ping_status":"","sticky":false,"template":"","format":"standard","meta":{"footnotes":""},"categories":[8],"tags":[253,2594,2593,21268,972,1696,650,58,59,849,5634,638,1011,27,2173,977,873,973,974,20995,16753],"class_list":{"0":"post-98316","1":"post","2":"type-post","3":"status-publish","4":"format-standard","5":"has-post-thumbnail","7":"category-divertissement","8":"tag-acteur","9":"tag-actrice","10":"tag-artiste","11":"tag-bella-hadid","12":"tag-celebrite","13":"tag-chanteur","14":"tag-cinema","15":"tag-divertissement","16":"tag-entertainment","17":"tag-festival","18":"tag-festival-de-cannes","19":"tag-figaro","20":"tag-fr","21":"tag-france","22":"tag-interview","23":"tag-madame","24":"tag-musique","25":"tag-people","26":"tag-star","27":"tag-tapis-rouge","28":"tag-tenue-de-soiree"},"share_on_mastodon":{"url":"https:\/\/pubeurope.com\/@fr\/114503953116142540","error":""},"_links":{"self":[{"href":"https:\/\/www.europesays.com\/fr\/wp-json\/wp\/v2\/posts\/98316","targetHints":{"allow":["GET"]}}],"collection":[{"href":"https:\/\/www.europesays.com\/fr\/wp-json\/wp\/v2\/posts"}],"about":[{"href":"https:\/\/www.europesays.com\/fr\/wp-json\/wp\/v2\/types\/post"}],"author":[{"embeddable":true,"href":"https:\/\/www.europesays.com\/fr\/wp-json\/wp\/v2\/users\/2"}],"replies":[{"embeddable":true,"href":"https:\/\/www.europesays.com\/fr\/wp-json\/wp\/v2\/comments?post=98316"}],"version-history":[{"count":0,"href":"https:\/\/www.europesays.com\/fr\/wp-json\/wp\/v2\/posts\/98316\/revisions"}],"wp:featuredmedia":[{"embeddable":true,"href":"https:\/\/www.europesays.com\/fr\/wp-json\/wp\/v2\/media\/98317"}],"wp:attachment":[{"href":"https:\/\/www.europesays.com\/fr\/wp-json\/wp\/v2\/media?parent=98316"}],"wp:term":[{"taxonomy":"category","embeddable":true,"href":"https:\/\/www.europesays.com\/fr\/wp-json\/wp\/v2\/categories?post=98316"},{"taxonomy":"post_tag","embeddable":true,"href":"https:\/\/www.europesays.com\/fr\/wp-json\/wp\/v2\/tags?post=98316"}],"curies":[{"name":"wp","href":"https:\/\/api.w.org\/{rel}","templated":true}]}}