{"id":98318,"date":"2025-05-14T03:00:15","date_gmt":"2025-05-14T03:00:15","guid":{"rendered":"https:\/\/www.europesays.com\/fr\/98318\/"},"modified":"2025-05-14T03:00:15","modified_gmt":"2025-05-14T03:00:15","slug":"google-officialise-le-nouveau-look-dandroid-nos-smartphones-vont-se-metamorphoser","status":"publish","type":"post","link":"https:\/\/www.europesays.com\/fr\/98318\/","title":{"rendered":"Google officialise le nouveau look d\u2019Android : nos smartphones vont se m\u00e9tamorphoser\u00a0"},"content":{"rendered":"<p>\u00c0 une semaine de la Google I\/O, le g\u00e9ant du web d\u00e9voile officiellement Android 16, la prochaine grande mise \u00e0 jour du syst\u00e8me d\u2019exploitation le plus utilis\u00e9 au monde. Il introduit une nouvelle identit\u00e9 visuelle : le Material 3 Expressive. Au programme : des animations, de la transparence, de la personnalisation et beaucoup de couleurs. <\/p>\n<p>Pour la premi\u00e8re fois de son histoire, Google organise une pr\u00e9-conf\u00e9rence avant <a href=\"https:\/\/www.numerama.com\/tech\/1902565-la-google-i-o-2025-aura-lieu-plus-tard-que-les-editions-precedentes.html\" data-type=\"post\" data-id=\"1902565\" target=\"_blank\" rel=\"noopener\">son \u00e9v\u00e9nement annuel I\/O<\/a>. Au programme <a href=\"https:\/\/www.numerama.com\/tech\/1960663-android-16-pourrait-arriver-plus-que-tot-que-prevu-google-annonce-une-conference.html\" data-type=\"post\" data-id=\"1960663\" target=\"_blank\" rel=\"noopener\">du premier \u00ab Android Show\u00a0\u00bb de l\u2019entreprise<\/a> : des nouveaut\u00e9s pour Android et Gemini. Cette conf\u00e9rence pr\u00e9enregistr\u00e9e a \u00e9t\u00e9 diffus\u00e9e le 13 mai 2025 <a target=\"_blank\" href=\"https:\/\/www.youtube.com\/watch?v=l3yDd3CmA_Y\" rel=\"noopener\">sur YouTube<\/a>, en attendant le vrai I\/O en direct le 20 mai. <\/p>\n<p>La plus grande nouveaut\u00e9 de cette pr\u00e9sentation : <a href=\"https:\/\/www.numerama.com\/tech\/1964719-android-va-changer-de-design-voici-un-premier-apercu-de-cette-evolution-majeure.html\" data-type=\"post\" data-id=\"1964719\" target=\"_blank\" rel=\"noopener\">Material 3 Expressive<\/a>, qui avait d\u00e9j\u00e0 fuit\u00e9 une semaine auparavant. Il s\u2019agit du nouveau design d\u2019Android 16, qui sera d\u00e9ploy\u00e9 plus tard en 2025 (vraisemblablement avec les smartphones Pixel 10). Le Material 3 Expressive est amen\u00e9 \u00e0 int\u00e9grer tous les services et produits Google, avec un nouveau style plus moderne.  <\/p>\n<p>Une nouvelle identit\u00e9 visuelle dans Android 16 : Google offre un relooking aux smartphones<\/p>\n<p>Au programme de cette grande r\u00e9vision esth\u00e9tique (la premi\u00e8re depuis <a href=\"https:\/\/www.numerama.com\/tech\/712281-android-12-vie-privee-nouveau-design-et-quelques-ameliorations-techniques.html\" data-type=\"post\" data-id=\"712281\" target=\"_blank\" rel=\"noopener\">Android 12<\/a>) : beaucoup d\u2019animations et des retours haptiques, pour rendre le t\u00e9l\u00e9phone plus vivant. Google mise une nouvelle typographie, une biblioth\u00e8que de 35 formes et une interface plus color\u00e9e, afin de donner une vraie identit\u00e9 \u00e0 Android. Les logos du syst\u00e8me \u00e9voluent aussi, avec des indicateurs semblables \u00e0 ceux d\u2019iOS pour le r\u00e9seau, le Wi-Fi et la batterie, en haut \u00e0 droite du t\u00e9l\u00e9phone. (En revanche, l\u2019\u00e9cran d\u2019accueil et les ic\u00f4nes restent les m\u00eames). <\/p>\n<p><a href=\"https:\/\/www.numerama.com\/wp-content\/uploads\/2025\/05\/material-3-notif.jpg\" target=\"_blank\" rel=\"noopener\"><img decoding=\"async\" width=\"1024\" height=\"576\" loading=\"lazy\" alt=\"Le nouveau centre de notifications d'Android 16, avec des animations bien plus vivantes.\" title=\"Le nouveau centre de notifications d'Android 16, avec des animations bien plus vivantes.\" class=\"wp-image-1969509 placeholder-default wp-image\" src=\"https:\/\/www.europesays.com\/fr\/wp-content\/uploads\/2025\/05\/material-3-notif-1024x576.jpg\" \/><\/a>Le nouveau centre de notifications d\u2019Android 16, avec des animations bien plus vivantes. \/\/ Source : Google<\/p>\n<p>Google va aussi offrir plus de personnalisation \u00e0 ses utilisateurs, avec un centre de raccourcis facile \u00e0 r\u00e9organiser. L\u2019entreprise indique qu\u2019Android 16 r\u00e8gle les probl\u00e8mes d\u2019alignement des pr\u00e9c\u00e9dentes versions, avec une meilleure cohabitation entre les ic\u00f4nes et les widgets. <\/p>\n<p><a href=\"https:\/\/www.numerama.com\/wp-content\/uploads\/2025\/05\/screenshot-2025-05-13-at-165254.jpg\" target=\"_blank\" rel=\"noopener\"><img decoding=\"async\" width=\"1024\" height=\"558\" loading=\"lazy\" alt=\"Les Live Updates d'Android 16.\" title=\"Les Live Updates d'Android 16.\" class=\"wp-image-1969511 placeholder-default wp-image\" src=\"https:\/\/www.europesays.com\/fr\/wp-content\/uploads\/2025\/05\/screenshot-2025-05-13-at-165254-1024x558.jpg\" \/><\/a>Les Live Updates d\u2019Android 16. \/\/ Source : Google<\/p>\n<p>Autre changement important : l\u2019arriv\u00e9e des \u00ab Live Updates \u00bb, qui correspondent \u00e0 des notifications accessibles en permanence sur l\u2019\u00e9cran verrouill\u00e9 ou depuis un raccourci en haut de l\u2019\u00e9cran. Une adaptation \u00e0 la sauce Google de <a href=\"https:\/\/www.numerama.com\/tech\/1895176-test-du-samsung-galaxy-s25-ultra-les-petites-nouveautes-qui-le-rendent-encore-meilleur.html\" data-type=\"post\" data-id=\"1895176\" target=\"_blank\" rel=\"noopener\">la Now Bar de Samsung<\/a>, qui avait elle-m\u00eame imit\u00e9 la Dynamic Island et les Live Activities d\u2019Apple.  <\/p>\n<p>En plus d\u2019Android 16, de nombreuses applications devraient avoir droit au Material 3 Expressive (Gmail, Google Photos\u2026), avec des boutons d\u00e9plac\u00e9s pour faire gagner du temps \u00e0 l\u2019utilisateur. Le nouveau design sera aussi appliqu\u00e9 sur Wear OS 6, le syst\u00e8me des montres, qui va gagner un syst\u00e8me de choix de la couleur dominante. <\/p>\n<p><a href=\"https:\/\/www.numerama.com\/wp-content\/uploads\/2025\/05\/screenshot-2025-05-13-at-164750-scaled.jpg\" target=\"_blank\" rel=\"noopener\"><img decoding=\"async\" width=\"1024\" height=\"581\" loading=\"lazy\" alt=\"Google Fit, Gmail et Google Photos avec le Material 3 Expressive.\" title=\"Google Fit, Gmail et Google Photos avec le Material 3 Expressive.\" class=\"wp-image-1969495 placeholder-default wp-image\" src=\"https:\/\/www.europesays.com\/fr\/wp-content\/uploads\/2025\/05\/screenshot-2025-05-13-at-164750-1024x581.jpg\" \/><\/a>Google Fit, Gmail et Google Photos avec le Material 3 Expressive. \/\/ Source : Google<\/p>\n<p>Pour concevoir Material 3 Expressive, Google dit s\u2019\u00eatre appuy\u00e9 sur 46 \u00e9tudes et sur les retours de 18 000 participants. Ses tests en laboratoire indiquent que les utilisateurs rep\u00e8rent quatre fois plus rapidement les \u00e9l\u00e9ments importants de l\u2019interface, ce qui am\u00e9liorerait drastiquement l\u2019exp\u00e9rience utilisateur. <\/p>\n<p>Quand arrivera Material 3 Expressive sur les smartphones Android ? <\/p>\n<p>\u00c9trangement, la premi\u00e8re version d\u2019Android 16, qui devrait arriver en juin, n\u2019introduira pas le nouveau design. Google indique qu\u2019il le publiera \u00ab plus tard cette ann\u00e9e \u00bb avec une exclusivit\u00e9 initiale aux smartphones Pixel. La marque<a href=\"https:\/\/www.numerama.com\/tech\/1789974-conference-google-pixel9-android15-gemini.html\" target=\"_blank\" rel=\"noopener\"> avait annonc\u00e9 ses Pixel 9 le 13 ao\u00fbt 2024<\/a>, on peut donc s\u2019attendre \u00e0 des Pixel 10, avec le Material 3 Expressive, aux alentours d\u2019ao\u00fbt 2025. Les anciens Pixel devraient aussi y avoir droit. <\/p>\n<p><a href=\"https:\/\/www.numerama.com\/wp-content\/uploads\/2025\/05\/android-16-1.jpg\" target=\"_blank\" rel=\"noopener\"><img decoding=\"async\" width=\"1024\" height=\"576\" loading=\"lazy\" alt=\"Material 3 Expressive dans Android 16. \/\/ Source : Google\" title=\"Material 3 Expressive dans Android 16. \/\/ Source : Google\" class=\"wp-image-1969493 placeholder-default wp-image\" src=\"https:\/\/www.europesays.com\/fr\/wp-content\/uploads\/2025\/05\/android-16-1-1024x576.jpg\" \/><\/a>Plusieurs captures d\u2019\u00e9cran du Material 3 Expressive dans Android 16 et les applications Google. \/\/ Source : Google<\/p>\n<p>Quid des autres marques ? Le Material 3 Expressive est destin\u00e9 \u00e0 int\u00e9grer toutes les applications Google, ce qui poussera sans doute les constructeurs Android \u00e0 suivre Google. Un kit de d\u00e9veloppement est mis \u00e0 disposition des partenaires de la marque, qui vont pouvoir pr\u00e9parer ensemble le futur d\u2019Android. Il est n\u00e9anmoins peu probable que Samsung ou Xiaomi fassent exactement la m\u00eame chose : ils r\u00e9cup\u00e8reront probablement plusieurs id\u00e9es, comme les animations et les formes, mais conserveront leurs propres interfaces. <\/p>\n<p>En attendant, tout le monde devrait pouvoir profiter des quelques nouveaut\u00e9s d\u2019Android 16 comme le \u00ab Find Hub \u00bb, une nouvelle application pour localiser ses tags ou g\u00e9rer sa connectivit\u00e9 satellitaire. <\/p>\n<p>            <img decoding=\"async\" src=\"https:\/\/www.europesays.com\/fr\/wp-content\/uploads\/2025\/04\/iPhone-16-pro.png\" alt=\"Toute l'actu tech en un clien d'oeil\"\/><\/p>\n<p class=\"card-install-pwa__title\">Toute l&rsquo;actu tech en un clin d&rsquo;\u0153il<\/p>\n<p class=\"card-install-pwa__description\">Ajoutez Numerama \u00e0 votre \u00e9cran d&rsquo;accueil et restez connect\u00e9s au futur !<\/p>\n<p>            <img decoding=\"async\" src=\"https:\/\/www.europesays.com\/fr\/wp-content\/uploads\/2025\/04\/logo-card-pwa-coupe.svg.svg+xml\" alt=\"Logo PWA\"\/><\/p>\n<p>       Installer Numerama<\/p>\n","protected":false},"excerpt":{"rendered":"\u00c0 une semaine de la Google I\/O, le g\u00e9ant du web d\u00e9voile officiellement Android 16, la prochaine grande&hellip;\n","protected":false},"author":2,"featured_media":98319,"comment_status":"","ping_status":"","sticky":false,"template":"","format":"standard","meta":{"footnotes":""},"categories":[7],"tags":[10656,653,1011,27,323,21269,21270,6707,8757,17388,21271,21272,8758,43,40,41,39,42,44],"class_list":{"0":"post-98318","1":"post","2":"type-post","3":"status-publish","4":"format-standard","5":"has-post-thumbnail","7":"category-sciences-et-technologies","8":"tag-android","9":"tag-android-16","10":"tag-fr","11":"tag-france","12":"tag-google","13":"tag-google-i-o-2025","14":"tag-google-pixel","15":"tag-google-pixel-10","16":"tag-google-pixel-9","17":"tag-google-pixel-9-pro","18":"tag-google-pixel-9-pro-fold","19":"tag-google-pixel-9-pro-xl","20":"tag-google-pixel-9a","21":"tag-science","22":"tag-science-and-technology","23":"tag-sciences","24":"tag-sciences-et-technologies","25":"tag-technologies","26":"tag-technology"},"share_on_mastodon":{"url":"https:\/\/pubeurope.com\/@fr\/114503956897501310","error":""},"_links":{"self":[{"href":"https:\/\/www.europesays.com\/fr\/wp-json\/wp\/v2\/posts\/98318","targetHints":{"allow":["GET"]}}],"collection":[{"href":"https:\/\/www.europesays.com\/fr\/wp-json\/wp\/v2\/posts"}],"about":[{"href":"https:\/\/www.europesays.com\/fr\/wp-json\/wp\/v2\/types\/post"}],"author":[{"embeddable":true,"href":"https:\/\/www.europesays.com\/fr\/wp-json\/wp\/v2\/users\/2"}],"replies":[{"embeddable":true,"href":"https:\/\/www.europesays.com\/fr\/wp-json\/wp\/v2\/comments?post=98318"}],"version-history":[{"count":0,"href":"https:\/\/www.europesays.com\/fr\/wp-json\/wp\/v2\/posts\/98318\/revisions"}],"wp:featuredmedia":[{"embeddable":true,"href":"https:\/\/www.europesays.com\/fr\/wp-json\/wp\/v2\/media\/98319"}],"wp:attachment":[{"href":"https:\/\/www.europesays.com\/fr\/wp-json\/wp\/v2\/media?parent=98318"}],"wp:term":[{"taxonomy":"category","embeddable":true,"href":"https:\/\/www.europesays.com\/fr\/wp-json\/wp\/v2\/categories?post=98318"},{"taxonomy":"post_tag","embeddable":true,"href":"https:\/\/www.europesays.com\/fr\/wp-json\/wp\/v2\/tags?post=98318"}],"curies":[{"name":"wp","href":"https:\/\/api.w.org\/{rel}","templated":true}]}}