{"id":983323,"date":"2026-06-07T03:30:47","date_gmt":"2026-06-07T03:30:47","guid":{"rendered":"https:\/\/www.europesays.com\/fr\/983323\/"},"modified":"2026-06-07T03:30:47","modified_gmt":"2026-06-07T03:30:47","slug":"reze-trois-pieces-de-theatre-jouees-par-les-eleves-de-lamicale-laique","status":"publish","type":"post","link":"https:\/\/www.europesays.com\/fr\/983323\/","title":{"rendered":"Rez\u00e9. Trois pi\u00e8ces de th\u00e9\u00e2tre jou\u00e9es par les \u00e9l\u00e8ves de l\u2019amicale la\u00efque"},"content":{"rendered":"<p>L\u2019Amicale la\u00efque de l\u2019Ouche-Dinier\u00a0(Alod), pr\u00e9sente trois\u00a0pi\u00e8ces travaill\u00e9es pendant l\u2019ann\u00e9e et port\u00e9es par neuf\u00a0enfants de 6 \u00e0 10\u00a0ans, huit\u00a0adolescents et huit\u00a0adultes.<\/p>\n<p>Fanny Poulain, com\u00e9dienne de la compagnie Les Aliz\u00e9s, anime ces trois ateliers, le lundi.<\/p>\n<p>Le groupe d\u2019enfants jouera \u00ab\u00a0Un froid de loup\u00a0\u00bb, une aventure givr\u00e9e, dr\u00f4le et pleine de jeux de mots et surprises\u00a0(\u00e0 partir de 3\u00a0ans)\u00a0; les adolescents, \u00ab\u00a0Moi c\u2019est L\u00e9o\u00a0\u00bb, et les adultes, \u00ab\u00a0Les Alodins\u00a0\u00bb.<\/p>\n<p>Les inscriptions sont en cours pour la nouvelle saison, aupr\u00e8s de l\u2019Alod, au 06\u00a004\u00a011\u00a031\u00a024 ou sur alod.fr. Il reste des places dans les ateliers ados et adultes.<\/p>\n<p>Repr\u00e9sentations lundi 8\u00a0juin et vendredi 12\u00a0juin, \u00e0 19\u00a0h, foyer Pierre-Martin, 8,\u00a0impasse de l\u2019Ouche-Dinier. Entr\u00e9e libre\u00a0; un chapeau passera \u00e0 la fin de la pi\u00e8ce des adultes. Grignotage sur place.<\/p>\n<p>\u00a0<\/p>\n","protected":false},"excerpt":{"rendered":"L\u2019Amicale la\u00efque de l\u2019Ouche-Dinier\u00a0(Alod), pr\u00e9sente trois\u00a0pi\u00e8ces travaill\u00e9es pendant l\u2019ann\u00e9e et port\u00e9es par neuf\u00a0enfants de 6 \u00e0 10\u00a0ans, huit\u00a0adolescents&hellip;\n","protected":false},"author":2,"featured_media":983324,"comment_status":"","ping_status":"","sticky":false,"template":"","format":"standard","meta":{"footnotes":"","_share_on_mastodon":"0"},"categories":[2818],"tags":[1111,11,44708,1121,1777,674,1011,27,95619,102862,766,12,2636,15080,25,3740,3272,1347],"class_list":["post-983323","post","type-post","status-publish","format-standard","has-post-thumbnail","category-nantes","tag-actu","tag-actualites","tag-amicale","tag-eleves","tag-eu","tag-europe","tag-fr","tag-france","tag-jouees","tag-laique","tag-nantes","tag-news","tag-pays-de-la-loire","tag-pieces","tag-republique-francaise","tag-reze","tag-saint-nazaire","tag-theatre"],"share_on_mastodon":{"url":"https:\/\/pubeurope.com\/@fr\/116706713721936795","error":""},"_links":{"self":[{"href":"https:\/\/www.europesays.com\/fr\/wp-json\/wp\/v2\/posts\/983323","targetHints":{"allow":["GET"]}}],"collection":[{"href":"https:\/\/www.europesays.com\/fr\/wp-json\/wp\/v2\/posts"}],"about":[{"href":"https:\/\/www.europesays.com\/fr\/wp-json\/wp\/v2\/types\/post"}],"author":[{"embeddable":true,"href":"https:\/\/www.europesays.com\/fr\/wp-json\/wp\/v2\/users\/2"}],"replies":[{"embeddable":true,"href":"https:\/\/www.europesays.com\/fr\/wp-json\/wp\/v2\/comments?post=983323"}],"version-history":[{"count":0,"href":"https:\/\/www.europesays.com\/fr\/wp-json\/wp\/v2\/posts\/983323\/revisions"}],"wp:featuredmedia":[{"embeddable":true,"href":"https:\/\/www.europesays.com\/fr\/wp-json\/wp\/v2\/media\/983324"}],"wp:attachment":[{"href":"https:\/\/www.europesays.com\/fr\/wp-json\/wp\/v2\/media?parent=983323"}],"wp:term":[{"taxonomy":"category","embeddable":true,"href":"https:\/\/www.europesays.com\/fr\/wp-json\/wp\/v2\/categories?post=983323"},{"taxonomy":"post_tag","embeddable":true,"href":"https:\/\/www.europesays.com\/fr\/wp-json\/wp\/v2\/tags?post=983323"}],"curies":[{"name":"wp","href":"https:\/\/api.w.org\/{rel}","templated":true}]}}