{"id":983349,"date":"2026-06-07T03:46:11","date_gmt":"2026-06-07T03:46:11","guid":{"rendered":"https:\/\/www.europesays.com\/fr\/983349\/"},"modified":"2026-06-07T03:46:11","modified_gmt":"2026-06-07T03:46:11","slug":"meteo-quel-temps-fera-t-il-a-vitry-sur-seine-et-ses-environs-le-dimanche-7-juin-2026","status":"publish","type":"post","link":"https:\/\/www.europesays.com\/fr\/983349\/","title":{"rendered":"M\u00e9t\u00e9o. Quel temps fera-t-il \u00e0 Vitry-sur-Seine et ses environs le dimanche 7 juin 2026 ?"},"content":{"rendered":"<p>La matin\u00e9e commencera sous un voile de nuages \u00e9lev\u00e9s persistant, avec une temp\u00e9rature fra\u00eeche de 13 \u00b0C avant le lever du soleil. Au fil des heures, l\u2019atmosph\u00e8re restera couverte mais la luminosit\u00e9 augmentera progressivement. La temp\u00e9rature s\u2019\u00e9l\u00e8vera jusqu\u2019\u00e0 17 \u00b0C en fin de matin\u00e9e. Le vent, d\u2019abord faible \u00e0 5 km\/h de l\u2019Ouest puis du Sud-Ouest, se renforcera pour atteindre 10 km\/h, soufflant d\u2019Ouest-Sud-Ouest avec des rafales pouvant atteindre 25 km\/h.<\/p>\n<p>L\u2019apr\u00e8s-midi prolongera cette tendance avec une \u00e9volution progressive : apr\u00e8s un d\u00e9but peu nuageux autour de 19 \u00b0C, le ciel se voilera vite de nuages \u00e9lev\u00e9s et le mercure grimpera jusqu\u2019\u00e0 23 \u00b0C en milieu puis fin d\u2019apr\u00e8s-midi. Le vent, d\u2019abord orient\u00e9 Ouest-Sud-Ouest, basculera ensuite au Sud-Ouest puis au Sud-Sud-Ouest, soufflant autour de 10 km\/h avec des rafales atteignant 25 km\/h. L\u2019humidit\u00e9 diminuera peu \u00e0 peu au fil des heures.<\/p>\n<p>En soir\u00e9e, dans le prolongement de l\u2019apr\u00e8s-midi, la temp\u00e9rature restera stable autour de 23 \u00b0C jusqu\u2019en d\u00e9but de nuit, avant de baisser l\u00e9g\u00e8rement vers 21 \u00e0 22 \u00b0C en fin de p\u00e9riode. Le ciel restera voil\u00e9 par des nuages \u00e9lev\u00e9s sans \u00e9volution marqu\u00e9e. Le vent soufflera r\u00e9guli\u00e8rement \u00e0 10 km\/h avec des rafales atteignant 25 km\/h en d\u00e9but de soir\u00e9e, puis se fera plus mod\u00e9r\u00e9, autour de 5 \u00e0 10 km\/h avec des rafales proches de 15 km\/h, en tournant progressivement du Sud-Sud-Ouest au Sud-Ouest puis au Sud. L\u2019humidit\u00e9 augmentera l\u00e9g\u00e8rement.<\/p>\n<p>Au cours de la nuit pr\u00e9c\u00e9dant le lundi 8 juin 2026, dans la continuit\u00e9 de la soir\u00e9e, le ciel restera largement couvert, alternant entre voile de nuages \u00e9lev\u00e9s et couverture plus compacte. La temp\u00e9rature baissera progressivement d\u2019environ 20 \u00e0 17 \u00b0C, surtout en fin de nuit. Le vent demeurera faible et constant, provenant du Sud-Sud-Est puis du Sud-Est, avec une vitesse proche de 5 km\/h et des rafales pouvant atteindre ponctuellement 10 km\/h. L\u2019humidit\u00e9 augmentera l\u00e9g\u00e8rement vers l\u2019aube.<\/p>\n<p>Demain, dans le prolongement de cette nuit nuageuse, les temp\u00e9ratures resteront stables en matin\u00e9e autour de 16 \u00e0 17 \u00b0C, puis grimperont progressivement jusqu\u2019\u00e0 21 \u00b0C en milieu d\u2019apr\u00e8s-midi avant de redescendre l\u00e9g\u00e8rement vers 20 \u00b0C en fin de journ\u00e9e. Le vent, d\u2019abord faible de secteur Sud-Sud-Est, se renforcera nettement en fin de matin\u00e9e en basculant Ouest-Sud-Ouest, avec des rafales comprises entre 30 et 35 km\/h. Le ciel restera couvert presque en continu et l\u2019humidit\u00e9 demeurera sensible toute la journ\u00e9e.<\/p>\n<p><a href=\"https:\/\/www.ouest-france.fr\/meteo\/ile-de-france\/vitry-sur-seine-94400\/\" rel=\"nofollow noopener\" target=\"_blank\">Suivez la m\u00e9t\u00e9o de votre commune en temps r\u00e9el<\/a><\/p>\n<p>Ouest-France vous donne \u00e9galement la possibilit\u00e9 de conna\u00eetre la m\u00e9t\u00e9o de votre commune, heure par heure, sur notre page m\u00e9t\u00e9o d\u00e9di\u00e9e<\/p>\n","protected":false},"excerpt":{"rendered":"La matin\u00e9e commencera sous un voile de nuages \u00e9lev\u00e9s persistant, avec une temp\u00e9rature fra\u00eeche de 13 \u00b0C avant&hellip;\n","protected":false},"author":2,"featured_media":983350,"comment_status":"","ping_status":"","sticky":false,"template":"","format":"standard","meta":{"footnotes":"","_share_on_mastodon":"0"},"categories":[1888],"tags":[11,24583,50925,1777,674,1011,27,90557,24588,12,16483,626,25,90558,12654],"class_list":["post-983349","post","type-post","status-publish","format-standard","has-post-thumbnail","category-paris","tag-actualites","tag-alfortville","tag-choisy-le-roi","tag-eu","tag-europe","tag-fr","tag-france","tag-lhay-les-roses","tag-maisons-alfort","tag-news","tag-orly","tag-paris","tag-republique-francaise","tag-thiais","tag-vitry-sur-seine"],"share_on_mastodon":{"url":"https:\/\/pubeurope.com\/@fr\/116706776596433723","error":""},"_links":{"self":[{"href":"https:\/\/www.europesays.com\/fr\/wp-json\/wp\/v2\/posts\/983349","targetHints":{"allow":["GET"]}}],"collection":[{"href":"https:\/\/www.europesays.com\/fr\/wp-json\/wp\/v2\/posts"}],"about":[{"href":"https:\/\/www.europesays.com\/fr\/wp-json\/wp\/v2\/types\/post"}],"author":[{"embeddable":true,"href":"https:\/\/www.europesays.com\/fr\/wp-json\/wp\/v2\/users\/2"}],"replies":[{"embeddable":true,"href":"https:\/\/www.europesays.com\/fr\/wp-json\/wp\/v2\/comments?post=983349"}],"version-history":[{"count":0,"href":"https:\/\/www.europesays.com\/fr\/wp-json\/wp\/v2\/posts\/983349\/revisions"}],"wp:featuredmedia":[{"embeddable":true,"href":"https:\/\/www.europesays.com\/fr\/wp-json\/wp\/v2\/media\/983350"}],"wp:attachment":[{"href":"https:\/\/www.europesays.com\/fr\/wp-json\/wp\/v2\/media?parent=983349"}],"wp:term":[{"taxonomy":"category","embeddable":true,"href":"https:\/\/www.europesays.com\/fr\/wp-json\/wp\/v2\/categories?post=983349"},{"taxonomy":"post_tag","embeddable":true,"href":"https:\/\/www.europesays.com\/fr\/wp-json\/wp\/v2\/tags?post=983349"}],"curies":[{"name":"wp","href":"https:\/\/api.w.org\/{rel}","templated":true}]}}