{"id":98344,"date":"2025-05-14T03:15:12","date_gmt":"2025-05-14T03:15:12","guid":{"rendered":"https:\/\/www.europesays.com\/fr\/98344\/"},"modified":"2025-05-14T03:15:12","modified_gmt":"2025-05-14T03:15:12","slug":"musees-en-fete-2025-lisere-celebre-ses-tresors-avec-deux-jours-danimations-gratuites","status":"publish","type":"post","link":"https:\/\/www.europesays.com\/fr\/98344\/","title":{"rendered":"Mus\u00e9es en F\u00eate 2025 : l&rsquo;Is\u00e8re c\u00e9l\u00e8bre ses tr\u00e9sors avec deux jours d&rsquo;animations gratuites !"},"content":{"rendered":"<p>Ce week-end des 17 et 18 mai 2025, l\u2019Is\u00e8re vibrera au rythme de la Nuit Europ\u00e9enne des Mus\u00e9es, d\u00e9clin\u00e9e ici sous la banni\u00e8re festive de \u00ab\u00a0Mus\u00e9es en F\u00eate\u00ab\u00a0. Pour cette occasion sp\u00e9ciale, ce ne sont pas moins de 53 mus\u00e9es du d\u00e9partement qui ouvriront grand leurs portes, invitant le public \u00e0 deux jours de d\u00e9couvertes, d\u2019animations et d\u2019\u00e9merveillement. Avec <strong>plus de 150 animations au programme<\/strong> et une trentaine de mus\u00e9es participant sp\u00e9cifiquement aux ouvertures nocturnes, l\u2019\u00e9v\u00e9nement promet une effervescence culturelle o\u00f9 l\u2019inventivit\u00e9 et l\u2019originalit\u00e9 seront les ma\u00eetres-mots, le tout avec un acc\u00e8s majoritairement gratuit. \u00a0<\/p>\n<p>Un floril\u00e8ge d\u2019animations et d\u2019expositions in\u00e9dites <\/p>\n<p>Attendez-vous \u00e0 un programme riche et vari\u00e9 qui saura piquer la curiosit\u00e9 de chacun. Parmi les temps forts, ne manquez pas l\u2019inauguration de l\u2019exposition \u00ab\u00a0\u00c9lectrique !\u00a0\u00bb \u00e0 La Galerie-Mus\u00e9e d\u2019Allevard le samedi 17 mai \u00e0 19h, une plong\u00e9e dans le patrimoine industriel local. Pour une atmosph\u00e8re unique \u00e0 la nuit tomb\u00e9e, le Couvent des Carmes \u00e0 Beauvoir-en-Royans vous convie \u00e0 \u00ab\u00a0Int\u00e9rieur nuit\u00a0\u00bb le samedi \u00e0 21h. Les familles appr\u00e9cieront la \u00ab\u00a0Visite futuriste\u00a0\u00bb propos\u00e9e par le Grand S\u00e9choir \u00e0 Vinay le samedi apr\u00e8s-midi, ou encore les parcours ludiques de \u00ab\u00a0La visite de Mathilde\u00a0\u00bb dans les mus\u00e9es de Vienne tout au long du week-end. <\/p>\n<p>Les passionn\u00e9s d\u2019histoire et d\u2019arch\u00e9ologie seront combl\u00e9s par l\u2019exposition \u00ab\u00a0Curieuses momies\u00a0\u00bb au Mus\u00e9e Champollion \u00e0 Vif. La cr\u00e9ativit\u00e9 sera \u00e9galement \u00e0 l\u2019honneur, notamment \u00e0 travers les liens tiss\u00e9s avec la saison culturelle d\u00e9partementale \u00ab\u00a0Des habits et nous\u00a0\u00bb : les performances po\u00e9tiques d\u2019Olivier Saillard animeront le Mus\u00e9e dauphinois (15, 16 et 17 mai), tandis que le mus\u00e9e H\u00e9bert \u00e0 La Tronche d\u00e9voilera l\u2019exposition photographique \u00ab\u00a0Alt\u00e9rit\u00e9\u00a0\u00bb de Jean-Pierre Angei et accueillera les installations textiles de Kaarina Kaikkonen, \u00e9galement visibles au Mus\u00e9e arch\u00e9ologique Saint-Laurent et au Mus\u00e9e dauphinois, aux c\u00f4t\u00e9s des sculptures monumentales de Lilian Bourgeat. <\/p>\n<p>Pour une touche musicale originale, la Maison du patrimoine de Villard-de-Lans proposera une session de ukul\u00e9l\u00e9 le samedi soir. <\/p>\n<p>Au total, <strong>plus de 150 animations<\/strong> \u2013 visites guid\u00e9es th\u00e9matiques, ateliers pour enfants et adultes, spectacles, contes \u2013 sont pr\u00e9vues, avec <strong>34 mus\u00e9es \u00e9tendant leurs horaires<\/strong> pour des d\u00e9couvertes nocturnes.<\/p>\n<p>\u00ab\u00a0Mus\u00e9es en F\u00eate\u00a0\u00bb : une manifestation conviviale et accessible<\/p>\n<p>Derri\u00e8re cette effervescence, \u00ab\u00a0Mus\u00e9es en F\u00eate\u00a0\u00bb est avant tout une initiative du D\u00e9partement de l\u2019Is\u00e8re visant \u00e0 valoriser le travail des institutions mus\u00e9ales et \u00e0 rendre la culture accessible \u00e0 tous. C\u2019est dans cet esprit que l\u2019acc\u00e8s \u00e0 la grande majorit\u00e9 des mus\u00e9es et des animations est offert gratuitement durant ces deux jours. Cet \u00e9v\u00e9nement met en lumi\u00e8re le dynamisme et la cr\u00e9ativit\u00e9 des \u00e9quipes des mus\u00e9es, souvent b\u00e9n\u00e9voles, qui \u0153uvrent pour faire de ces lieux des espaces de partage, d\u2019\u00e9ducation et de r\u00e9flexion, ancr\u00e9s dans des \u00e9difices patrimoniaux souvent remarquables.<\/p>\n<p><strong>Informations pratiques :<\/strong><\/p>\n<ul class=\"wp-block-list\">\n<li><strong>Dates :<\/strong> samedi 17 et dimanche 18 mai 2025.<\/li>\n<li><strong>Lieux :<\/strong> 53 mus\u00e9es participants \u00e0 travers tout le d\u00e9partement de l\u2019Is\u00e8re.<\/li>\n<li><strong>Tarif :<\/strong> l\u2019acc\u00e8s aux mus\u00e9es et \u00e0 la grande majorit\u00e9 des animations est gratuit (sauf mention contraire sp\u00e9cifique \u00e0 consulter dans le programme d\u00e9taill\u00e9).<\/li>\n<li><strong>Programme complet :<\/strong> Retrouvez tous les d\u00e9tails, horaires par mus\u00e9e et informations de r\u00e9servation \u00e9ventuelles sur le site officiel : <a href=\"https:\/\/museesenfete.isere.fr\/\" target=\"_blank\" rel=\"noreferrer noopener external nofollow\" data-wpel-link=\"external\" class=\"wpel-icon-right\">museesenfete.isere.fr<\/a>.<\/li>\n<\/ul>\n<p>Un week-end exceptionnel en perspective pour explorer la richesse du patrimoine is\u00e9rois sous un nouveau jour, ou une nouvelle nuit !<\/p>\n","protected":false},"excerpt":{"rendered":"Ce week-end des 17 et 18 mai 2025, l\u2019Is\u00e8re vibrera au rythme de la Nuit Europ\u00e9enne des Mus\u00e9es,&hellip;\n","protected":false},"author":2,"featured_media":98345,"comment_status":"","ping_status":"","sticky":false,"template":"","format":"standard","meta":{"footnotes":""},"categories":[9566],"tags":[1111,11,2430,1777,674,1011,27,2731,108,12,25],"class_list":{"0":"post-98344","1":"post","2":"type-post","3":"status-publish","4":"format-standard","5":"has-post-thumbnail","7":"category-grenoble","8":"tag-actu","9":"tag-actualites","10":"tag-auvergne-rhone-alpes","11":"tag-eu","12":"tag-europe","13":"tag-fr","14":"tag-france","15":"tag-grenoble","16":"tag-isere","17":"tag-news","18":"tag-republique-francaise"},"share_on_mastodon":{"url":"https:\/\/pubeurope.com\/@fr\/114504015893916829","error":""},"_links":{"self":[{"href":"https:\/\/www.europesays.com\/fr\/wp-json\/wp\/v2\/posts\/98344","targetHints":{"allow":["GET"]}}],"collection":[{"href":"https:\/\/www.europesays.com\/fr\/wp-json\/wp\/v2\/posts"}],"about":[{"href":"https:\/\/www.europesays.com\/fr\/wp-json\/wp\/v2\/types\/post"}],"author":[{"embeddable":true,"href":"https:\/\/www.europesays.com\/fr\/wp-json\/wp\/v2\/users\/2"}],"replies":[{"embeddable":true,"href":"https:\/\/www.europesays.com\/fr\/wp-json\/wp\/v2\/comments?post=98344"}],"version-history":[{"count":0,"href":"https:\/\/www.europesays.com\/fr\/wp-json\/wp\/v2\/posts\/98344\/revisions"}],"wp:featuredmedia":[{"embeddable":true,"href":"https:\/\/www.europesays.com\/fr\/wp-json\/wp\/v2\/media\/98345"}],"wp:attachment":[{"href":"https:\/\/www.europesays.com\/fr\/wp-json\/wp\/v2\/media?parent=98344"}],"wp:term":[{"taxonomy":"category","embeddable":true,"href":"https:\/\/www.europesays.com\/fr\/wp-json\/wp\/v2\/categories?post=98344"},{"taxonomy":"post_tag","embeddable":true,"href":"https:\/\/www.europesays.com\/fr\/wp-json\/wp\/v2\/tags?post=98344"}],"curies":[{"name":"wp","href":"https:\/\/api.w.org\/{rel}","templated":true}]}}