{"id":983506,"date":"2026-06-07T05:35:16","date_gmt":"2026-06-07T05:35:16","guid":{"rendered":"https:\/\/www.europesays.com\/fr\/983506\/"},"modified":"2026-06-07T05:35:16","modified_gmt":"2026-06-07T05:35:16","slug":"a-quoi-sattendre-pour-la-fete-de-la-musique-a-saint-etienne","status":"publish","type":"post","link":"https:\/\/www.europesays.com\/fr\/983506\/","title":{"rendered":"\u00c0 quoi s&rsquo;attendre pour la F\u00eate de la musique \u00e0 Saint-\u00c9tienne ?"},"content":{"rendered":"<p><img loading=\"lazy\" decoding=\"async\" alt=\"\u00a9 J\u00e9r\u00f4me Abou \/ Ville de Saint-\u00c9tienne - La Ville veut profiter de cet \u00e9v\u00e8nement pour valoriser les artistes locaux.\" data-zoom-src=\"https:\/\/www.europesays.com\/fr\/wp-content\/uploads\/2026\/06\/initial-fete-de-la-musique-saint-etienne.jpg\" data-zoomable=\"\" height=\"702\" src=\"https:\/\/www.europesays.com\/fr\/wp-content\/uploads\/2026\/06\/initial-fete-de-la-musique-saint-etienne.jpg\" width=\"1248\"\/>  <\/p>\n<p class=\"article-desc\">\u00a9 J\u00e9r\u00f4me Abou \/ Ville de Saint-\u00c9tienne &#8211; La Ville veut profiter de cet \u00e9v\u00e8nement pour valoriser les artistes locaux. <\/p>\n<p>La F\u00eate de la musique fera son retour <strong>les 20 et 21 juin <\/strong>dans le centre-ville de <strong>Saint-\u00c9tienne<\/strong> avec une programmation largement tourn\u00e9e vers les <strong>artistes locaux<\/strong>. Pour cette 44e \u00e9dition, la municipalit\u00e9 entend proposer un \u00e9v\u00e9nement \u00ab\u00a0populaire, cr\u00e9atif et ouvert \u00e0 toutes les cultures\u00a0\u00bb, comme le d\u00e9clare le maire <a href=\"https:\/\/mesinfos.fr\/42000-saint-etienne\/saint-etienne-le-cabinet-du-maire-en-cours-de-constitution-248654.html\" rel=\"nofollow noopener\" target=\"_blank\">R\u00e9gis Juanico<\/a>, qui pr\u00e9cise : \u00ab\u00a0Nous voulons offrir des sc\u00e8nes \u00e0 ceux et \u00e0 celles qui d\u00e9butent, et faire grandir les artistes locaux de demain.\u00a0\u00bb <\/p>\n<p>50 concerts et pas moins de <strong>250 artistes<\/strong> se produiront durant le week-end sur diff\u00e9rentes sc\u00e8nes install\u00e9es \u00e0 travers la ville. Place Jean-Jaur\u00e8s, le dimanche, plusieurs groupes m\u00ealant \u00e9lectro-pop, musique du monde et rock alternatif se succ\u00e9deront devant le public.\u00a0<\/p>\n<p> La Ville de Saint-\u00c9tienne veut une programmation qui met en avant les artistes f\u00e9minines <\/p>\n<p>Les festivit\u00e9s d\u00e9buteront d\u00e8s le samedi avec \u00ab\u00a0<strong>Les Sons de la mine<\/strong>\u00ab\u00a0. Deux sc\u00e8nes seront install\u00e9es dans le parc et la cour du mus\u00e9e de la Mine au puits Couriot. Treize artistes y proposeront une programmation associant <strong>\u00e9lectro et hip-hop, <\/strong>tourn\u00e9e vers la jeunesse. La municipalit\u00e9 a \u00e9galement souhait\u00e9 mettre en avant les artistes f\u00e9minines avec notamment la pr\u00e9sence de Canelle Doublekick et Nayra. \u00ab\u00a0Il est important pour nous de faire une place aux artistes f\u00e9minines, c&rsquo;est l&rsquo;un de nos engagements dans cette programmation\u00a0\u00bb, indique <strong>La\u00ebtitia Valentin<\/strong>, adjointe charg\u00e9e des arts et cultures.<\/p>\n<p>De la place Jean-Jaur\u00e8s \u00e0 l\u2019h\u00f4tel de ville en passant par la place Chavanelle, les concerts gratuits se multiplieront tout au long du week-end. Chaque ann\u00e9e, l\u2019\u00e9v\u00e9nement attire <strong>pr\u00e8s de 50 000 personnes<\/strong>. Le budget de cette \u00e9dition s\u2019\u00e9l\u00e8ve \u00e0 150 000 euros pour la Ville de Saint-\u00c9tienne.<\/p>\n<p>Pour plus d&rsquo;informations et pour le programme complet, rendez-vous sur <a href=\"https:\/\/www.saint-etienne.fr\/fetedelamusique2026\" rel=\"nofollow noopener\" target=\"_blank\">le site de la Ville de Saint-\u00c9tienne.<\/a> <\/p>\n<p>Les transports de la Stas seront gratuits <\/p>\n<p>Les transports du r\u00e9seau Stas seront gratuits lors de la F\u00eate de la musique et fonctionneront jusqu\u2019\u00e0 1 heure du matin le dimanche afin de faciliter les d\u00e9placements du public. La Ville disposant de six jours de gratuit\u00e9 par an avec le r\u00e9seau de transport.\u00a0<\/p>\n","protected":false},"excerpt":{"rendered":"\u00a9 J\u00e9r\u00f4me Abou \/ Ville de Saint-\u00c9tienne &#8211; La Ville veut profiter de cet \u00e9v\u00e8nement pour valoriser les&hellip;\n","protected":false},"author":2,"featured_media":983507,"comment_status":"","ping_status":"","sticky":false,"template":"","format":"standard","meta":{"footnotes":"","_share_on_mastodon":"0"},"categories":[9653],"tags":[1111,11,2430,1777,674,1011,27,32350,12,25,4001,15880],"class_list":["post-983506","post","type-post","status-publish","format-standard","has-post-thumbnail","category-saint-etienne","tag-actu","tag-actualites","tag-auvergne-rhone-alpes","tag-eu","tag-europe","tag-fr","tag-france","tag-fu00eate-de-la-musique","tag-news","tag-republique-francaise","tag-saint-etienne","tag-ville-de-saint-etienne"],"share_on_mastodon":{"url":"https:\/\/pubeurope.com\/@fr\/116707205299787208","error":""},"_links":{"self":[{"href":"https:\/\/www.europesays.com\/fr\/wp-json\/wp\/v2\/posts\/983506","targetHints":{"allow":["GET"]}}],"collection":[{"href":"https:\/\/www.europesays.com\/fr\/wp-json\/wp\/v2\/posts"}],"about":[{"href":"https:\/\/www.europesays.com\/fr\/wp-json\/wp\/v2\/types\/post"}],"author":[{"embeddable":true,"href":"https:\/\/www.europesays.com\/fr\/wp-json\/wp\/v2\/users\/2"}],"replies":[{"embeddable":true,"href":"https:\/\/www.europesays.com\/fr\/wp-json\/wp\/v2\/comments?post=983506"}],"version-history":[{"count":0,"href":"https:\/\/www.europesays.com\/fr\/wp-json\/wp\/v2\/posts\/983506\/revisions"}],"wp:featuredmedia":[{"embeddable":true,"href":"https:\/\/www.europesays.com\/fr\/wp-json\/wp\/v2\/media\/983507"}],"wp:attachment":[{"href":"https:\/\/www.europesays.com\/fr\/wp-json\/wp\/v2\/media?parent=983506"}],"wp:term":[{"taxonomy":"category","embeddable":true,"href":"https:\/\/www.europesays.com\/fr\/wp-json\/wp\/v2\/categories?post=983506"},{"taxonomy":"post_tag","embeddable":true,"href":"https:\/\/www.europesays.com\/fr\/wp-json\/wp\/v2\/tags?post=983506"}],"curies":[{"name":"wp","href":"https:\/\/api.w.org\/{rel}","templated":true}]}}