{"id":98374,"date":"2025-05-14T03:32:12","date_gmt":"2025-05-14T03:32:12","guid":{"rendered":"https:\/\/www.europesays.com\/fr\/98374\/"},"modified":"2025-05-14T03:32:12","modified_gmt":"2025-05-14T03:32:12","slug":"a-marseille-la-fete-des-ecoles-naura-finalement-pas-lieu-au-velodrome","status":"publish","type":"post","link":"https:\/\/www.europesays.com\/fr\/98374\/","title":{"rendered":"\u00c0 Marseille, la f\u00eate des \u00e9coles n&rsquo;aura finalement pas lieu au V\u00e9lodrome"},"content":{"rendered":"<p>Elle a fix\u00e9 des souvenirs inoubliables aupr\u00e8s de plusieurs g\u00e9n\u00e9rations d&rsquo;\u00e9coliers. Organis\u00e9e sur la pelouse du stade V\u00e9lodrome depuis 1948 par l&rsquo;association de la f\u00eate des \u00e9coles publiques de la Ligue de l&rsquo;enseignement, la <a href=\"https:\/\/www.laprovence.com\/article\/societe\/4985196\/marseille-5000-enfants-des-choregraphies-pleines-de-couleurs-toutes-les-photos-et-videos-de-la-70e-fete-\" target=\"_blank\" rel=\"noopener\">f\u00eate des \u00e9coles de Marseille<\/a> n&rsquo;a plus \u00e9t\u00e9 c\u00e9l\u00e9br\u00e9e depuis la <a href=\"https:\/\/www.laprovence.com\/article\/sante\/18064379280830\/le-covid-19-qualifie-de-pandemie-il-y-a-5-ans-par-loms-pourquoi-cela-a-marque-un-tournant\" target=\"_blank\" rel=\"noopener\">crise sanitaire de 2020<\/a>. Les ann\u00e9es pr\u00e9c\u00e9dentes, travaux du stade et co\u00fbts de prise en charge avaient parfois eu pour cons\u00e9quence le rapatriement des \u00e9coliers dans l&rsquo;enceinte du Palais des sports.<\/p>\n<p>Alors, quand le maire (DVG), Beno\u00eet Payan, a annonc\u00e9 \u00e0 l&rsquo;occasion de la pr\u00e9sentation de ses v\u0153ux \u00e0 la presse <a href=\"https:\/\/www.laprovence.com\/article\/region\/7324658540983614\/marseille-la-fete-des-ecoles-revient-mi-juin-au-velodrome-apres-plusieurs-annees-d-absence\" target=\"_blank\" rel=\"noopener\">le retour de la f\u00eate des \u00e9coles dans le mythique V\u00e9lodrome d\u00e8s 2025<\/a>, les \u00e9toiles ont commenc\u00e9 \u00e0 briller dans les yeux des familles qui allaient partager ce moment de gr\u00e2ce avec leurs minots dans le temple de l&rsquo;Olympique de Marseille.<\/p>\n","protected":false},"excerpt":{"rendered":"Elle a fix\u00e9 des souvenirs inoubliables aupr\u00e8s de plusieurs g\u00e9n\u00e9rations d&rsquo;\u00e9coliers. Organis\u00e9e sur la pelouse du stade V\u00e9lodrome&hellip;\n","protected":false},"author":2,"featured_media":98375,"comment_status":"","ping_status":"","sticky":false,"template":"","format":"standard","meta":{"footnotes":""},"categories":[2814],"tags":[17,1111,11,154,4019,1777,674,4768,17515,1011,27,884,21274,12,5261,882,25,104],"class_list":{"0":"post-98374","1":"post","2":"type-post","3":"status-publish","4":"format-standard","5":"has-post-thumbnail","7":"category-marseille","8":"tag-17","9":"tag-actu","10":"tag-actualites","11":"tag-des","12":"tag-ecoles","13":"tag-eu","14":"tag-europe","15":"tag-fete","16":"tag-finalement","17":"tag-fr","18":"tag-france","19":"tag-marseille","20":"tag-naura","21":"tag-news","22":"tag-pas","23":"tag-provence-alpes-cote-dazur","24":"tag-republique-francaise","25":"tag-societe"},"share_on_mastodon":{"url":"https:\/\/pubeurope.com\/@fr\/114504082644767255","error":""},"_links":{"self":[{"href":"https:\/\/www.europesays.com\/fr\/wp-json\/wp\/v2\/posts\/98374","targetHints":{"allow":["GET"]}}],"collection":[{"href":"https:\/\/www.europesays.com\/fr\/wp-json\/wp\/v2\/posts"}],"about":[{"href":"https:\/\/www.europesays.com\/fr\/wp-json\/wp\/v2\/types\/post"}],"author":[{"embeddable":true,"href":"https:\/\/www.europesays.com\/fr\/wp-json\/wp\/v2\/users\/2"}],"replies":[{"embeddable":true,"href":"https:\/\/www.europesays.com\/fr\/wp-json\/wp\/v2\/comments?post=98374"}],"version-history":[{"count":0,"href":"https:\/\/www.europesays.com\/fr\/wp-json\/wp\/v2\/posts\/98374\/revisions"}],"wp:featuredmedia":[{"embeddable":true,"href":"https:\/\/www.europesays.com\/fr\/wp-json\/wp\/v2\/media\/98375"}],"wp:attachment":[{"href":"https:\/\/www.europesays.com\/fr\/wp-json\/wp\/v2\/media?parent=98374"}],"wp:term":[{"taxonomy":"category","embeddable":true,"href":"https:\/\/www.europesays.com\/fr\/wp-json\/wp\/v2\/categories?post=98374"},{"taxonomy":"post_tag","embeddable":true,"href":"https:\/\/www.europesays.com\/fr\/wp-json\/wp\/v2\/tags?post=98374"}],"curies":[{"name":"wp","href":"https:\/\/api.w.org\/{rel}","templated":true}]}}