{"id":98378,"date":"2025-05-14T03:34:09","date_gmt":"2025-05-14T03:34:09","guid":{"rendered":"https:\/\/www.europesays.com\/fr\/98378\/"},"modified":"2025-05-14T03:34:09","modified_gmt":"2025-05-14T03:34:09","slug":"grievement-blesse-par-un-coup-de-couteau-en-pleine-rue-un-homme-se-montre-violent-avec-les-secours","status":"publish","type":"post","link":"https:\/\/www.europesays.com\/fr\/98378\/","title":{"rendered":"Gri\u00e8vement bless\u00e9 par un coup de couteau en pleine rue, un homme se montre violent avec les secours"},"content":{"rendered":"<p>La violence a frapp\u00e9 mardi apr\u00e8s-midi en pleine rue \u00e0 <a href=\"https:\/\/www.20minutes.fr\/lyon\/\" target=\"_blank\" class=\"color-ultramarine c-link\" rel=\"nofollow noopener\">Lyon<\/a>. A 15h30, un homme a re\u00e7u un coup de couteau devant la biblioth\u00e8que et la gare de Lyon Part-Dieu, selon une information du site <a href=\"https:\/\/actu.fr\/auvergne-rhone-alpes\/lyon_69123\/lyon-poignarde-au-couteau-devant-la-gare-part-dieu-un-homme-dans-un-etat-grave_62630105.html\" rel=\"nofollow noopener\" target=\"_blank\" class=\"color-ultramarine c-link\">actuLyon<\/a>.<\/p>\n<p>\u00ab\u00a0La police a \u00e9t\u00e9 alert\u00e9e d\u2019une dispute qui a d\u00e9g\u00e9n\u00e9r\u00e9 au niveau de l\u2019arr\u00eat de bus du C9, au 30, boulevard Vivier-Merle\u00a0\u00bb indique actuLyon. Ag\u00e9e d\u2019une trentaine d\u2019ann\u00e9es, la victime \u00e9tait inconsciente lors de l\u2019arriv\u00e9e des secours. Avec l\u2019aide des policiers, les pompiers du <a href=\"https:\/\/www.20minutes.fr\/dossier\/rhone\" target=\"_blank\" class=\"color-ultramarine c-link\" rel=\"nofollow noopener\">Rh\u00f4ne<\/a> ont donc transport\u00e9 l\u2019homme vers l\u2019h\u00f4pital Edouard-Herriot.<\/p>\n<p>Le suspect est en fuite<\/p>\n<p>L\u2019inqui\u00e9tude \u00e9tait alors de mise, la victime, qui a re\u00e7u un coup de couteau au niveau de l\u2019aisselle, se trouvant entre la vie et la mort. Mais finalement, selon actuLyon, son \u00e9tat a fini par se stabiliser. Le pronostic vital n\u2019est plus engag\u00e9. L\u2019homme s\u2019est par contre montr\u00e9 violent envers les secours lors de son transfert \u00e0 l\u2019h\u00f4pital.<\/p>\n<\/p>\n<p>Alors que le suspect de l\u2019agression est en fuite, une enqu\u00eate a \u00e9t\u00e9 ouverte.<\/p>\n","protected":false},"excerpt":{"rendered":"La violence a frapp\u00e9 mardi apr\u00e8s-midi en pleine rue \u00e0 Lyon. A 15h30, un homme a re\u00e7u un&hellip;\n","protected":false},"author":2,"featured_media":98379,"comment_status":"","ping_status":"","sticky":false,"template":"","format":"standard","meta":{"footnotes":""},"categories":[1889],"tags":[1111,47,11,2430,7623,1777,674,118,3561,1011,27,2428,12,1311,25,2429,2431,133,809],"class_list":{"0":"post-98378","1":"post","2":"type-post","3":"status-publish","4":"format-standard","5":"has-post-thumbnail","7":"category-lyon","8":"tag-actu","9":"tag-actualite","10":"tag-actualites","11":"tag-auvergne-rhone-alpes","12":"tag-coup-de-couteau","13":"tag-eu","14":"tag-europe","15":"tag-faits-divers","16":"tag-faits-divers-lyon","17":"tag-fr","18":"tag-france","19":"tag-lyon","20":"tag-news","21":"tag-pompiers","22":"tag-republique-francaise","23":"tag-rhone","24":"tag-rhone-alpes","25":"tag-video","26":"tag-violence"},"share_on_mastodon":{"url":"https:\/\/pubeurope.com\/@fr\/114504090611433478","error":""},"_links":{"self":[{"href":"https:\/\/www.europesays.com\/fr\/wp-json\/wp\/v2\/posts\/98378","targetHints":{"allow":["GET"]}}],"collection":[{"href":"https:\/\/www.europesays.com\/fr\/wp-json\/wp\/v2\/posts"}],"about":[{"href":"https:\/\/www.europesays.com\/fr\/wp-json\/wp\/v2\/types\/post"}],"author":[{"embeddable":true,"href":"https:\/\/www.europesays.com\/fr\/wp-json\/wp\/v2\/users\/2"}],"replies":[{"embeddable":true,"href":"https:\/\/www.europesays.com\/fr\/wp-json\/wp\/v2\/comments?post=98378"}],"version-history":[{"count":0,"href":"https:\/\/www.europesays.com\/fr\/wp-json\/wp\/v2\/posts\/98378\/revisions"}],"wp:featuredmedia":[{"embeddable":true,"href":"https:\/\/www.europesays.com\/fr\/wp-json\/wp\/v2\/media\/98379"}],"wp:attachment":[{"href":"https:\/\/www.europesays.com\/fr\/wp-json\/wp\/v2\/media?parent=98378"}],"wp:term":[{"taxonomy":"category","embeddable":true,"href":"https:\/\/www.europesays.com\/fr\/wp-json\/wp\/v2\/categories?post=98378"},{"taxonomy":"post_tag","embeddable":true,"href":"https:\/\/www.europesays.com\/fr\/wp-json\/wp\/v2\/tags?post=98378"}],"curies":[{"name":"wp","href":"https:\/\/api.w.org\/{rel}","templated":true}]}}