{"id":983781,"date":"2026-06-07T08:39:10","date_gmt":"2026-06-07T08:39:10","guid":{"rendered":"https:\/\/www.europesays.com\/fr\/983781\/"},"modified":"2026-06-07T08:39:10","modified_gmt":"2026-06-07T08:39:10","slug":"la-maire-du-10e-arrondissement-de-paris-agressee-a-lentree-dune-eglise-par-des-militants-dextreme-droite","status":"publish","type":"post","link":"https:\/\/www.europesays.com\/fr\/983781\/","title":{"rendered":"La maire du 10e arrondissement de Paris agress\u00e9e \u00e0 l&rsquo;entr\u00e9e d&rsquo;une \u00e9glise par des \u00ab\u00a0militants d&rsquo;extr\u00eame droite\u00a0\u00bb"},"content":{"rendered":"<p>                    Par<br \/>\n        <strong><br \/>\n            <a href=\"https:\/\/actu.fr\/auteur\/glenn-gillet\" title=\"Consulter tous les articles de Glenn Gillet\" rel=\"nofollow noopener\" target=\"_blank\">Glenn Gillet<\/a><br \/>\n                    <\/strong><\/p>\n<p>        Publi\u00e9 le<\/p>\n<p>            7 juin 2026 \u00e0 9h45        <\/p>\n<p>Ils n\u2019ont pas accept\u00e9 que cet \u00e9difice religieux soit utilis\u00e9 par la <a href=\"https:\/\/actu.fr\/tag\/mairie-de-paris\" rel=\"nofollow noopener\" target=\"_blank\">mairie de Paris<\/a> pour accueillir une soir\u00e9e artistique la\u00efque. Samedi 6\u00a0juin 2026, des militants de l\u2019organisation catholique traditionaliste <a href=\"https:\/\/actu.fr\/societe\/civitas-le-mouvement-catholique-integriste-dissout-par-le-gouvernement_60165674.html\" rel=\"nofollow noopener\" target=\"_blank\">Civitas<\/a> ont <strong>perturb\u00e9<\/strong> la soir\u00e9e culturelle qui avait lieu au sein de l\u2019<strong>\u00e9glise Saint-Laurent<\/strong>, dans le 10e arrondissement, dans le cadre de la programmation de la manifestation artistique <a href=\"https:\/\/actu.fr\/ile-de-france\/paris_75056\/barbara-butch-ou-voir-la-performance-de-la-dj-star-a-paris-ce-samedi-pour-la-nuit-blanche_64365520.html\" rel=\"nofollow noopener\" target=\"_blank\">Nuit Blanche<\/a>, organis\u00e9e par la Ville de Paris.<\/p>\n<p>Coups, intervention de la police\u2026<\/p>\n<p class=\" wall-content\">\u00ab\u2009J\u2019ai \u00e9t\u00e9 bouscul\u00e9e avec mon \u00e9quipe. J\u2019ai personnellement <strong>re\u00e7u des coups<\/strong> de la part de ces individus, qui voulaient nous emp\u00eacher d\u2019entrer. Je porterai bien s\u00fbr plainte\u2009\u00bb, a annonc\u00e9 la maire d\u2019arrondissement Alexandra Cordebard dans un message sur X. Dans un communiqu\u00e9 transmis \u00e0 actu Paris, la Ville annonce \u00e9galement porter plainte contre ces \u00ab\u2009militants d\u2019extr\u00eame droite\u2009\u00bb.<\/p>\n<p class=\" wall-content\">L\u2019\u00e9glise accueillait samedi soir Sous la peau du ciel, une installation sonore de l\u2019artiste Marie-Luce Nadal diffusant des voix anonymes \u00ab\u2009venues du monde entier\u2009\u00bb collect\u00e9es en ligne et exprimant \u00ab\u2009leurs souhaits, leurs d\u00e9sirs, leurs pri\u00e8res les plus intimes\u2009\u00bb. Civitas International avait appel\u00e9 \u00e0 la mobilisation contre cette \u0153uvre, ainsi que d\u2019autres propos\u00e9es dans des \u00e9glises parisiennes dans le cadre de Nuit Blanche, qui constituaient autant de \u00ab\u2009sacril\u00e8ges\u2009\u00bb et de \u00ab\u2009profanations\u2009\u00bb selon l\u2019organisation.<\/p>\n<p class=\" wall-content\">\n<p class=\" wall-content\">Selon la Ville de Paris, des militants se sont r\u00e9unis peu avant 19h devant l\u2019\u00e9glise Saint-Laurent et \u00ab\u2009ont cherch\u00e9 \u00e0 emp\u00eacher l\u2019ouverture au public de l\u2019\u00e9glise\u2009\u00bb. Par la suite, \u00ab\u2009le collectif a organis\u00e9 une <strong>pri\u00e8re de rue<\/strong> aux abords de l\u2019\u00e9difice, propri\u00e9t\u00e9 de la Ville de Paris\u2009\u00bb, puis a \u00ab\u2009pris \u00e0 partie et agress\u00e9 la maire du 10e arrondissement\u2009\u00bb, d\u00e9veloppe la Mairie.<\/p>\n<p>Civitas France avait \u00e9t\u00e9 dissous en 2023<\/p>\n<p class=\" wall-content\">Apr\u00e8s ces perturbations et suite \u00e0 une intervention de la police, l\u2019\u0153uvre de Marie-Luce Nadal a pu \u00eatre pr\u00e9sent\u00e9e au public. La Ville de Paris \u00ab\u2009apporte son plein et entier soutien \u00e0 l\u2019artiste et r\u00e9affirme son attachement \u00e0 la libert\u00e9 artistique, \u00e0 la pluralit\u00e9 des expressions culturelles et au d\u00e9bat d\u00e9mocratique\u2009\u00bb.<\/p>\n<p class=\" wall-content\">Le mouvement Civitas France avait \u00e9t\u00e9 dissous en 2023 par le gouvernement apr\u00e8s avoir appel\u00e9 \u00e0 \u00ab\u2009entrer en <strong>guerre contre la R\u00e9publique<\/strong>\u2009\u00bb. Les militants s\u2019\u00e9taient par ailleurs illustr\u00e9 par leurs hommages \u00e0 des personnalit\u00e9s ayant collabor\u00e9 lors de la Seconde Guerre mondiale, et la promotion de th\u00e8ses antis\u00e9mites et islamophobes. Mais la conf\u00e9d\u00e9ration Civitas International m\u00e8ne toujours des actions en France.<\/p>\n<p class=\" wall-content\">Personnalisez votre actualit\u00e9 en ajoutant vos villes et m\u00e9dias en favori avec <a href=\"https:\/\/moncompte.actu.fr\" title=\"D\u00e9couvez Mon Actu\" rel=\"nofollow noopener\" data-trk=\"{&quot;cta&quot;:{&quot;action&quot;:&quot;https:\\\/\\\/moncompte.actu.fr&quot;,&quot;category&quot;:&quot;mon compte&quot;,&quot;from&quot;:&quot;article footer&quot;,&quot;name&quot;:&quot;Mon actu&quot;,&quot;type&quot;:&quot;cta&quot;}}\" target=\"_blank\">Mon Actu<\/a>.<\/p>\n","protected":false},"excerpt":{"rendered":"Par Glenn Gillet Publi\u00e9 le 7 juin 2026 \u00e0 9h45 Ils n\u2019ont pas accept\u00e9 que cet \u00e9difice religieux&hellip;\n","protected":false},"author":2,"featured_media":983782,"comment_status":"","ping_status":"","sticky":false,"template":"","format":"standard","meta":{"footnotes":"","_share_on_mastodon":"0"},"categories":[1888],"tags":[1111,1928,11,1927,1777,674,118,1011,27,12,1926,14156,626,1925,1072,4020,25],"class_list":["post-983781","post","type-post","status-publish","format-standard","has-post-thumbnail","category-paris","tag-actu","tag-actu-paris","tag-actualites","tag-actualites-paris","tag-eu","tag-europe","tag-faits-divers","tag-fr","tag-france","tag-news","tag-news-paris","tag-nuit-blanche","tag-paris","tag-paris-news","tag-police","tag-religion","tag-republique-francaise"],"share_on_mastodon":{"url":"https:\/\/pubeurope.com\/@fr\/116707928578257934","error":""},"_links":{"self":[{"href":"https:\/\/www.europesays.com\/fr\/wp-json\/wp\/v2\/posts\/983781","targetHints":{"allow":["GET"]}}],"collection":[{"href":"https:\/\/www.europesays.com\/fr\/wp-json\/wp\/v2\/posts"}],"about":[{"href":"https:\/\/www.europesays.com\/fr\/wp-json\/wp\/v2\/types\/post"}],"author":[{"embeddable":true,"href":"https:\/\/www.europesays.com\/fr\/wp-json\/wp\/v2\/users\/2"}],"replies":[{"embeddable":true,"href":"https:\/\/www.europesays.com\/fr\/wp-json\/wp\/v2\/comments?post=983781"}],"version-history":[{"count":0,"href":"https:\/\/www.europesays.com\/fr\/wp-json\/wp\/v2\/posts\/983781\/revisions"}],"wp:featuredmedia":[{"embeddable":true,"href":"https:\/\/www.europesays.com\/fr\/wp-json\/wp\/v2\/media\/983782"}],"wp:attachment":[{"href":"https:\/\/www.europesays.com\/fr\/wp-json\/wp\/v2\/media?parent=983781"}],"wp:term":[{"taxonomy":"category","embeddable":true,"href":"https:\/\/www.europesays.com\/fr\/wp-json\/wp\/v2\/categories?post=983781"},{"taxonomy":"post_tag","embeddable":true,"href":"https:\/\/www.europesays.com\/fr\/wp-json\/wp\/v2\/tags?post=983781"}],"curies":[{"name":"wp","href":"https:\/\/api.w.org\/{rel}","templated":true}]}}