{"id":984019,"date":"2026-06-07T11:13:19","date_gmt":"2026-06-07T11:13:19","guid":{"rendered":"https:\/\/www.europesays.com\/fr\/984019\/"},"modified":"2026-06-07T11:13:19","modified_gmt":"2026-06-07T11:13:19","slug":"camions-electriques-la-chine-est-elle-en-train-de-prendre-une-avance-que-leurope-ne-pourra-plus-combler","status":"publish","type":"post","link":"https:\/\/www.europesays.com\/fr\/984019\/","title":{"rendered":"Camions \u00e9lectriques : la Chine est-elle en train de prendre une avance que l&rsquo;Europe ne pourra plus combler ?"},"content":{"rendered":"<p itemprop=\"description\">Alors que la Chine aligne d\u00e9j\u00e0 des<br \/>\ncentaines de milliers de camions \u00e9lectriques, l\u2019Europe cherche<br \/>\nencore son rythme. Entre batteries, prix et usines locales,<br \/>\nl\u2019\u00e9quilibre pourrait vite basculer.<\/p>\n<p>Apr\u00e8s les voitures particuli\u00e8res, la prochaine grande bataille<br \/>\nindustrielle entre l&rsquo;Europe et la <a href=\"https:\/\/www.autoplus.fr\/environnement\/batterie-solide-la-chine-est-toujours-en-avance-pour-le-moment-1445829.html\" target=\"_blank\" rel=\"noopener nofollow\">Chine<\/a> se joue d\u00e9j\u00e0 sur les<br \/>\n<strong>poids lourds<\/strong>. Face \u00e0 la mont\u00e9e en puissance des<br \/>\n<strong>camions \u00e9lectriques chinois<\/strong>, les constructeurs<br \/>\nhistoriques europ\u00e9ens voient se dessiner un rapport de force qui ne<br \/>\nressemble plus \u00e0 celui du diesel.<\/p>\n<p>Les chiffres publi\u00e9s par l&rsquo;Agence internationale de l&rsquo;\u00e9nergie<br \/>\nmontrent un basculement rapide du march\u00e9 mondial du poids lourd,<br \/>\nlargement tir\u00e9 par la Chine. Pendant que les immatriculations de<br \/>\ncamions \u00e9lectriques restent marginales en Europe, elles progressent<br \/>\n\u00e0 un rythme rarement observ\u00e9 dans l&rsquo;automobile de l&rsquo;autre c\u00f4t\u00e9 de<br \/>\nla plan\u00e8te. Dans ce contexte, et alors que de nouveaux acteurs<br \/>\nchinois annoncent des usines et des prix agressifs sur le Vieux<br \/>\nContinent, la crainte de voir se reproduire le sc\u00e9nario des<br \/>\n<a href=\"https:\/\/www.autoplus.fr\/environnement\/voiture-electrique\" target=\"_blank\" rel=\"noopener nofollow\">voitures \u00e9lectriques<\/a> grandit.<br \/>\nReste \u00e0 savoir si cette avance est encore rattrapable, ou si elle<br \/>\nrisque de se transformer en avantage industriel durable.<\/p>\n<p>Une avance des camions \u00e9lectriques chinois qui se compte en<br \/>\ncentaines de milliers d\u2019unit\u00e9s<\/p>\n<p>Pour Christian Levin, qui dirige le groupe su\u00e9dois<br \/>\n<strong>Traton<\/strong>, le danger ne vient pas d&rsquo;un retard<br \/>\ntechnique suppos\u00e9 de l&rsquo;Europe. Ses \u00e9quipes ont pass\u00e9 au crible les<br \/>\nmod\u00e8les venus de l&rsquo;Empire du Milieu. \u00ab\u00a0Nous avons \u00e9tudi\u00e9 en<br \/>\nd\u00e9tail tous les concurrents, tous les camions chinois. Nous sommes<br \/>\ncapables de produire des camions qui sont au m\u00eame niveau\u00a0\u00bb,<br \/>\nexplique Christian Levin, pr\u00e9sident de Traton Group, interrog\u00e9 par<br \/>\nnos confr\u00e8res d&rsquo;<a href=\"https:\/\/www.auto-infos.fr\/article\/camions-electriques-la-chine-est-elle-en-train-de-prendre-une-avance-impossible-a-rattraper.292189\" target=\"_blank\" rel=\"nofollow noopener\">Auto-Infos<\/a>. Et<br \/>\npourtant, le dirigeant ne cache pas son inqui\u00e9tude.<\/p>\n<p>Ce qui l&rsquo;alerte, c&rsquo;est le changement d&rsquo;\u00e9chelle entre les deux<br \/>\ncontinents. \u00ab\u00a0Ce qui me fait peur, c&rsquo;est l&rsquo;\u00e9chelle. Le march\u00e9<br \/>\nchinois est deux fois plus grand que le n\u00f4tre. Si 25 %<br \/>\nd&rsquo;\u00e9lectrique, cela veut dire que 300 000 poids lourds \u00e9lectriques<br \/>\nsortent chaque ann\u00e9e en Chine. En Europe, l&rsquo;ann\u00e9e derni\u00e8re, c&rsquo;\u00e9tait<br \/>\n6 000\u00a0\u00bb, d\u00e9taille-t-il. Les donn\u00e9es de l&rsquo;Agence internationale<br \/>\nde l&rsquo;\u00e9nergie confirment ce foss\u00e9 : en 2025, les <strong>camions<br \/>\n\u00e9lectriques<\/strong> ont repr\u00e9sent\u00e9 environ 9 % des<br \/>\nimmatriculations mondiales de poids lourds, soit entre 650 000 et<br \/>\n700 000 v\u00e9hicules, et plus de 90 % de ces ventes ont \u00e9t\u00e9 r\u00e9alis\u00e9es<br \/>\nen Chine. Dans le pays, <strong>un camion sur quatre vendu<\/strong><br \/>\nest d\u00e9j\u00e0 \u00e9lectrique, apr\u00e8s deux ann\u00e9es cons\u00e9cutives de doublement<br \/>\ndes volumes. Et pour l&rsquo;AIE, cette trajectoire ne fait que<br \/>\ncommencer. Sur la base des politiques actuelles, les camions<br \/>\n\u00e9lectriques pourraient d\u00e9passer 20 % des ventes mondiales de poids<br \/>\nlourds d&rsquo;ici 2035. En Chine, cette part atteindrait m\u00eame 60 %, ce<br \/>\nqui renforcerait encore l&rsquo;avance prise aujourd&rsquo;hui.<\/p>\n<p>Batteries et nouveaux acteurs : les atouts qui creusent l\u2019\u00e9cart<br \/>\nen Chine<\/p>\n<p>L&rsquo;\u00e9cart ne se joue pas seulement sur le nombre de camions<br \/>\nvendus, mais sur tout l&rsquo;\u00e9cosyst\u00e8me industriel qui gravite autour.<br \/>\nEn Chine, souligne l&rsquo;Agence internationale de l&rsquo;\u00e9nergie, les<br \/>\nconstructeurs de poids lourds b\u00e9n\u00e9ficient d&rsquo;un march\u00e9 int\u00e9rieur<br \/>\nimmense, d&rsquo;une fili\u00e8re <strong>batterie<\/strong> largement<br \/>\nnationale et d&rsquo;un tissu de fournisseurs sp\u00e9cialis\u00e9s qui acc\u00e9l\u00e8re<br \/>\nles gains de productivit\u00e9. Pr\u00e8s de <strong>30 % du march\u00e9 chinois<br \/>\ndu camion \u00e9lectrique<\/strong> est d\u00e9sormais occup\u00e9 par de nouveaux<br \/>\nentrants issus de la machine de chantier, des \u00e9quipements<br \/>\nindustriels ou des v\u00e9hicules sp\u00e9cialis\u00e9s, comme <strong>Sany, XCMG<br \/>\nou Zoomlion.<\/strong> Cette multiplication d&rsquo;acteurs alimente<br \/>\nencore les \u00e9conomies d&rsquo;\u00e9chelle et la course \u00e0 l&rsquo;innovation. L\u00e0 o\u00f9<br \/>\nl&rsquo;Europe compte encore ses milliers de v\u00e9hicules \u00e9lectriques, la<br \/>\nChine raisonne d\u00e9j\u00e0 en centaines de milliers d&rsquo;unit\u00e9s, un volume<br \/>\nqui change la nature m\u00eame de la comp\u00e9tition.<\/p>\n<p>Au centre de cette m\u00e9canique se trouve la batterie. Selon l&rsquo;AIE,<br \/>\nle g\u00e9ant chinois <a href=\"https:\/\/www.autoplus.fr\/environnement\/catl-est-pret-pour-produire-sa-batterie-au-sodium-des-cette-annee-1446475.html\" target=\"_blank\" rel=\"noopener nofollow\"><strong>CATL<\/strong><\/a> fournit \u00e0<br \/>\nlui seul pr\u00e8s de 80 % des batteries utilis\u00e9es dans les camions<br \/>\n\u00e9lectriques vendus en Chine, et le pays concentre plus de 80 % de<br \/>\nla production mondiale de cellules. Lors d&rsquo;un forum organis\u00e9 par<br \/>\nScania \u00e0 Paris, Timur G\u00fcl, responsable des politiques en mati\u00e8re de<br \/>\ntechnologies \u00e9nerg\u00e9tiques \u00e0 l&rsquo;Agence internationale de l&rsquo;\u00e9nergie, a<br \/>\nrappel\u00e9 que la Chine produit aujourd&rsquo;hui <strong>huit fois plus de<br \/>\nbatteries que les \u00c9tats-Unis<\/strong> et b\u00e9n\u00e9ficie de co\u00fbts de<br \/>\nfabrication environ <strong>30 % inf\u00e9rieurs.<\/strong> Cette<br \/>\nma\u00eetrise de la cha\u00eene de valeur permet aux industriels chinois de<br \/>\n<strong>rapprocher progressivement le prix de leurs camions<br \/>\n\u00e9lectriques de celui d&rsquo;un diesel classique<\/strong>. L&rsquo;AIE estime<br \/>\nd&rsquo;ailleurs que le co\u00fbt total de possession d&rsquo;un camion \u00e9lectrique<br \/>\npourrait atteindre la parit\u00e9 avec le diesel en Europe d\u00e8s 2030 si<br \/>\nla baisse du prix des batteries se poursuit, ce qui ferait basculer<br \/>\ntr\u00e8s vite les arbitrages des transporteurs.<\/p>\n<p>L\u2019offensive des camions \u00e9lectriques chinois en Europe bouscule<br \/>\nd\u00e9j\u00e0 le march\u00e9<\/p>\n<p>Pour l&rsquo;instant, le march\u00e9 europ\u00e9en du camion \u00e9lectrique reste<br \/>\nmodeste. Selon les donn\u00e9es de l&rsquo;ACEA, il ne p\u00e8se encore que<br \/>\n<strong>4,2 % des immatriculations<\/strong> de poids lourds de plus<br \/>\nde 3,5 tonnes en 2025. Un camion \u00e9lectrique co\u00fbte le plus souvent<br \/>\nentre 280 000 et 400 000 euros, quand un diesel \u00e9quivalent reste<br \/>\ndans une fourchette de 120 000 \u00e0 160 000 euros. Pour r\u00e9duire cet<br \/>\n\u00e9cart, la France a par exemple doubl\u00e9 fin mai la prime CEE \u00e0<br \/>\nl&rsquo;achat et r\u00e9serv\u00e9 les superbonus aux v\u00e9hicules assembl\u00e9s en<br \/>\nEurope, avec la volont\u00e9 affich\u00e9e de freiner les <strong>camions<br \/>\n\u00e9lectriques chinois moins chers<\/strong>. Mais l\u00e0 encore, les<br \/>\nnouveaux entrants venus de Chine adaptent tr\u00e8s vite leur strat\u00e9gie.<br \/>\nLa start-up <strong>Windrose<\/strong>, cr\u00e9\u00e9e en 2022, a frapp\u00e9 fort<br \/>\nen annon\u00e7ant son camion <strong>Global E700<\/strong> \u00e0 195 000<br \/>\neuros, quand des mod\u00e8les europ\u00e9ens comparables d\u00e9passent souvent<br \/>\n280 000 euros. Elle pr\u00e9voit en outre de produire ce mod\u00e8le en<br \/>\nFrance, pr\u00e8s de Valenciennes, avec un investissement annonc\u00e9 de 175<br \/>\nmillions d&rsquo;euros, la cr\u00e9ation de 300 emplois et une capacit\u00e9<br \/>\npouvant atteindre 4 000 camions par an, reprenant la recette d\u00e9j\u00e0<br \/>\nvue dans l&rsquo;automobile particuli\u00e8re.<\/p>\n<p><strong>SuperPanther<\/strong> suit une trajectoire similaire.<br \/>\nCette jeune marque chinoise, elle aussi n\u00e9e en 2022, pr\u00e9pare<br \/>\nl&rsquo;arriv\u00e9e en 2026 de son <strong>eTopas 600<\/strong>, un camion 4&#215;2<br \/>\nhomologu\u00e9 42 tonnes \u00e9quip\u00e9 d&rsquo;une batterie LFP CATL de 621 kWh, pour<br \/>\nenviron 500 km d&rsquo;autonomie et une recharge rapide jusqu&rsquo;\u00e0 660 kW<br \/>\nvia deux connecteurs CCS. L&rsquo;assemblage en semi-knocked<br \/>\ndown sera assur\u00e9 par Steyr Automotive en Autriche, avec une<br \/>\npremi\u00e8re production de 100 \u00e0 200 unit\u00e9s et un objectif de 16 000<br \/>\ncamions livr\u00e9s d&rsquo;ici 2030. Ce choix d&rsquo;une production europ\u00e9enne lui<br \/>\npermettrait de r\u00e9pondre aux crit\u00e8res des aides fran\u00e7aises CEE, \u00e0<br \/>\ncondition d&rsquo;obtenir le feu vert de l&rsquo;Ademe, tout en limitant<br \/>\nl&rsquo;exposition aux droits de douane sur les v\u00e9hicules complets<br \/>\nimport\u00e9s de Chine. Dans le m\u00eame temps, <strong>Sany<\/strong> a<br \/>\ncommenc\u00e9 \u00e0 livrer son camion \u00e9lectrique e263 en Allemagne, avant de<br \/>\nviser la r\u00e9gion DACH et l&rsquo;Espagne, en s&rsquo;appuyant sur sa filiale<br \/>\nallemande Putzmeister pour adapter les camions aux exigences<br \/>\nlocales et structurer le service apr\u00e8s-vente. Le e263, \u00e9quip\u00e9 d&rsquo;une<br \/>\nbatterie LFP de 636 kWh dont 623 kWh utilisables et d&rsquo;un essieu<br \/>\n\u00e9lectrique de d\u00e9veloppement propre, revendique lui aussi plus de<br \/>\n500 km d&rsquo;autonomie, avec une garantie de huit ans ou 1,2 million de<br \/>\nkilom\u00e8tres, et sort d&rsquo;une usine de Changsha inaugur\u00e9e en 2019<br \/>\ncapable de produire jusqu&rsquo;\u00e0 300 000 camions par an. Pour les<br \/>\ngroupes europ\u00e9ens, voir une telle puissance de feu industrielle<br \/>\ns&rsquo;installer sur leur terrain n&rsquo;a rien d&rsquo;abstrait : \u00ab\u00a0Nous avons<br \/>\nd\u00e9j\u00e0 investi \u00e9norm\u00e9ment. C&rsquo;est vraiment tr\u00e8s grave pour nous<br \/>\n\u00e9conomiquement si cette transition ne se fait pas en Europe\u00a0\u00bb,<br \/>\npr\u00e9vient Christian Levin, qui r\u00e9sume l&rsquo;enjeu bien au-del\u00e0 des<br \/>\nseules parts de march\u00e9.<\/p>\n","protected":false},"excerpt":{"rendered":"Alors que la Chine aligne d\u00e9j\u00e0 des centaines de milliers de camions \u00e9lectriques, l\u2019Europe cherche encore son rythme.&hellip;\n","protected":false},"author":2,"featured_media":984020,"comment_status":"","ping_status":"","sticky":false,"template":"","format":"standard","meta":{"footnotes":"","_share_on_mastodon":"0"},"categories":[1586],"tags":[11,17298,38650,309,103514,1805,8401,3170,3026,932,1777,674,1011,27,4743,1808,16285,12,378,79600,4571,746,25,926,96],"class_list":["post-984019","post","type-post","status-publish","format-standard","has-post-thumbnail","category-europe","tag-actualites","tag-avance","tag-camions","tag-chine","tag-combler","tag-de","tag-electriques","tag-elle","tag-en","tag-est","tag-eu","tag-europe","tag-fr","tag-france","tag-la","tag-leurope","tag-ne","tag-news","tag-plus","tag-pourra","tag-prendre","tag-que","tag-republique-francaise","tag-train","tag-une"],"share_on_mastodon":{"url":"https:\/\/pubeurope.com\/@fr\/116708534510557338","error":""},"_links":{"self":[{"href":"https:\/\/www.europesays.com\/fr\/wp-json\/wp\/v2\/posts\/984019","targetHints":{"allow":["GET"]}}],"collection":[{"href":"https:\/\/www.europesays.com\/fr\/wp-json\/wp\/v2\/posts"}],"about":[{"href":"https:\/\/www.europesays.com\/fr\/wp-json\/wp\/v2\/types\/post"}],"author":[{"embeddable":true,"href":"https:\/\/www.europesays.com\/fr\/wp-json\/wp\/v2\/users\/2"}],"replies":[{"embeddable":true,"href":"https:\/\/www.europesays.com\/fr\/wp-json\/wp\/v2\/comments?post=984019"}],"version-history":[{"count":0,"href":"https:\/\/www.europesays.com\/fr\/wp-json\/wp\/v2\/posts\/984019\/revisions"}],"wp:featuredmedia":[{"embeddable":true,"href":"https:\/\/www.europesays.com\/fr\/wp-json\/wp\/v2\/media\/984020"}],"wp:attachment":[{"href":"https:\/\/www.europesays.com\/fr\/wp-json\/wp\/v2\/media?parent=984019"}],"wp:term":[{"taxonomy":"category","embeddable":true,"href":"https:\/\/www.europesays.com\/fr\/wp-json\/wp\/v2\/categories?post=984019"},{"taxonomy":"post_tag","embeddable":true,"href":"https:\/\/www.europesays.com\/fr\/wp-json\/wp\/v2\/tags?post=984019"}],"curies":[{"name":"wp","href":"https:\/\/api.w.org\/{rel}","templated":true}]}}