{"id":98411,"date":"2025-05-14T03:56:13","date_gmt":"2025-05-14T03:56:13","guid":{"rendered":"https:\/\/www.europesays.com\/fr\/98411\/"},"modified":"2025-05-14T03:56:13","modified_gmt":"2025-05-14T03:56:13","slug":"premiere-victoire-dalex-marquez-devant-le-francais-fabio-quartararo","status":"publish","type":"post","link":"https:\/\/www.europesays.com\/fr\/98411\/","title":{"rendered":"premi\u00e8re victoire d&rsquo;Alex Marquez devant le Fran\u00e7ais Fabio Quartararo"},"content":{"rendered":"<p>L&rsquo;Espagnol Alex Marquez (Ducati-Gresini) a remport\u00e9 le Grand Prix d&rsquo;Espagne de MotoGP, cinqui\u00e8me manche de la saison, devant le Fran\u00e7ais <a href=\"https:\/\/www.ledauphine.com\/p\/fabio-quartararo\" target=\"_blank\" rel=\"noopener\">Fabio Quartararo<\/a> (Yamaha), alors que son fr\u00e8re <a href=\"https:\/\/www.ledauphine.com\/p\/marc-marquez\" target=\"_blank\" rel=\"noopener\">Marc Marquez<\/a> a termin\u00e9 12e apr\u00e8s avoir chut\u00e9, dimanche \u00e0 Jerez.<\/p>\n<p>Ce contenu est bloqu\u00e9 car vous n&rsquo;avez pas accept\u00e9 les cookies et autres traceurs.<\/p>\n<p>En cliquant sur \u00ab J\u2019accepte \u00bb, les cookies et autres traceurs seront d\u00e9pos\u00e9s et vous pourrez visualiser les contenus  (<a href=\"\" class=\"consentModule_policy\" target=\"_blank\" title=\"Consulter la politique de protection des donn\u00e9es du fournisseur\">plus d&rsquo;informations<\/a>).<\/p>\n<p>En cliquant sur \u00ab J\u2019accepte tous les cookies \u00bb, vous autorisez des d\u00e9p\u00f4ts de cookies et autres traceurs pour le stockage de vos donn\u00e9es sur nos sites et applications \u00e0 des fins de personnalisation et de ciblage publicitaire.<\/p>\n<p class=\"consentModule_secondaryText\">Vous gardez la possibilit\u00e9 de retirer votre consentement \u00e0 tout moment en consultant notre <a href=\"https:\/\/www.ledauphine.com\/protection-des-donnees\" target=\"_blank\" title=\"Consulter notre politique de protection des donn\u00e9es\" rel=\"noopener\">politique de protection des donn\u00e9es<\/a>. <br \/>&#13;<br \/>\n            <a href=\"https:\/\/www.ledauphine.com\/sport\/2025\/04\/27\/javascript:Didomi.notice.show()\" class=\"consentModule_cmp\" target=\"_blank\" rel=\"noopener\">G\u00e9rer mes choix<\/a>&#13;\n        <\/p>\n<p>&#13;<br \/>\n                        J&rsquo;accepte&#13;<br \/>\n            J&rsquo;accepte tous les cookies&#13;\n        <\/p>\n<p>Deuxi\u00e8me en Tha\u00eflande, en Argentine et aux \u00c9tats-Unis, le Catalan a enfin obtenu une premi\u00e8re victoire en MotoGP, devan\u00e7ant Quartararo, qui \u00e9tait parti en pole, et l&rsquo;Italien Francesco Bagnaia (Ducati).<\/p>\n<p>\u00ab\u00a0C&rsquo;est ph\u00e9nom\u00e9nal\u00a0\u00a0!\u00a0\u00bb<\/p>\n<p>Alex Marquez, qui a f\u00eat\u00e9 ses 29 ans mercredi, s&rsquo;est m\u00eame offert la t\u00eate du championnat du monde avec seulement 1 petit point d&rsquo;avance sur son grand fr\u00e8re et 21 sur Bagnaia.<\/p>\n<p>\u00ab C&rsquo;est comme un cadeau d&rsquo;anniversaire, gagner ici c&rsquo;est ph\u00e9nom\u00e9nal ! L&rsquo;ambiance a \u00e9t\u00e9 fantastique. J&rsquo;ai un peu trop attaqu\u00e9 en d\u00e9but de course, mais apr\u00e8s quand je suis pass\u00e9 en t\u00eate je suis rest\u00e9 concentr\u00e9 et j&rsquo;ai essay\u00e9 de ne laisser aucune chance aux autres de me rattraper \u00bb, a expliqu\u00e9 le Catalan.<\/p>\n<p>  Quartararo\u00a0retrouve le podium<\/p>\n<p>L&rsquo;Espagnol, qui a toujours \u00e9t\u00e9 dans l&rsquo;ombre de son fr\u00e8re sextuple champion du monde de MotoGP malgr\u00e9 ses titres mondiaux en Moto3 (2014) et Moto2 (2019), aura attendu sa 94e course pour enfin d\u00e9crocher son premier succ\u00e8s dans la cat\u00e9gorie reine, o\u00f9 il \u00e9volue depuis 2020.<\/p>\n<p>Fabio Quartararo a retrouv\u00e9 le podium en Grand Prix qui le fuyait depuis 560 jours et sa troisi\u00e8me place au GP d&rsquo;Indon\u00e9sie le 15 octobre 2023. Et il faut m\u00eame remonter au 21 ao\u00fbt 2022 pour le voir obtenir une place de dauphin le dimanche.<\/p>\n<p>Auteur \u00e0 la surprise g\u00e9n\u00e9rale de la pole position samedi, avant de chuter d\u00e8s le deuxi\u00e8me tour de la course sprint, le Ni\u00e7ois a cette fois tenu bon. Il est parti en t\u00eate et l&rsquo;a gard\u00e9e jusqu&rsquo;au 11e tour, quand il a \u00e9t\u00e9 doubl\u00e9 par Alex Marquez. Il a ensuite r\u00e9sist\u00e9 brillamment \u00e0 Bagnaia et remonte au sixi\u00e8me rang au championnat.<\/p>\n<p>  Zarco 11e<\/p>\n<p>L&rsquo;Italien effectue tout de m\u00eame une bonne op\u00e9ration puisqu&rsquo;il revient \u00e0 19 longueurs de Marc Marquez dans la course au titre mondial.<\/p>\n<p>L&rsquo;autre Fran\u00e7ais, Johann Zarco (Honda-LCR), a pris la 11e place. Parti en dixi\u00e8me position, il avait grimp\u00e9 au sixi\u00e8me rang apr\u00e8s un excellent d\u00e9part, mais il a rapidement \u00e9t\u00e9 en difficult\u00e9 et a perdu beaucoup de places avant de se stabiliser \u00e0 proximit\u00e9 du Top 10.<\/p>\n","protected":false},"excerpt":{"rendered":"L&rsquo;Espagnol Alex Marquez (Ducati-Gresini) a remport\u00e9 le Grand Prix d&rsquo;Espagne de MotoGP, cinqui\u00e8me manche de la saison, devant&hellip;\n","protected":false},"author":2,"featured_media":98412,"comment_status":"","ping_status":"","sticky":false,"template":"","format":"standard","meta":{"footnotes":""},"categories":[1413],"tags":[1976,107,1701,1011,27,1457,1456,517,1947,60],"class_list":{"0":"post-98411","1":"post","2":"type-post","3":"status-publish","4":"format-standard","5":"has-post-thumbnail","7":"category-moto","8":"tag-auto-moto","9":"tag-fil-info","10":"tag-fil-info-sport","11":"tag-fr","12":"tag-france","13":"tag-moto","14":"tag-motocycle","15":"tag-sport","16":"tag-sport-national","17":"tag-sports"},"share_on_mastodon":{"url":"https:\/\/pubeurope.com\/@fr\/114504177184924258","error":""},"_links":{"self":[{"href":"https:\/\/www.europesays.com\/fr\/wp-json\/wp\/v2\/posts\/98411","targetHints":{"allow":["GET"]}}],"collection":[{"href":"https:\/\/www.europesays.com\/fr\/wp-json\/wp\/v2\/posts"}],"about":[{"href":"https:\/\/www.europesays.com\/fr\/wp-json\/wp\/v2\/types\/post"}],"author":[{"embeddable":true,"href":"https:\/\/www.europesays.com\/fr\/wp-json\/wp\/v2\/users\/2"}],"replies":[{"embeddable":true,"href":"https:\/\/www.europesays.com\/fr\/wp-json\/wp\/v2\/comments?post=98411"}],"version-history":[{"count":0,"href":"https:\/\/www.europesays.com\/fr\/wp-json\/wp\/v2\/posts\/98411\/revisions"}],"wp:featuredmedia":[{"embeddable":true,"href":"https:\/\/www.europesays.com\/fr\/wp-json\/wp\/v2\/media\/98412"}],"wp:attachment":[{"href":"https:\/\/www.europesays.com\/fr\/wp-json\/wp\/v2\/media?parent=98411"}],"wp:term":[{"taxonomy":"category","embeddable":true,"href":"https:\/\/www.europesays.com\/fr\/wp-json\/wp\/v2\/categories?post=98411"},{"taxonomy":"post_tag","embeddable":true,"href":"https:\/\/www.europesays.com\/fr\/wp-json\/wp\/v2\/tags?post=98411"}],"curies":[{"name":"wp","href":"https:\/\/api.w.org\/{rel}","templated":true}]}}