{"id":984203,"date":"2026-06-07T13:16:17","date_gmt":"2026-06-07T13:16:17","guid":{"rendered":"https:\/\/www.europesays.com\/fr\/984203\/"},"modified":"2026-06-07T13:16:17","modified_gmt":"2026-06-07T13:16:17","slug":"sortie-mougins-mardi-26-janvier-2027-les-fouberies-de-scapin","status":"publish","type":"post","link":"https:\/\/www.europesays.com\/fr\/984203\/","title":{"rendered":"Sortie Mougins | Mardi 26 janvier 2027 : Les fouberies de scapin"},"content":{"rendered":"<p>Le Th\u00e9\u00e2tre National de Nice r\u00e9enchante Moli\u00e8re : un Scapin magistral, joyeux et totalement irr\u00e9sistible.<\/p>\n<p>Octave aime Hyacinte tandis que L\u00e9andre aime Zerbinette. Mais les deux p\u00e8res des amoureux ne l\u2019entendent pas de cette oreille. Octave et L\u00e9andre demandent de l\u2019aide \u00e0 Scapin, qui accepte de leur porter secours. Mais ce dernier en profite pour s\u2019amuser et se venger de l\u2019avarice des vieux. Jusqu\u2019\u00e0 ce que sa fourberie soit d\u00e9couverte\u2026<\/p>\n<p>Quand la directrice du TNN s\u2019empare du plus c\u00e9l\u00e8bre valet de litt\u00e9rature, Les Fourberies de Scapin retrouvent leur essence premi\u00e8re : un rythme endiabl\u00e9, une joie de jouer communicative et une pointe de sel m\u00e9diterran\u00e9en. Muriel Mayette-Holtz et sa troupe transposent l\u2019intrigue dans le d\u00e9cor d\u2019une zone d\u00e9saffect\u00e9e de Naples, autour de la carcasse d\u2019une 2CV abandonn\u00e9e devant une station-service. C\u2019est depuis ce lieu que se pr\u00e9parent les mauvais coups de ce Scapin tr\u00e8s punk, aux costumes et aux attitudes modernes. Entre bastonnades l\u00e9gendaires et quiproquos savoureux, la pi\u00e8ce brille par sa pr\u00e9cision et son \u00e9l\u00e9gance visuelle.<\/p>\n<p>Un spectacle pour toute la famille qui c\u00e9l\u00e8bre la libert\u00e9 d\u2019esprit et l\u2019insolence, port\u00e9 par une troupe d\u2019une \u00e9nergie qui d\u00e9pote. Pr\u00e9parez-vous \u00e0 rire de bon c\u0153ur devant ce chef-d\u2019\u0153uvre de la com\u00e9die.<\/p>\n<p>Texte Moli\u00e8re \u2013 Mise en sc\u00e8ne Muriel Mayette-Holtz \u2013 Avec B\u00e9n\u00e9dicte Allard, Augustin Bouchacourt, Elise Clary, Cyril Cotinaut, Alexandre Diot-Tch\u00e9ou, F\u00e9licien Juttner, Rom\u00e9o Mariani, Laurent Pr\u00e9vot Sc\u00e9nographie Rudy Sabounghi \u2013 Lumi\u00e8re Fran\u00e7ois Thouret \u2013 Musique Cyril Giroux \u2013 Costumes Rudy Sabounghi, Muriel Mayette-Holtz.<\/p>\n<p>Tout Public \u00e0 partir de 10 ans.<\/p>\n<p>&#13;<br \/>\n\t\t\t\t Post Views: 13&#13;\n\t\t\t<\/p>\n<p><strong>\u00c0 20h30<\/strong><\/p>\n","protected":false},"excerpt":{"rendered":"Le Th\u00e9\u00e2tre National de Nice r\u00e9enchante Moli\u00e8re : un Scapin magistral, joyeux et totalement irr\u00e9sistible. Octave aime Hyacinte&hellip;\n","protected":false},"author":2,"featured_media":984204,"comment_status":"","ping_status":"","sticky":false,"template":"","format":"standard","meta":{"footnotes":"","_share_on_mastodon":"0"},"categories":[2819],"tags":[1111,11,1777,674,1011,27,30034,12,2401,882,25],"class_list":["post-984203","post","type-post","status-publish","format-standard","has-post-thumbnail","category-nice","tag-actu","tag-actualites","tag-eu","tag-europe","tag-fr","tag-france","tag-mougins","tag-news","tag-nice","tag-provence-alpes-cote-dazur","tag-republique-francaise"],"share_on_mastodon":{"url":"https:\/\/pubeurope.com\/@fr\/116709018009274823","error":""},"_links":{"self":[{"href":"https:\/\/www.europesays.com\/fr\/wp-json\/wp\/v2\/posts\/984203","targetHints":{"allow":["GET"]}}],"collection":[{"href":"https:\/\/www.europesays.com\/fr\/wp-json\/wp\/v2\/posts"}],"about":[{"href":"https:\/\/www.europesays.com\/fr\/wp-json\/wp\/v2\/types\/post"}],"author":[{"embeddable":true,"href":"https:\/\/www.europesays.com\/fr\/wp-json\/wp\/v2\/users\/2"}],"replies":[{"embeddable":true,"href":"https:\/\/www.europesays.com\/fr\/wp-json\/wp\/v2\/comments?post=984203"}],"version-history":[{"count":0,"href":"https:\/\/www.europesays.com\/fr\/wp-json\/wp\/v2\/posts\/984203\/revisions"}],"wp:featuredmedia":[{"embeddable":true,"href":"https:\/\/www.europesays.com\/fr\/wp-json\/wp\/v2\/media\/984204"}],"wp:attachment":[{"href":"https:\/\/www.europesays.com\/fr\/wp-json\/wp\/v2\/media?parent=984203"}],"wp:term":[{"taxonomy":"category","embeddable":true,"href":"https:\/\/www.europesays.com\/fr\/wp-json\/wp\/v2\/categories?post=984203"},{"taxonomy":"post_tag","embeddable":true,"href":"https:\/\/www.europesays.com\/fr\/wp-json\/wp\/v2\/tags?post=984203"}],"curies":[{"name":"wp","href":"https:\/\/api.w.org\/{rel}","templated":true}]}}