{"id":984238,"date":"2026-06-07T13:41:27","date_gmt":"2026-06-07T13:41:27","guid":{"rendered":"https:\/\/www.europesays.com\/fr\/984238\/"},"modified":"2026-06-07T13:41:27","modified_gmt":"2026-06-07T13:41:27","slug":"paris-six-personnes-du-groupe-integriste-civitas-en-garde-a-vue-apres-avoir-perturbe-la-nuit-blanche","status":"publish","type":"post","link":"https:\/\/www.europesays.com\/fr\/984238\/","title":{"rendered":"Paris : Six personnes du groupe int\u00e9griste Civitas en garde \u00e0 vue apr\u00e8s avoir perturb\u00e9 la Nuit Blanche"},"content":{"rendered":"<p class=\"mb-4 text-lg md:leading-8 break-words\"><strong>groupuscule extr\u00e9miste &#8211; Six personnes ont \u00e9t\u00e9 plac\u00e9es en garde \u00e0 vue dont deux pour des violences sur des \u00e9lus apr\u00e8s les perturbations durant la Nuit Blanche du groupe int\u00e9griste catholique Civitas<\/strong><\/p>\n<p class=\"mb-4 text-lg md:leading-8 break-words\">Apr\u00e8s l\u2019action par une trentaine d\u2019individus du groupe int\u00e9griste catholique <a href=\"https:\/\/www.20minutes.fr\/societe\/4139606-20250220-metz-apres-bilal-hassani-nouveau-concert-diabolique-deprogramme-eglise-cause-messages-inquietants?at_medium=RSS%20feed&amp;at_campaign=ynews&amp;utm_source=yahoo&amp;utm_medium=rss&amp;utm_campaign=news_feed&amp;utm_content=in_article_link\" rel=\"nofollow noopener\" target=\"_blank\" data-ylk=\"elm:link;elmt:article_link;slk:Civitas;itc:0;sec:content-canvas\" data-yga=\"{&quot;yLinkElement&quot;:&quot;context_link&quot;,&quot;yModuleName&quot;:&quot;content-canvas&quot;,&quot;yLinkText&quot;:&quot;Civitas&quot;}\" class=\"link \">Civitas<\/a> qui a perturb\u00e9, samedi soir, l\u2019ouverture au public d\u2019une installation artistique de <a href=\"https:\/\/www.20minutes.fr\/arts-stars\/culture\/musique\/4227392-20260605-ur-geant-bal-jaune-selection-nuit-blanche-2026-paris?at_medium=RSS%20feed&amp;at_campaign=ynews&amp;utm_source=yahoo&amp;utm_medium=rss&amp;utm_campaign=news_feed&amp;utm_content=in_article_link\" rel=\"nofollow noopener\" target=\"_blank\" data-ylk=\"elm:link;elmt:article_link;slk:Nuit Blanche;itc:0;sec:content-canvas\" data-yga=\"{&quot;yLinkElement&quot;:&quot;context_link&quot;,&quot;yModuleName&quot;:&quot;content-canvas&quot;,&quot;yLinkText&quot;:&quot;Nuit Blanche&quot;}\" class=\"link \">Nuit Blanche<\/a> dans l\u2019\u00e9glise Saint-Laurent du 10e arrondissement de Paris, six personnes ont \u00e9t\u00e9 plac\u00e9es <a href=\"https:\/\/www.20minutes.fr\/paris\/4227611-20260607-nuit-blanche-mairie-paris-pointe-doigt-extreme-droite-apres-agression-elue?at_medium=RSS%20feed&amp;at_campaign=ynews&amp;utm_source=yahoo&amp;utm_medium=rss&amp;utm_campaign=news_feed&amp;utm_content=in_article_link\" rel=\"nofollow noopener\" target=\"_blank\" data-ylk=\"elm:link;elmt:article_link;slk:en garde \u00e0 vue;itc:0;sec:content-canvas\" data-yga=\"{&quot;yLinkElement&quot;:&quot;context_link&quot;,&quot;yModuleName&quot;:&quot;content-canvas&quot;,&quot;yLinkText&quot;:&quot;en garde \u00e0 vue&quot;}\" class=\"link \">en garde \u00e0 vue<\/a>, dont deux pour violences sur des \u00e9lus, a-t-on appris dimanche aupr\u00e8s du parquet.<\/p>\n<p class=\"mb-4 text-lg md:leading-8 break-words\">Deux d\u2019entre elles sont soup\u00e7onn\u00e9es de violences volontaires contre la maire socialiste du 10e arrondissement Alexandra Cordebard et le d\u00e9put\u00e9 \u00e9cologiste Pouria Amirshahi, qui ont rapport\u00e9 avoir \u00e9t\u00e9 bouscul\u00e9s et souhaitent porter plainte, a-t-on ajout\u00e9 de m\u00eame source. Les quatre autres ont \u00e9t\u00e9 plac\u00e9es en garde \u00e0 vue pour participation \u00e0 un attroupement apr\u00e8s sommation de se disperser.<\/p>\n<p>\u00ab J\u2019ai personnellement re\u00e7u des coups \u00bb<\/p>\n<p class=\"mb-4 text-lg md:leading-8 break-words\">La mairie de Paris avait annonc\u00e9 samedi soir vouloir \u00e9galement porter plainte, d\u00e9non\u00e7ant une action men\u00e9e par des \u00ab militants int\u00e9gristes d\u2019extr\u00eame droite [\u2026] afin d\u2019emp\u00eacher la tenue d\u2019une des \u0153uvres de cette 25e \u00e9dition de Nuit Blanche consacr\u00e9e \u00e0 l\u2019amour \u00bb. \u00ab A la suite de cette premi\u00e8re action, le collectif a organis\u00e9 une pri\u00e8re de rue aux abords de l\u2019\u00e9difice, propri\u00e9t\u00e9 de la Ville de Paris, pris \u00e0 partie et agress\u00e9 la maire du 10e arrondissement \u00bb, ajoutait le communiqu\u00e9.<\/p>\n<p class=\"mb-4 text-lg md:leading-8 break-words\">\u00ab J\u2019ai \u00e9t\u00e9 bouscul\u00e9e avec mon \u00e9quipe. J\u2019ai personnellement re\u00e7u des coups de la part de ces individus, qui voulaient nous emp\u00eacher d\u2019entrer \u00bb, avait pr\u00e9cis\u00e9 l\u2019\u00e9lue sur X.<\/p>\n<p class=\"mb-4 text-lg md:leading-8 break-words\">\u00ab Un groupuscule d\u2019extr\u00eame droite antis\u00e9mite et (&#8230;)<\/p>\n<p class=\"mb-4 text-lg md:leading-8 break-words\"><a href=\"https:\/\/www.20minutes.fr\/faits_divers\/faits-divers-paris\/4227626-20260607-paris-six-personnes-groupe-integriste-civitas-garde-vue-apres-avoir-perturbe-nuit-blanche?at_medium=RSS%20feed&amp;at_campaign=ynews&amp;utm_source=yahoo&amp;utm_medium=rss&amp;utm_campaign=news_feed&amp;utm_content=read_more_link&quot;\" rel=\"nofollow noopener\" target=\"_blank\" data-ylk=\"elm:link;elmt:article_link;slk:Lire la suite sur 20minutes;itc:0;sec:content-canvas\" data-yga=\"{&quot;yLinkElement&quot;:&quot;context_link&quot;,&quot;yModuleName&quot;:&quot;content-canvas&quot;,&quot;yLinkText&quot;:&quot;Lire la suite sur 20minutes&quot;}\" class=\"link \">Lire la suite sur 20minutes<\/a><\/p>\n<p>\u00c0 lire aussi :<br \/><a href=\"https:\/\/www.20minutes.fr\/paris\/4227611-20260607-nuit-blanche-mairie-paris-pointe-doigt-extreme-droite-apres-agression-elue?at_medium=RSS%20feed&amp;at_campaign=ynews&amp;utm_source=yahoo&amp;utm_medium=rss&amp;utm_campaign=news_feed&amp;utm_content=related_content_link\" rel=\"nofollow noopener\" target=\"_blank\" data-ylk=\"elm:link;elmt:article_link;slk:Nuit Blanche : La Mairie de Paris pointe du doigt l\u2019extr\u00eame droite apr\u00e8s l\u2019agression d\u2019une \u00e9lue;itc:0;sec:content-canvas\" data-yga=\"{&quot;yLinkElement&quot;:&quot;context_link&quot;,&quot;yModuleName&quot;:&quot;content-canvas&quot;,&quot;yLinkText&quot;:&quot;Nuit Blanche &quot;}\" class=\"link \">Nuit Blanche : La Mairie de Paris pointe du doigt l\u2019extr\u00eame droite apr\u00e8s l\u2019agression d\u2019une \u00e9lue<\/a><br \/><a href=\"https:\/\/www.20minutes.fr\/faits_divers\/4227438-20260605-paris-militaire-reconnait-avoir-modifie-scene-jeu-mortel-coute-vie-camarades?at_medium=RSS%20feed&amp;at_campaign=ynews&amp;utm_source=yahoo&amp;utm_medium=rss&amp;utm_campaign=news_feed&amp;utm_content=related_content_link\" rel=\"nofollow noopener\" target=\"_blank\" data-ylk=\"elm:link;elmt:article_link;slk:Paris : Un militaire reconna\u00eet avoir modifi\u00e9 la sc\u00e8ne d\u2019un \u00ab jeu mortel \u00bb qui a co\u00fbt\u00e9 la vie \u00e0 l\u2019un de ses camarades;itc:0;sec:content-canvas\" data-yga=\"{&quot;yLinkElement&quot;:&quot;context_link&quot;,&quot;yModuleName&quot;:&quot;content-canvas&quot;,&quot;yLinkText&quot;:&quot;Paris &quot;}\" class=\"link \">Paris : Un militaire reconna\u00eet avoir modifi\u00e9 la sc\u00e8ne d\u2019un \u00ab jeu mortel \u00bb qui a co\u00fbt\u00e9 la vie \u00e0 l\u2019un de ses camarades<\/a><\/p>\n","protected":false},"excerpt":{"rendered":"groupuscule extr\u00e9miste &#8211; Six personnes ont \u00e9t\u00e9 plac\u00e9es en garde \u00e0 vue dont deux pour des violences sur&hellip;\n","protected":false},"author":2,"featured_media":984239,"comment_status":"","ping_status":"","sticky":false,"template":"","format":"standard","meta":{"footnotes":"","_share_on_mastodon":"0"},"categories":[1888],"tags":[46427,11,103524,1777,674,1011,27,103523,2381,12,14156,626,25,70832],"class_list":["post-984238","post","type-post","status-publish","format-standard","has-post-thumbnail","category-paris","tag-10e-arrondissement-de-paris","tag-actualites","tag-alexandra-cordebard","tag-eu","tag-europe","tag-fr","tag-france","tag-integriste-catholique","tag-mairie-de-paris","tag-news","tag-nuit-blanche","tag-paris","tag-republique-francaise","tag-violences-volontaires"],"share_on_mastodon":{"url":"https:\/\/pubeurope.com\/@fr\/116709116359782807","error":""},"_links":{"self":[{"href":"https:\/\/www.europesays.com\/fr\/wp-json\/wp\/v2\/posts\/984238","targetHints":{"allow":["GET"]}}],"collection":[{"href":"https:\/\/www.europesays.com\/fr\/wp-json\/wp\/v2\/posts"}],"about":[{"href":"https:\/\/www.europesays.com\/fr\/wp-json\/wp\/v2\/types\/post"}],"author":[{"embeddable":true,"href":"https:\/\/www.europesays.com\/fr\/wp-json\/wp\/v2\/users\/2"}],"replies":[{"embeddable":true,"href":"https:\/\/www.europesays.com\/fr\/wp-json\/wp\/v2\/comments?post=984238"}],"version-history":[{"count":0,"href":"https:\/\/www.europesays.com\/fr\/wp-json\/wp\/v2\/posts\/984238\/revisions"}],"wp:featuredmedia":[{"embeddable":true,"href":"https:\/\/www.europesays.com\/fr\/wp-json\/wp\/v2\/media\/984239"}],"wp:attachment":[{"href":"https:\/\/www.europesays.com\/fr\/wp-json\/wp\/v2\/media?parent=984238"}],"wp:term":[{"taxonomy":"category","embeddable":true,"href":"https:\/\/www.europesays.com\/fr\/wp-json\/wp\/v2\/categories?post=984238"},{"taxonomy":"post_tag","embeddable":true,"href":"https:\/\/www.europesays.com\/fr\/wp-json\/wp\/v2\/tags?post=984238"}],"curies":[{"name":"wp","href":"https:\/\/api.w.org\/{rel}","templated":true}]}}