{"id":98450,"date":"2025-05-14T04:16:13","date_gmt":"2025-05-14T04:16:13","guid":{"rendered":"https:\/\/www.europesays.com\/fr\/98450\/"},"modified":"2025-05-14T04:16:13","modified_gmt":"2025-05-14T04:16:13","slug":"ces-tournees-indispensables-au-monde-rural","status":"publish","type":"post","link":"https:\/\/www.europesays.com\/fr\/98450\/","title":{"rendered":"ces tourn\u00e9es indispensables au monde rural"},"content":{"rendered":"<p>Au t\u00e9l\u00e9phone, il nous avait indiqu\u00e9 qu\u2019il \u00e9tait le mardi matin \u00e0 l\u2019Or\u00e9e du Bois, \u00e0 Fl\u00e9ville-devant-Nancy. Mais dans ce quartier d\u2019une commune de l\u2019agglom\u00e9ration nanc\u00e9ienne, on a cherch\u00e9 un certain temps sa camionnette avant de demander \u00e0 une habitante\u2026 \u00ab\u00a0Vous tournez \u00e0 droite, et au bout du chemin, vous tournez \u00e0 gauche. Vous ne pouvez pas rater William\u00a0\u00bb.<\/p>\n<p>\u00ab\u00a0Pendant le covid, je passais 55 heures par semaine dans les tourn\u00e9es, l\u00e0, je suis \u00e0 une quarantaine d\u2019heures.\u00a0\u00bb<\/p>\n<p>Dans le quartier, tout le monde ou presque conna\u00eet <a href=\"https:\/\/www.estrepublicain.fr\/sante\/2020\/10\/29\/un-traiteur-ambulant-sauve-par-la-crise\" target=\"_blank\" rel=\"noopener\"> William Deflin. Install\u00e9 \u00e0 Pulligny, le boucher charcutier traiteur vient tous les mardis matin depuis\u2026 le covid<\/a>.<\/p>\n<p>\u00ab\u00a0En mars\u00a02020, le maire Alain Boulanger m\u2019avait t\u00e9l\u00e9phon\u00e9 pour me demander si je pouvais venir \u00e0 Fl\u00e9ville\u00a0\u00bb, raconte l\u2019artisan entre deux clients \u00e0 servir. \u00ab\u00a0Je suis venu et apr\u00e8s le covid, j\u2019ai d\u00e9cid\u00e9 de continuer\u2026\u00a0\u00bb<\/p>\n<p>Si l\u2019artisan avait \u00e9t\u00e9 sollicit\u00e9 \u00e0 l\u2019\u00e9poque, c\u2019est qu\u2019il faisait d\u00e9j\u00e0 des tourn\u00e9es dans les villages avec son camion r\u00e9frig\u00e9r\u00e9, depuis de&#8230;<\/p>\n","protected":false},"excerpt":{"rendered":"Au t\u00e9l\u00e9phone, il nous avait indiqu\u00e9 qu\u2019il \u00e9tait le mardi matin \u00e0 l\u2019Or\u00e9e du Bois, \u00e0 Fl\u00e9ville-devant-Nancy. Mais&hellip;\n","protected":false},"author":2,"featured_media":98451,"comment_status":"","ping_status":"","sticky":false,"template":"","format":"standard","meta":{"footnotes":""},"categories":[9635],"tags":[1111,11,4406,130,33,1707,1704,1706,1705,1777,674,9650,1011,27,775,9649,3457,1702,12,25,4604],"class_list":{"0":"post-98450","1":"post","2":"type-post","3":"status-publish","4":"format-standard","5":"has-post-thumbnail","7":"category-nancy","8":"tag-actu","9":"tag-actualites","10":"tag-commerce-et-services","11":"tag-consommation","12":"tag-economie","13":"tag-edition-luneville","14":"tag-edition-nancy-et-agglomeration","15":"tag-edition-pont-a-mousson","16":"tag-edition-toul","17":"tag-eu","18":"tag-europe","19":"tag-fleville-devant-nancy","20":"tag-fr","21":"tag-france","22":"tag-grand-est","23":"tag-metropole-du-grand-nancy-54b2","24":"tag-meurthe-et-moselle","25":"tag-nancy","26":"tag-news","27":"tag-republique-francaise","28":"tag-selection-abonne"},"share_on_mastodon":{"url":"https:\/\/pubeurope.com\/@fr\/114504255648603079","error":""},"_links":{"self":[{"href":"https:\/\/www.europesays.com\/fr\/wp-json\/wp\/v2\/posts\/98450","targetHints":{"allow":["GET"]}}],"collection":[{"href":"https:\/\/www.europesays.com\/fr\/wp-json\/wp\/v2\/posts"}],"about":[{"href":"https:\/\/www.europesays.com\/fr\/wp-json\/wp\/v2\/types\/post"}],"author":[{"embeddable":true,"href":"https:\/\/www.europesays.com\/fr\/wp-json\/wp\/v2\/users\/2"}],"replies":[{"embeddable":true,"href":"https:\/\/www.europesays.com\/fr\/wp-json\/wp\/v2\/comments?post=98450"}],"version-history":[{"count":0,"href":"https:\/\/www.europesays.com\/fr\/wp-json\/wp\/v2\/posts\/98450\/revisions"}],"wp:featuredmedia":[{"embeddable":true,"href":"https:\/\/www.europesays.com\/fr\/wp-json\/wp\/v2\/media\/98451"}],"wp:attachment":[{"href":"https:\/\/www.europesays.com\/fr\/wp-json\/wp\/v2\/media?parent=98450"}],"wp:term":[{"taxonomy":"category","embeddable":true,"href":"https:\/\/www.europesays.com\/fr\/wp-json\/wp\/v2\/categories?post=98450"},{"taxonomy":"post_tag","embeddable":true,"href":"https:\/\/www.europesays.com\/fr\/wp-json\/wp\/v2\/tags?post=98450"}],"curies":[{"name":"wp","href":"https:\/\/api.w.org\/{rel}","templated":true}]}}