{"id":98453,"date":"2025-05-14T04:18:14","date_gmt":"2025-05-14T04:18:14","guid":{"rendered":"https:\/\/www.europesays.com\/fr\/98453\/"},"modified":"2025-05-14T04:18:14","modified_gmt":"2025-05-14T04:18:14","slug":"foncier-economique-conference-par-la-cci-et-laudat-var","status":"publish","type":"post","link":"https:\/\/www.europesays.com\/fr\/98453\/","title":{"rendered":"Foncier \u00e9conomique : conf\u00e9rence par la CCI et l&rsquo;Audat Var"},"content":{"rendered":"<p>\t\t\t\t\t\t\t\tUne conf\u00e9rence au c\u0153ur des enjeux territoriaux<\/p>\n<p>Le 30 avril 2025, une conf\u00e9rence sur le foncier \u00e9conomique s\u2019est tenue au Campus de La Garde\/La Valette, \u00e0 l\u2019Universit\u00e9 de Toulon. Elle \u00e9tait organis\u00e9e par la CCI du Var et l\u2019audat.var. L\u2019\u00e9v\u00e9nement a r\u00e9uni \u00e9lus, urbanistes, chefs d\u2019entreprise et acteurs publics. Ensemble, ils ont d\u00e9battu des tensions croissantes autour du foncier d\u00e9di\u00e9 aux activit\u00e9s \u00e9conomiques.<\/p>\n<p>Tout au long de la matin\u00e9e, plusieurs interventions ont permis d\u2019\u00e9changer des exp\u00e9riences concr\u00e8tes. Par exemple, certains projets ont \u00e9t\u00e9 ralentis par manque de terrains disponibles. De plus, la transition \u00e9cologique impose de nouvelles contraintes. Ainsi, la planification devient un enjeu central. Finalement, tous ont soulign\u00e9 la n\u00e9cessit\u00e9 d\u2019une approche plus concert\u00e9e.<\/p>\n<p><img loading=\"lazy\" decoding=\"async\" class=\" wp-image-53829\" src=\"https:\/\/www.europesays.com\/fr\/wp-content\/uploads\/2025\/05\/foncier_1-1024x508.jpg\" alt=\"foncier\" width=\"729\" height=\"362\"  \/>Une collaboration entre l\u2019AUDAT Var et la CCI du Var.<\/p>\n<p>\u00a0<\/p>\n<p>Une pression fonci\u00e8re croissante dans le Var et en France<\/p>\n<p>Dans le Var, la situation est pr\u00e9occupante. En effet, selon l\u2019Insee, 145 000 emplois se concentrent sur \u00e0 peine 1 % du territoire. Ces zones sont d\u00e9j\u00e0 tr\u00e8s denses : Toulon, La Garde ou Fr\u00e9jus en sont des exemples. Par cons\u00e9quent, il reste peu de place pour accueillir de nouvelles entreprises.<\/p>\n<p>En France aussi, le constat est le m\u00eame. Le principe de \u00ab z\u00e9ro artificialisation nette \u00bb rend l\u2019acc\u00e8s au foncier encore plus complexe. Par ailleurs, les prix augmentent et de nombreux projets sont abandonn\u00e9s. Aujourd\u2019hui, la p\u00e9nurie de foncier est un frein majeur au d\u00e9veloppement \u00e9conomique. Il devient donc urgent d\u2019agir.<\/p>\n<p>\u00a0<\/p>\n<p><img fetchpriority=\"high\" loading=\"lazy\" decoding=\"async\" class=\" wp-image-53830\" src=\"https:\/\/www.europesays.com\/fr\/wp-content\/uploads\/2025\/05\/foncier_2-1024x511.jpg\" alt=\"foncier\" width=\"747\" height=\"373\"  \/>La richesse des d\u00e9bats a montr\u00e9 un r\u00e9el enjeu du foncier \u00e9conomique.<\/p>\n<p>Une n\u00e9cessaire concertation des acteurs \u00e9conomiques<\/p>\n<p>Face \u00e0 ces d\u00e9fis, la coop\u00e9ration entre les acteurs est essentielle.<\/p>\n<blockquote><p>\nLa richesse des d\u00e9bats montre que l\u2019on a un vrai sujet. <strong>Jean-Fran\u00e7ois Vall\u00e8s, SYNOPTER<\/strong>\n<\/p><\/blockquote>\n<p>En effet, le dialogue entre collectivit\u00e9s, entreprises et urbanistes permet de mieux comprendre les besoins. Ainsi, chacun peut contribuer \u00e0 des solutions durables. D\u2019une part, il faut pr\u00e9server les espaces naturels. D\u2019autre part, il faut accompagner l\u2019\u00e9conomie locale. Finalement, cette conf\u00e9rence marque une \u00e9tape importante vers une gestion collective du foncier.<\/p>\n<p>\u00a0<\/p>\n<p><strong><img decoding=\"async\" class=\"emoji\" role=\"img\" draggable=\"false\" src=\"https:\/\/www.europesays.com\/fr\/wp-content\/uploads\/2025\/04\/1744930092_464_1f538.svg.svg+xml\" alt=\"\ud83d\udd38\" data-pin-no-hover=\"true\"\/><\/strong>A lire aussi : <a href=\"https:\/\/www.info83.fr\/cci-du-var-un-message-doptimisme-et-de-mobilisation-pour-2025\/\" target=\"_blank\" rel=\"noopener nofollow\">CCI du Var : un message d\u2019optimisme et de mobilisation pour 2025<\/a><\/p>\n<p><strong><img decoding=\"async\" class=\"emoji\" role=\"img\" draggable=\"false\" src=\"https:\/\/www.europesays.com\/fr\/wp-content\/uploads\/2025\/04\/1744930092_464_1f538.svg.svg+xml\" alt=\"\ud83d\udd38\" data-pin-no-hover=\"true\"\/>Info83, le Var proche de vous.<\/strong><\/p>\n<p><img decoding=\"async\" class=\"emoji\" role=\"img\" draggable=\"false\" src=\"https:\/\/www.europesays.com\/fr\/wp-content\/uploads\/2025\/04\/1744930092_704_27a1.svg.svg+xml\" alt=\"\u27a1\ufe0f\" data-pin-no-hover=\"true\"\/>\u00a0<a href=\"https:\/\/bit.ly\/2OZZMMK\" target=\"_blank\" rel=\"noopener noreferrer nofollow\">Facebook Info83<\/a><\/p>\n<p><img decoding=\"async\" class=\"emoji\" role=\"img\" draggable=\"false\" src=\"https:\/\/www.europesays.com\/fr\/wp-content\/uploads\/2025\/04\/1744930092_704_27a1.svg.svg+xml\" alt=\"\u27a1\ufe0f\" data-pin-no-hover=\"true\"\/>\u00a0<a href=\"https:\/\/bit.ly\/2ONkTC9\" target=\"_blank\" rel=\"noopener noreferrer nofollow\">Youtube Info83<\/a><\/p>\n","protected":false},"excerpt":{"rendered":"Une conf\u00e9rence au c\u0153ur des enjeux territoriaux Le 30 avril 2025, une conf\u00e9rence sur le foncier \u00e9conomique s\u2019est&hellip;\n","protected":false},"author":2,"featured_media":98454,"comment_status":"","ping_status":"","sticky":false,"template":"","format":"standard","meta":{"footnotes":""},"categories":[9619],"tags":[1111,11,21286,14179,21287,1777,674,1011,27,21288,12,21289,882,25,21290,2310,21291],"class_list":{"0":"post-98453","1":"post","2":"type-post","3":"status-publish","4":"format-standard","5":"has-post-thumbnail","7":"category-toulon","8":"tag-actu","9":"tag-actualites","10":"tag-audat-var","11":"tag-cci","12":"tag-cci-var","13":"tag-eu","14":"tag-europe","15":"tag-fr","16":"tag-france","17":"tag-jean-francois-valles","18":"tag-news","19":"tag-olivier-cavallo","20":"tag-provence-alpes-cote-dazur","21":"tag-republique-francaise","22":"tag-synopter","23":"tag-toulon","24":"tag-universite-toulon"},"share_on_mastodon":{"url":"https:\/\/pubeurope.com\/@fr\/114504263738330252","error":""},"_links":{"self":[{"href":"https:\/\/www.europesays.com\/fr\/wp-json\/wp\/v2\/posts\/98453","targetHints":{"allow":["GET"]}}],"collection":[{"href":"https:\/\/www.europesays.com\/fr\/wp-json\/wp\/v2\/posts"}],"about":[{"href":"https:\/\/www.europesays.com\/fr\/wp-json\/wp\/v2\/types\/post"}],"author":[{"embeddable":true,"href":"https:\/\/www.europesays.com\/fr\/wp-json\/wp\/v2\/users\/2"}],"replies":[{"embeddable":true,"href":"https:\/\/www.europesays.com\/fr\/wp-json\/wp\/v2\/comments?post=98453"}],"version-history":[{"count":0,"href":"https:\/\/www.europesays.com\/fr\/wp-json\/wp\/v2\/posts\/98453\/revisions"}],"wp:featuredmedia":[{"embeddable":true,"href":"https:\/\/www.europesays.com\/fr\/wp-json\/wp\/v2\/media\/98454"}],"wp:attachment":[{"href":"https:\/\/www.europesays.com\/fr\/wp-json\/wp\/v2\/media?parent=98453"}],"wp:term":[{"taxonomy":"category","embeddable":true,"href":"https:\/\/www.europesays.com\/fr\/wp-json\/wp\/v2\/categories?post=98453"},{"taxonomy":"post_tag","embeddable":true,"href":"https:\/\/www.europesays.com\/fr\/wp-json\/wp\/v2\/tags?post=98453"}],"curies":[{"name":"wp","href":"https:\/\/api.w.org\/{rel}","templated":true}]}}