{"id":984706,"date":"2026-06-07T18:48:25","date_gmt":"2026-06-07T18:48:25","guid":{"rendered":"https:\/\/www.europesays.com\/fr\/984706\/"},"modified":"2026-06-07T18:48:25","modified_gmt":"2026-06-07T18:48:25","slug":"les-usa-corrigent-la-france","status":"publish","type":"post","link":"https:\/\/www.europesays.com\/fr\/984706\/","title":{"rendered":"Les USA corrigent la FRANCE"},"content":{"rendered":"<p>\t\t\t\t\t Match amical international<br \/>\n\t\t\t\t\t <br \/>\n\t\t\t\t\t <b>Vendredi 5 juin 2026<\/b> &#8211; 18h00<br \/>\n\t\t\t\t\t <br \/>\n\t\t\t\t\t \u00c9TATS-UNIS U20 &#8211; FRANCE U23 : 5-0 (2-0)<br \/>\n\t\t\t\t\t <br \/>\n\t\t\t\t\t Algeciras (Estadio Nuevo Mirador)<br \/>\n\t\t\t\t\t <br \/>\n\t\t\t\t\t Temps ensoleill\u00e9 &#8211; Terrain correct<br \/>\n\t\t\t\t\t <br \/>\n\t\t\t\t\t Arbitres : Ildefonso Enrique Cozar Andrades (Espagne) assist\u00e9 de Francisco Javier Rojas Jimenez (Espagne) et Antonio Sibajas Ortega (Espagne). 4e arbitre : David Peralta Godoy (Espagne)<\/p>\n<p><b>Buts<\/b>&#13;\t\t\t\t\t <br \/><b>1-0 Linda ULLMARK 3&prime;<\/b>&#13;\t\t\t\t\t <br \/><b>2-0 Linda ULLMARK 44&prime;<\/b>&#13;\t\t\t\t\t <br \/><b>3-0 Linda ULLMARK 48&prime;<\/b>&#13;\t\t\t\t\t <br \/><b>4-0 Melanie BARCENAS 80&prime;<\/b>&#13;\t\t\t\t\t <br \/><b>5-0 Alex BUCK 89&prime;<\/b>&#13;\t\t\t\t\t <\/p>\n<p>Avertissement : Linda Ullmark 60&prime; pour les \u00c9tats-Unis&#13;\t\t\t\t\t <\/p>\n<p><b>USA<\/b>&#13;\t\t\t\t\t <br \/>1-Caroline Birkel (cap.) ; 3-Emma Johnson, 5-Elizabeth Boamah, 4-Ella Bard, 2-Katie Scott (18-Hope Munson 62&prime;) ; 6-Ainsley McCammon (15-Alex Buck 62&prime;), 10-Kennedy Fuller, 8-Linda Ullmark ; 11-Emeri Adames, 9-Mycayla Johnson (13-Melanie Barcenas 62&prime;), 20-Nyanya Touray. Entr.: Vicky Jepson&#13;\t\t\t\t\t <br \/>Non utilis\u00e9es : Aven Alvarez, Evan O&rsquo;Steen, Kiara Gilmore, Kimmi Ascanio, Onyeka Gamero, Y-Lan Nguyen&#13;\t\t\t\t\t <\/p>\n<p><b>France<\/b>&#13;\t\t\t\t\t <br \/>Elisa Gautier ; 12-C\u00e9lia Delaby (13-C\u00e9lestine Boisard 60&prime;), 5-Eden Le Guilly (cap.), Laureen Oillic, 15-Taeryne Job (2-C\u00e9leste Delcroix 60&prime;), Charline Coutel, Landryna Lushimba Bilombi, 6-Elisa Rambaud (3-Juliette Mossard 60&prime;), Shana Chossenotte, 9-Chancelle Effa Effa, Lola Gstalter. Entr.: Fabien Lef\u00e8vre&#13;\t\t\t\t\t <br \/>Non utilis\u00e9es : Alyssa Fernandes, 4-Aude Bizet, Clara Bertrand, Tara Elimbi Gilbert, Mariah Gueguen, M\u00e9linda Mendy, Naolia Traor\u00e9, Kadidia Traor\u00e9\n\t\t\t\t <\/p>\n","protected":false},"excerpt":{"rendered":"Match amical international Vendredi 5 juin 2026 &#8211; 18h00 \u00c9TATS-UNIS U20 &#8211; FRANCE U23 : 5-0 (2-0) Algeciras&hellip;\n","protected":false},"author":2,"featured_media":984707,"comment_status":"","ping_status":"","sticky":false,"template":"","format":"standard","meta":{"footnotes":"","_share_on_mastodon":"0"},"categories":[1589],"tags":[11,12437,12442,73,1866,1295,2257,63,12440,12,8359,1864,1865,1863,308,12439,12441,12438],"class_list":["post-984706","post","type-post","status-publish","format-standard","has-post-thumbnail","category-etats-unis","tag-actualites","tag-bleues","tag-championnat-de-france-feminin","tag-etats-unis","tag-etats-unis-damerique","tag-feminin","tag-foot","tag-football","tag-frauen-fussball","tag-news","tag-soccer","tag-united-states","tag-united-states-of-america","tag-us","tag-usa","tag-vrouwenvoetbal","tag-women-national-teams","tag-women-soccer"],"share_on_mastodon":{"url":"https:\/\/pubeurope.com\/@fr\/116710323867679668","error":""},"_links":{"self":[{"href":"https:\/\/www.europesays.com\/fr\/wp-json\/wp\/v2\/posts\/984706","targetHints":{"allow":["GET"]}}],"collection":[{"href":"https:\/\/www.europesays.com\/fr\/wp-json\/wp\/v2\/posts"}],"about":[{"href":"https:\/\/www.europesays.com\/fr\/wp-json\/wp\/v2\/types\/post"}],"author":[{"embeddable":true,"href":"https:\/\/www.europesays.com\/fr\/wp-json\/wp\/v2\/users\/2"}],"replies":[{"embeddable":true,"href":"https:\/\/www.europesays.com\/fr\/wp-json\/wp\/v2\/comments?post=984706"}],"version-history":[{"count":0,"href":"https:\/\/www.europesays.com\/fr\/wp-json\/wp\/v2\/posts\/984706\/revisions"}],"wp:featuredmedia":[{"embeddable":true,"href":"https:\/\/www.europesays.com\/fr\/wp-json\/wp\/v2\/media\/984707"}],"wp:attachment":[{"href":"https:\/\/www.europesays.com\/fr\/wp-json\/wp\/v2\/media?parent=984706"}],"wp:term":[{"taxonomy":"category","embeddable":true,"href":"https:\/\/www.europesays.com\/fr\/wp-json\/wp\/v2\/categories?post=984706"},{"taxonomy":"post_tag","embeddable":true,"href":"https:\/\/www.europesays.com\/fr\/wp-json\/wp\/v2\/tags?post=984706"}],"curies":[{"name":"wp","href":"https:\/\/api.w.org\/{rel}","templated":true}]}}