{"id":98472,"date":"2025-05-14T04:30:08","date_gmt":"2025-05-14T04:30:08","guid":{"rendered":"https:\/\/www.europesays.com\/fr\/98472\/"},"modified":"2025-05-14T04:30:08","modified_gmt":"2025-05-14T04:30:08","slug":"ce-drole-de-message-de-tom-cruise-en-gare-de-nice-et-cannes-voici-pourquoi","status":"publish","type":"post","link":"https:\/\/www.europesays.com\/fr\/98472\/","title":{"rendered":"ce dr\u00f4le de message de Tom Cruise en gare de Nice et Cannes, voici pourquoi"},"content":{"rendered":"<p>            Par<br \/>\n        <strong><br \/>\n            <a href=\"https:\/\/actu.fr\/auteur\/manon-reinhardt\" title=\"Consulter tous les articles de Manon Reinhardt\" rel=\"nofollow noopener\" target=\"_blank\">Manon Reinhardt<\/a><br \/>\n        <\/strong><\/p>\n<p>        Publi\u00e9 le<\/p>\n<p>            14 mai 2025 \u00e0 6h16        <\/p>\n<p>Vous pourriez \u00eatre surpris. En gare SNCF de <a href=\"https:\/\/actu.fr\/provence-alpes-cote-d-azur\/nice_06088\" rel=\"nofollow noopener\" target=\"_blank\">Nice<\/a> et <a href=\"https:\/\/actu.fr\/provence-alpes-cote-d-azur\/cannes_06029\" rel=\"nofollow noopener\" target=\"_blank\">Cannes<\/a>, une annonce sonore \u00e9tonnante peut \u00eatre diffus\u00e9e ces jours-ci. Sur la musique d\u2019un c\u00e9l\u00e8bre film, la voix fran\u00e7aise de l\u2019acteur\u2026 <strong>Tom Cruise<\/strong> a un message pour les voyageurs.<\/p>\n<p class=\" wall-content\">Il s\u2019agit d\u2019une campagne de promotion pour le dernier film de la mythique s\u00e9rie, \u00ab\u2009Mission\u2009: Impossible \u2013 The Final Reckoning\u2009\u00bb, qui sortira le 21\u00a0mai en salle.<\/p>\n<p>\u00ab\u2009Aucune mission n\u2019est impossible\u2009\u00bb<\/p>\n<p class=\" wall-content\">C\u2019est plut\u00f4t inhabituel et tr\u00e8s surprenant\u2009: un message sonore, qui d\u00e9bute par \u00ab\u2009Ici Ethan Hunt\u2009\u00bb, a \u00e9t\u00e9 diffus\u00e9 dans plusieurs <strong>gares SNCF<\/strong> de France, \u00e0 Paris, Cannes et Nice, comme le rapportent nos confr\u00e8res de <a href=\"https:\/\/www.bfmtv.com\/people\/cinema\/mission-impossible-la-voix-francaise-de-tom-cruise-s-invite-dans-les-gares_AN-202505070557.html\" rel=\"nofollow noopener\" target=\"_blank\">BFM TV<\/a>.<\/p>\n<p class=\" wall-content\">C\u2019est bien la voix fran\u00e7aise de l\u2019acteur Tom Cruise, Jean-Philippe Puymartin, qui s\u2019adresse, accompagn\u00e9 de la c\u00e9l\u00e8bre musique, aux voyageurs et les sensibilise aux bagages abandonn\u00e9s.<\/p>\n<blockquote class=\"ac-article-quote wall-content\">\n<p>Ici Ethan Hunt. Gardez vos bagages sous surveillance. Tout objet abandonn\u00e9 pourrait nuire au bon d\u00e9roulement de la mission. Aucune mission n&rsquo;est impossible.<\/p>\n<p>    <strong>Message sonore en gare SNCF \u00e0 Nice et Cannes<\/strong>\n            <\/p><\/blockquote>\n<p>Vid\u00e9os : en ce moment sur ActuAnnonces programm\u00e9es le 21\u00a0mai<\/p>\n<p class=\" wall-content\">Ces annonces pour le moins insolites interviendront encore plusieurs fois dans la journ\u00e9e le 21\u00a0mai prochain, date officielle de sortie du film \u00ab\u2009Mission\u2009: Impossible \u2013 The Final Reckoning\u2009\u00bb. Elles ont \u00e9galement \u00e9t\u00e9 diffus\u00e9es les 8, 9, 10, et 11\u00a0mai, \u00e0 Paris notamment.<\/p>\n<p class=\" wall-content\">\n<p class=\" wall-content\">L\u2019acteur am\u00e9ricain se trouve d\u2019ailleurs \u00e0 Cannes en ce moment, \u00e0 l\u2019occasion du Festival de Cannes 2025, qui s\u2019est ouvert ce mardi 13 mai. Le film sera projet\u00e9 ce mercredi sur la Croisette. Le huiti\u00e8me volet de l\u2019embl\u00e9matique saga est pr\u00e9sent\u00e9 dans la cat\u00e9gorie \u00ab\u2009hors comp\u00e9tition\u2009\u00bb.<\/p>\n<p class=\" wall-content\">Suivez toute l\u2019actualit\u00e9 de vos villes et m\u00e9dias favoris en vous inscrivant \u00e0 <a href=\"https:\/\/moncompte.actu.fr\" title=\"D\u00e9couvez Mon Actu\" rel=\"nofollow noopener\" data-trk=\"{&quot;cta&quot;:{&quot;action&quot;:&quot;https:\\\/\\\/moncompte.actu.fr&quot;,&quot;category&quot;:&quot;mon compte&quot;,&quot;from&quot;:&quot;article footer&quot;,&quot;name&quot;:&quot;Mon actu&quot;,&quot;type&quot;:&quot;cta&quot;}}\" target=\"_blank\">Mon Actu<\/a>.<\/p>\n","protected":false},"excerpt":{"rendered":"Par Manon Reinhardt Publi\u00e9 le 14 mai 2025 \u00e0 6h16 Vous pourriez \u00eatre surpris. En gare SNCF de&hellip;\n","protected":false},"author":2,"featured_media":98473,"comment_status":"","ping_status":"","sticky":false,"template":"","format":"standard","meta":{"footnotes":""},"categories":[2819],"tags":[1111,11,1777,674,1011,27,1757,12,2401,882,25,2215,6834],"class_list":{"0":"post-98472","1":"post","2":"type-post","3":"status-publish","4":"format-standard","5":"has-post-thumbnail","7":"category-nice","8":"tag-actu","9":"tag-actualites","10":"tag-eu","11":"tag-europe","12":"tag-fr","13":"tag-france","14":"tag-insolite","15":"tag-news","16":"tag-nice","17":"tag-provence-alpes-cote-dazur","18":"tag-republique-francaise","19":"tag-sncf","20":"tag-tom-cruise"},"share_on_mastodon":{"url":"https:\/\/pubeurope.com\/@fr\/114504310789678709","error":""},"_links":{"self":[{"href":"https:\/\/www.europesays.com\/fr\/wp-json\/wp\/v2\/posts\/98472","targetHints":{"allow":["GET"]}}],"collection":[{"href":"https:\/\/www.europesays.com\/fr\/wp-json\/wp\/v2\/posts"}],"about":[{"href":"https:\/\/www.europesays.com\/fr\/wp-json\/wp\/v2\/types\/post"}],"author":[{"embeddable":true,"href":"https:\/\/www.europesays.com\/fr\/wp-json\/wp\/v2\/users\/2"}],"replies":[{"embeddable":true,"href":"https:\/\/www.europesays.com\/fr\/wp-json\/wp\/v2\/comments?post=98472"}],"version-history":[{"count":0,"href":"https:\/\/www.europesays.com\/fr\/wp-json\/wp\/v2\/posts\/98472\/revisions"}],"wp:featuredmedia":[{"embeddable":true,"href":"https:\/\/www.europesays.com\/fr\/wp-json\/wp\/v2\/media\/98473"}],"wp:attachment":[{"href":"https:\/\/www.europesays.com\/fr\/wp-json\/wp\/v2\/media?parent=98472"}],"wp:term":[{"taxonomy":"category","embeddable":true,"href":"https:\/\/www.europesays.com\/fr\/wp-json\/wp\/v2\/categories?post=98472"},{"taxonomy":"post_tag","embeddable":true,"href":"https:\/\/www.europesays.com\/fr\/wp-json\/wp\/v2\/tags?post=98472"}],"curies":[{"name":"wp","href":"https:\/\/api.w.org\/{rel}","templated":true}]}}