{"id":984803,"date":"2026-06-07T19:55:24","date_gmt":"2026-06-07T19:55:24","guid":{"rendered":"https:\/\/www.europesays.com\/fr\/984803\/"},"modified":"2026-06-07T19:55:24","modified_gmt":"2026-06-07T19:55:24","slug":"franche-comte-le-tgv-de-paris-arrete-avant-la-gare-de-belfort-montbeliard-a-cause-dun-enfant-sur-les-voies","status":"publish","type":"post","link":"https:\/\/www.europesays.com\/fr\/984803\/","title":{"rendered":"Franche-Comt\u00e9. Le TGV de Paris arr\u00eat\u00e9 avant la gare de Belfort Montb\u00e9liard \u00e0 cause d&rsquo;un enfant sur les voies"},"content":{"rendered":"<p>Les pompiers du Territoire de Belfort ont \u00e9t\u00e9 avertis, ce dimanche vers 19\u00a0h\u00a030, de la pr\u00e9sence d\u2019un adolescent sur la ligne \u00e0 grande vitesse \u00e0 proximit\u00e9 de la gare TGV de Belfort-Montb\u00e9liard.<\/p>\n<p>Le gar\u00e7on, \u00e2g\u00e9 d\u2019une quinzaine d\u2019ann\u00e9es, avait un comportement \u00e9trange. Il se trouvait sur la commune de Tr\u00e9venans.<\/p>\n<p>Les pompiers ont averti la direction de la SNCF \u00e0 Dijon, qui a fait s\u2019arr\u00eater <a href=\"https:\/\/www.estrepublicain.fr\/economie\/2026\/05\/29\/le-nouveau-tgv-d-alstom-fabrique-dans-la-region-sera-mis-en-service-commercial-en-septembre\" target=\"_blank\" rel=\"nofollow noopener\">le TGV<\/a> en provenance de Paris, qui devait passer \u00e0 cet endroit une dizaine de minutes plus tard. Le train s\u2019est immobilis\u00e9 en pleine voie avant le viaduc qui se trouve pr\u00e8s de la gare TGV franc-comtoise.<\/p>\n<p>Le train a pu repartir et est arriv\u00e9 en gare \u00e0 21\u00a0h\u00a030, avec 1\u00a0h\u00a045 de retard.<\/p>\n","protected":false},"excerpt":{"rendered":"Les pompiers du Territoire de Belfort ont \u00e9t\u00e9 avertis, ce dimanche vers 19\u00a0h\u00a030, de la pr\u00e9sence d\u2019un adolescent&hellip;\n","protected":false},"author":2,"featured_media":984804,"comment_status":"","ping_status":"","sticky":false,"template":"","format":"standard","meta":{"footnotes":"","_share_on_mastodon":"0"},"categories":[1888],"tags":[119,11,22758,22759,10332,1777,674,274,1011,27,8027,12,626,11058,25,55891,89997],"class_list":["post-984803","post","type-post","status-publish","format-standard","has-post-thumbnail","category-paris","tag-accident","tag-actualites","tag-belfort","tag-belfort-ville-90a","tag-edition-belfort-hericourt-montbeliard","tag-eu","tag-europe","tag-faits-divers-justice","tag-fr","tag-france","tag-montbeliard","tag-news","tag-paris","tag-region-franche-comte","tag-republique-francaise","tag-territoire-de-belfort","tag-trevenans"],"share_on_mastodon":{"url":"https:\/\/pubeurope.com\/@fr\/116710586902666031","error":""},"_links":{"self":[{"href":"https:\/\/www.europesays.com\/fr\/wp-json\/wp\/v2\/posts\/984803","targetHints":{"allow":["GET"]}}],"collection":[{"href":"https:\/\/www.europesays.com\/fr\/wp-json\/wp\/v2\/posts"}],"about":[{"href":"https:\/\/www.europesays.com\/fr\/wp-json\/wp\/v2\/types\/post"}],"author":[{"embeddable":true,"href":"https:\/\/www.europesays.com\/fr\/wp-json\/wp\/v2\/users\/2"}],"replies":[{"embeddable":true,"href":"https:\/\/www.europesays.com\/fr\/wp-json\/wp\/v2\/comments?post=984803"}],"version-history":[{"count":0,"href":"https:\/\/www.europesays.com\/fr\/wp-json\/wp\/v2\/posts\/984803\/revisions"}],"wp:featuredmedia":[{"embeddable":true,"href":"https:\/\/www.europesays.com\/fr\/wp-json\/wp\/v2\/media\/984804"}],"wp:attachment":[{"href":"https:\/\/www.europesays.com\/fr\/wp-json\/wp\/v2\/media?parent=984803"}],"wp:term":[{"taxonomy":"category","embeddable":true,"href":"https:\/\/www.europesays.com\/fr\/wp-json\/wp\/v2\/categories?post=984803"},{"taxonomy":"post_tag","embeddable":true,"href":"https:\/\/www.europesays.com\/fr\/wp-json\/wp\/v2\/tags?post=984803"}],"curies":[{"name":"wp","href":"https:\/\/api.w.org\/{rel}","templated":true}]}}