{"id":98491,"date":"2025-05-14T04:40:09","date_gmt":"2025-05-14T04:40:09","guid":{"rendered":"https:\/\/www.europesays.com\/fr\/98491\/"},"modified":"2025-05-14T04:40:09","modified_gmt":"2025-05-14T04:40:09","slug":"les-coproprietes-degradees-marseillaises-priorite-nationale-sans-cesse-remise-a-plus-tard","status":"publish","type":"post","link":"https:\/\/www.europesays.com\/fr\/98491\/","title":{"rendered":"Les copropri\u00e9t\u00e9s d\u00e9grad\u00e9es marseillaises, priorit\u00e9 nationale sans cesse remise \u00e0 plus tard"},"content":{"rendered":"<p>En f\u00e9vrier, l&rsquo;\u00e9tablissement public foncier a rendu les \u00e9tudes de pr\u00e9figuration pour la requalification lourde de quatre copropri\u00e9t\u00e9s marseillaises, que Marsactu a consult\u00e9es. Aux Rosiers, il est question d&rsquo;acqu\u00e9rir tout ou partie des b\u00e2timents pour les mettre aux normes et sortir de la spirale du d\u00e9clin.<\/p>\n<p>    Cette fois-ci, c\u2019est la bonne. Dans quelques mois, la copropri\u00e9t\u00e9 des Rosiers (14e arrondissement) devrait \u00eatre le th\u00e9\u00e2tre d\u2019une op\u00e9ration de requalification de grande ampleur, vingt ans apr\u00e8s la derni\u00e8re intervention publique, dont on peine \u00e0 voir les effets. Arriv\u00e9 en janvier, le pr\u00e9fet de r\u00e9gion, Georges-Fran\u00e7ois Leclerc, a plac\u00e9 les op\u00e9rations de requalification des copropri\u00e9t\u00e9s d\u00e9grad\u00e9es tout en haut de sa liste des priorit\u00e9s. D\u2019ici \u00e0 quelques mois, quatre dossiers marseillais seront soumis au minist\u00e8re du Logement avant un passage devant le Conseil d\u2019\u00c9tat, pour un lancement effectif des op\u00e9rations en 2026. Le Mail, Consolat, la Maurelette et les Rosiers sont consid\u00e9r\u00e9es comme prioritaires depuis dix ans. Elles figuraient en toutes lettres dans &#8230; <\/p>\n<p>Vous voulez lire<br \/>\n\t\t\t                la suite\u00a0?\n\t\t\t            <\/p>\n<p>\n\t\t\t                Abonnez-vous \u00e0 Marsactu\n\t\t\t            <\/p>\n","protected":false},"excerpt":{"rendered":"En f\u00e9vrier, l&rsquo;\u00e9tablissement public foncier a rendu les \u00e9tudes de pr\u00e9figuration pour la requalification lourde de quatre copropri\u00e9t\u00e9s&hellip;\n","protected":false},"author":2,"featured_media":98492,"comment_status":"","ping_status":"","sticky":false,"template":"","format":"standard","meta":{"footnotes":""},"categories":[2814],"tags":[1111,11,1777,674,1011,27,21294,884,12,21295,882,25,4772],"class_list":{"0":"post-98491","1":"post","2":"type-post","3":"status-publish","4":"format-standard","5":"has-post-thumbnail","7":"category-marseille","8":"tag-actu","9":"tag-actualites","10":"tag-eu","11":"tag-europe","12":"tag-fr","13":"tag-france","14":"tag-lesrosiers","15":"tag-marseille","16":"tag-news","17":"tag-orcodin","18":"tag-provence-alpes-cote-dazur","19":"tag-republique-francaise","20":"tag-zalu"},"share_on_mastodon":{"url":"https:\/\/pubeurope.com\/@fr\/114504350051485176","error":""},"_links":{"self":[{"href":"https:\/\/www.europesays.com\/fr\/wp-json\/wp\/v2\/posts\/98491","targetHints":{"allow":["GET"]}}],"collection":[{"href":"https:\/\/www.europesays.com\/fr\/wp-json\/wp\/v2\/posts"}],"about":[{"href":"https:\/\/www.europesays.com\/fr\/wp-json\/wp\/v2\/types\/post"}],"author":[{"embeddable":true,"href":"https:\/\/www.europesays.com\/fr\/wp-json\/wp\/v2\/users\/2"}],"replies":[{"embeddable":true,"href":"https:\/\/www.europesays.com\/fr\/wp-json\/wp\/v2\/comments?post=98491"}],"version-history":[{"count":0,"href":"https:\/\/www.europesays.com\/fr\/wp-json\/wp\/v2\/posts\/98491\/revisions"}],"wp:featuredmedia":[{"embeddable":true,"href":"https:\/\/www.europesays.com\/fr\/wp-json\/wp\/v2\/media\/98492"}],"wp:attachment":[{"href":"https:\/\/www.europesays.com\/fr\/wp-json\/wp\/v2\/media?parent=98491"}],"wp:term":[{"taxonomy":"category","embeddable":true,"href":"https:\/\/www.europesays.com\/fr\/wp-json\/wp\/v2\/categories?post=98491"},{"taxonomy":"post_tag","embeddable":true,"href":"https:\/\/www.europesays.com\/fr\/wp-json\/wp\/v2\/tags?post=98491"}],"curies":[{"name":"wp","href":"https:\/\/api.w.org\/{rel}","templated":true}]}}