{"id":98494,"date":"2025-05-14T04:42:18","date_gmt":"2025-05-14T04:42:18","guid":{"rendered":"https:\/\/www.europesays.com\/fr\/98494\/"},"modified":"2025-05-14T04:42:18","modified_gmt":"2025-05-14T04:42:18","slug":"la-nuit-du-bien-commun-embarrassee-par-lombre-de-sterin","status":"publish","type":"post","link":"https:\/\/www.europesays.com\/fr\/98494\/","title":{"rendered":"la Nuit du Bien Commun embarrass\u00e9e par l&rsquo;ombre de St\u00e9rin"},"content":{"rendered":"<p class=\"wp-block-post-excerpt__excerpt\">Lundi 19 mai se tiendra \u00e0 Lyon la Nuit du Bien Commun, soir\u00e9e caritative fond\u00e9e par le milliardaire d\u2019extr\u00eame droite Pierre-\u00c9douard St\u00e9rin. Alors que celui-ci avance ses pions pour une France aux valeurs r\u00e9actionnaires, les organisateurs de la soir\u00e9e tentent de s\u2019en distancier. Avec quelques difficult\u00e9s. <\/p>\n<p>Sol\u00e8ne Guili et Pierre Lemerle<\/p>\n<p>Publi\u00e9 le 14 mai 2025\u00a0\u00a0\u00b7\u00a0\u00a0<\/p>\n<p>Imprim\u00e9 le 14 mai 2025 \u00e0 06h42\u00a0\u00a0\u00b7\u00a0\u00a0<\/p>\n<p>\t\t\t\t\t9\u00a0minutes\n<\/p>\n<p>Une soir\u00e9e caritative hors norme, un \u00ab\u00a0show \u00e0 l\u2019am\u00e9ricaine\u00a0\u00bb selon une ex-participante, un style unique \u00ab\u00a0qui donne de l\u2019espoir\u00a0\u00bb\u2026 Ou la promotion d\u2019une certaine vision du monde ? \u00c0 Lyon comme dans le reste du pays, les Nuits du Bien Commun interrogent et divisent. Car leur cofondateur, Pierre-Edouard St\u00e9rin, est bien emb\u00eatant.<\/p>\n<p>Le milliardaire, \u00e0 l\u2019origine de la Smartbox et du fonds d\u2019investissement Otium Capital, est un catholique (tr\u00e8s) conservateur et exil\u00e9 fiscal revendiqu\u00e9. \u00c0 l\u2019\u00e9t\u00e9 2024, <a href=\"https:\/\/www.humanite.fr\/politique\/bien-commun\/exclusif-pericles-le-projet-secret-de-pierre-edouard-sterin-pour-installer-le-rn-au-pouvoir\" target=\"_blank\" rel=\"noreferrer noopener\">L\u2019Humanit\u00e9 a r\u00e9v\u00e9l\u00e9<\/a> son projet P\u00e9ricl\u00e8s pour porter l\u2019extr\u00eame droite au pouvoir en 2027. L\u2019homme d\u2019affaires compte investir 150 millions d\u2019euros dans une \u00ab\u00a0bataille culturelle\u00a0\u00bb pour \u00ab\u00a0permettre la victoire id\u00e9ologique, \u00e9lectorale et politique\u00a0\u00bb face notamment au \u00ab\u00a0socialisme, wokisme, islamisme, immigration\u00a0\u00bb. Rien que \u00e7a.<\/p>\n<p>Alors que Pierre-Edouard St\u00e9rin doit se pr\u00e9senter mercredi 14 mai <a href=\"https:\/\/www.assemblee-nationale.fr\/dyn\/17\/organes\/autres-commissions\/commissions-enquete\/organisation-des-elections\" target=\"_blank\" rel=\"noreferrer noopener\">devant une commission d\u2019enqu\u00eate de l\u2019Assembl\u00e9e nationale<\/a> sur l\u2019organisation des \u00e9lections, l\u2019ombre du milliardaire embarrasse les organisateurs et participants de la Nuit pour le Bien Commun, qui aura lieu le 19 mai au centre de Congr\u00e8s de Lyon.<\/p>\n<p class=\"has-warning-color has-text-color\">\n\t\t\t<strong> Cet article fait partie de l\u2019\u00e9dition abonn\u00e9s.<\/strong><br \/>\n\t\t\t| D\u00e9j\u00e0 abonn\u00e9\u00a0?<br \/>\n\t\t\t<a href=\"https:\/\/www.rue89lyon.fr\/user\/login\/\" data-type=\"page\" data-id=\"128116\" target=\"_blank\" rel=\"noopener\">Connectez-vous<\/a>\n\t\t<\/p>\n<p>Abonnez-vous maintenant pour poursuivre votre lecture<\/p>\n<p><img loading=\"lazy\" decoding=\"async\" width=\"2048\" height=\"1627\" src=\"https:\/\/www.europesays.com\/fr\/wp-content\/uploads\/2025\/05\/04-paywall.png\" alt=\"Abonnez-vous\" class=\"wp-image-207191\"  \/><\/p>\n<p>\t\t\t<a href=\"https:\/\/www.rue89lyon.fr\/\" class=\"custom-logo-link\" rel=\"home noopener\" target=\"_blank\"><img loading=\"lazy\" decoding=\"async\" width=\"290\" height=\"89\" src=\"https:\/\/www.europesays.com\/fr\/wp-content\/uploads\/2025\/04\/1745556146_356_logo.png\" class=\"custom-logo\" alt=\"Rue89Lyon Infos, enqu\u00eates \u00e0 Lyon et dans la r\u00e9gion\"  \/><\/a><\/p>\n<p>\n\t\t\t\tAbonnez-vous maintenant pour suivre l\u2019actualit\u00e9 locale.\t\t\t<\/p>\n<p class=\"font-bold font-serif-heading mb-2 text-4xl\">\n\t\t\t\t\t\tL\u2019investigation locale \u00e0 port\u00e9e de main.\n\t\t\t\t\t<\/p>\n<p>\n\t\t\t\t\t\tAbonnez-vous et profitez d\u2019un acc\u00e8s illimit\u00e9 \u00e0 Rue89 Lyon. Annulez quand vous voulez.\n\t\t\t\t\t<\/p>\n<p class=\"xl:text-sm\">\n\t\t\t\t\tD\u00e9j\u00e0 abonn\u00e9\u00a0?<br \/>\n\t\t\t\t\t<a class=\"border border-transparent text-center transition-colors duration-instant focus:border-info focus:rounded focus:shadow-focus cursor-pointer text-black hover:text-gray-700 active:bg-black-700 font-semibold inline-block\" href=\"https:\/\/www.rue89lyon.fr\/user\/login\/?redirect=\/2025\/05\/14\/lyon-nuit-bien-commun-embarrassee-pierre-edouard-sterin\/\" target=\"_blank\" rel=\"noopener\">Connectez-vous<\/a>\t\t\t\t<\/p>\n<p>\n\t\t\t\tChoisissez votre formule\u00a0:\n\t\t\t<\/p>\n<p>\t\t\t\tFermer<\/p>\n","protected":false},"excerpt":{"rendered":"Lundi 19 mai se tiendra \u00e0 Lyon la Nuit du Bien Commun, soir\u00e9e caritative fond\u00e9e par le milliardaire&hellip;\n","protected":false},"author":2,"featured_media":98495,"comment_status":"","ping_status":"","sticky":false,"template":"","format":"standard","meta":{"footnotes":""},"categories":[1889],"tags":[1111,11,4077,2430,8305,1777,674,1076,1011,27,2428,12,25],"class_list":{"0":"post-98494","1":"post","2":"type-post","3":"status-publish","4":"format-standard","5":"has-post-thumbnail","7":"category-lyon","8":"tag-actu","9":"tag-actualites","10":"tag-association","11":"tag-auvergne-rhone-alpes","12":"tag-eglise-catholique","13":"tag-eu","14":"tag-europe","15":"tag-extreme-droite","16":"tag-fr","17":"tag-france","18":"tag-lyon","19":"tag-news","20":"tag-republique-francaise"},"share_on_mastodon":{"url":"https:\/\/pubeurope.com\/@fr\/114504357967129017","error":""},"_links":{"self":[{"href":"https:\/\/www.europesays.com\/fr\/wp-json\/wp\/v2\/posts\/98494","targetHints":{"allow":["GET"]}}],"collection":[{"href":"https:\/\/www.europesays.com\/fr\/wp-json\/wp\/v2\/posts"}],"about":[{"href":"https:\/\/www.europesays.com\/fr\/wp-json\/wp\/v2\/types\/post"}],"author":[{"embeddable":true,"href":"https:\/\/www.europesays.com\/fr\/wp-json\/wp\/v2\/users\/2"}],"replies":[{"embeddable":true,"href":"https:\/\/www.europesays.com\/fr\/wp-json\/wp\/v2\/comments?post=98494"}],"version-history":[{"count":0,"href":"https:\/\/www.europesays.com\/fr\/wp-json\/wp\/v2\/posts\/98494\/revisions"}],"wp:featuredmedia":[{"embeddable":true,"href":"https:\/\/www.europesays.com\/fr\/wp-json\/wp\/v2\/media\/98495"}],"wp:attachment":[{"href":"https:\/\/www.europesays.com\/fr\/wp-json\/wp\/v2\/media?parent=98494"}],"wp:term":[{"taxonomy":"category","embeddable":true,"href":"https:\/\/www.europesays.com\/fr\/wp-json\/wp\/v2\/categories?post=98494"},{"taxonomy":"post_tag","embeddable":true,"href":"https:\/\/www.europesays.com\/fr\/wp-json\/wp\/v2\/tags?post=98494"}],"curies":[{"name":"wp","href":"https:\/\/api.w.org\/{rel}","templated":true}]}}