{"id":98500,"date":"2025-05-14T04:46:07","date_gmt":"2025-05-14T04:46:07","guid":{"rendered":"https:\/\/www.europesays.com\/fr\/98500\/"},"modified":"2025-05-14T04:46:07","modified_gmt":"2025-05-14T04:46:07","slug":"a-paris-ces-jeunes-tentent-de-cumuler-les-boulots-sans-se-miner","status":"publish","type":"post","link":"https:\/\/www.europesays.com\/fr\/98500\/","title":{"rendered":"\u00e0 Paris, ces jeunes tentent de cumuler les boulots sans se miner"},"content":{"rendered":"<p>            Par<br \/>\n        <strong><br \/>\n            <a href=\"https:\/\/actu.fr\/auteur\/ines-cussac-actu-fr\" title=\"Consulter tous les articles de In\u00e8s Cussac\" target=\"_blank\" rel=\"noopener\">In\u00e8s Cussac<\/a><br \/>\n        <\/strong><\/p>\n<p>        Publi\u00e9 le<\/p>\n<p>            14 mai 2025 \u00e0 6h12        <\/p>\n<p>\u00ab\u2009Travailler plus pour gagner plus\u2009\u00bb, disait-on \u00e0 droite en 2007. <a href=\"https:\/\/actu.fr\/ile-de-france\/paris_75056\/la-revanche-de-l-agent-de-la-ville-de-paris-cumulard-d-emploi-et-sanctionne-a-tort-par-anne-hidalgo_62065874.html\" target=\"_blank\" rel=\"noopener\">Les cumulards d\u2019emplois<\/a> ont bien compris l\u2019id\u00e9e. Mais depuis quelques ann\u00e9es, une subtilit\u00e9 vient changer la formule. La plupart des personnes qui travaillent \u00e0 c\u00f4t\u00e9 de leur premier emploi le font par souci p\u00e9cuniaire. L\u2019argent n\u2019est cependant plus le seul moteur. La flexibilit\u00e9 s\u2019est ajout\u00e9e dans l\u2019\u00e9quation. Selon une \u00e9tude men\u00e9e par le sp\u00e9cialiste des missions ponctuelles StaffMe, les jobs les plus r\u00e9pandus en <a href=\"https:\/\/actu.fr\/ile-de-france\/\" target=\"_blank\" rel=\"noopener\">\u00cele-de-France<\/a> ne sont pas toujours les mieux r\u00e9mun\u00e9r\u00e9s. Pour de nombreux travailleurs, <strong>la souplesse est devenue \u00ab\u2009primordiale\u2009\u00bb<\/strong>. \u00ab\u2009Je voulais gagner plus d\u2019argent parce que la vie \u00e0 Paris est ch\u00e8re et que je vis au-dessus de mes moyens\u2009\u00bb, reconna\u00eet Adrienne, la vingtaine. \u00ab\u2009Mais je veux pouvoir profiter de la vie, parce qu\u2019on a qu\u2019une vie\u2009\u00bb, se reprend-elle. Si la jeune femme a finalement retrouv\u00e9 <a href=\"https:\/\/actu.fr\/grand-est\/strasbourg_67482\/personne-ne-devrait-travailler-35-heures-julie-28-ans-ne-veut-plus-travailler_54350775.html\" target=\"_blank\" rel=\"noopener\">un quotidien normal en 35\u00a0heures<\/a>, elle a fait partie de cette frange de la population dont les journ\u00e9es sont rallong\u00e9es pour boucler les fins de mois.<\/p>\n<p>\u00ab\u2009Je ne tenais plus le rythme\u2009\u00bb<\/p>\n<p class=\" wall-content\">\u00ab\u2009Je cherchais un truc avec des horaires assez flexibles pour pouvoir cumuler les deux emplois\u2009\u00bb, remet-elle. Mais apr\u00e8s avoir ajout\u00e9 huit heures de travail hebdomadaire \u00e0 son emploi du temps pendant deux mois, Adrienne a fini par l\u00e2cher l\u2019affaire. \u00ab\u2009Au niveau du rythme, \u00e7a faisait trop. <strong>C\u2019\u00e9tait compliqu\u00e9 de se remotiver apr\u00e8s une journ\u00e9e de boulot<\/strong> pour recommencer un taf \u00e0 c\u00f4t\u00e9\u2009\u00bb, se souvient cette t\u00eate brune venue du sud ouest et dont le \u00ab\u2009petit job\u2009\u00bb de commerciale pour une miellerie consistait \u00e0 d\u00e9marcher les \u00e9piceries, restaurants, boulangeries, primeurs, etc. aux quatre coins de Paris.<\/p>\n<p class=\" wall-content\">Jongler entre deux emplois demande effectivement une certaine endurance. Pauline, qui cumule depuis cinq mois l\u2019emploi de commerciale dans une startup \u00e0 celui de serveuse dans restaurant semi-gastronomique du 18e, a r\u00e9duit la voilure. \u00ab\u2009Je ne tenais plus le rythme. J\u2019ai d\u00fb m\u2019arr\u00eater un peu parce que j\u2019\u00e9tais souvent malade\u2009\u00bb, explique-t-elle. \u00ab\u2009Quand je ne suis pas disponible, <strong>je peux annuler en d\u00e9but de semaine<\/strong>. Donc il y a une grosse flexibilit\u00e9, c\u2019est bien.\u2009\u00bb<\/p>\n<p class=\" wall-content\">Le barom\u00e8tre publi\u00e9 par StaffMe montre bel et bien la tendance qui se dessine chez les travailleurs. \u00ab\u2009Nous constatons que les missions offrant de la souplesse sont les plus attractives et les plus rapidement pourvues\u2009\u00bb, fait savoir Jean-Baptiste Achard, cofondateur de la plateforme de recrutement en ligne, o\u00f9 quelques clics suffisent aux candidats pour postuler et d\u00e9crocher un job.<\/p>\n<p class=\" wall-content\">C\u2019est d\u2019ailleurs par ce canal qu\u2019Ir\u00e8ne, architecte du lundi au vendredi, est devenue vendeuse dans une boutique d\u2019ameublement, le samedi et le dimanche. \u00ab\u2009J\u2019ai commenc\u00e9 en novembre, pour une mission de trois week-ends \u00e0 la base. L\u00e0, on est en mai et j\u2019y suis toujours\u2009\u00bb, ironise-t-elle avant d\u2019admettre ne pas avoir beaucoup travaill\u00e9 ces derniers temps. \u00ab\u2009<a href=\"https:\/\/actu.fr\/meteo\/jusqu-a-30-c-pour-le-pont-du-1er-mai-dans-quelles-regions-il-fera-le-plus-chaud-cette-semaine_62578879.html\" target=\"_blank\" rel=\"noopener\">Avec les ponts, le soleil<\/a>\u2026 J\u2019en ai un peu profit\u00e9 avec les amis, j\u2019ai fait la cigale pendant un mois. Maintenant, <strong>il faut faire la fourmi avant l\u2019\u00e9t\u00e9<\/strong>\u2009\u00bb, tente-t-elle de s\u2019encourager.<\/p>\n<p>La sant\u00e9 mentale en jeu<\/p>\n<p class=\" wall-content\">\u00ab\u2009L\u00e0 o\u00f9 les travailleurs adaptaient auparavant leur quotidien \u00e0 leur emploi, ils souhaitent d\u00e9sormais que leur emploi s\u2019int\u00e8gre \u00e0 leur rythme de vie, remarque Jean-Baptiste Achard. La flexibilit\u00e9 n\u2019est plus un avantage, c\u2019est une condition de base.\u2009\u00bb Et Ir\u00e8ne d\u2019enfoncer le clou\u2009: \u00ab\u2009Le fait de ne pas \u00eatre bloqu\u00e9e tous les week-ends, de pouvoir refuser le planning si j\u2019ai autre chose de pr\u00e9vu est essentiel. Je n\u2019aurais jamais accept\u00e9 l\u2019emploi sinon.\u2009\u00bb<\/p>\n<p class=\" wall-content\">Tant pis pour les fins de mois dans le rouge malgr\u00e9 les pr\u00e9cautions. <strong>La sant\u00e9 mentale est un enjeu au travail<\/strong> et cela vaut aussi pour le \u00ab\u2009petit job\u2009\u00bb. \u00ab\u2009Je pr\u00e9f\u00e8re \u00eatre ric rac plut\u00f4t que de m\u2019imposer un autre m\u00e9tier trop fatigant\u2009\u00bb, argumente Adrienne avant de reconna\u00eetre le point positif de son exp\u00e9rience\u2009: \u00ab\u2009\u00e7a m\u2019a permis de d\u00e9couvrir un m\u00e9tier vers lequel je voulais potentiellement me reconvertir. Je suis tr\u00e8s contente d\u2019avoir d\u00e9couvert \u00e7a et effectivement, ce n\u2019est plus ce \u00e0 quoi j\u2019aspire. M\u00eame en temps plein, si j\u2019en avais eu l\u2019opportunit\u00e9.\u2009\u00bb<\/p>\n<p class=\" wall-content\">Pauline, de son c\u00f4t\u00e9, a transform\u00e9 l\u2019essai. Ce second emploi l\u2019aide d\u2019une part \u00e0 rembourser son pr\u00eat \u00e9tudiant et \u00e0 souffler financi\u00e8rement \u00ab\u2009sans avoir \u00e0 calculer chaque d\u00e9pense\u2009\u00bb. D\u2019autre part, il lui offre la possibilit\u00e9 de <strong>travailler sur le terrain<\/strong>, d\u2019avoir un contact humain. \u00ab\u2009Je suis toute la journ\u00e9e derri\u00e8re un ordinateur, des tableaux Excel. Je voulais avoir de l\u2019argent en plus mais je cherchais aussi quelque chose avec une relation clients\u2009\u00bb, rapporte-t-elle. Ce cumul des emplois contraint en outre la jeune femme \u00e0 quelques \u00e9conomies. \u00ab\u2009\u00c7a permet de diminuer les sorties du week-end\u2009\u00bb, assure-t-elle. En rallongeant ses semaines de travail, la jeune femme a raccourci les petits plaisirs. Mais \u00e0 l\u2019approche des vacances d\u2019\u00e9t\u00e9, elle s\u2019acharne \u00e0 y rem\u00e9dier.<\/p>\n<p class=\" wall-content\">Suivez toute l\u2019actualit\u00e9 de vos villes et m\u00e9dias favoris en vous inscrivant \u00e0 <a href=\"https:\/\/moncompte.actu.fr\" title=\"D\u00e9couvez Mon Actu\" rel=\"nofollow noopener\" data-trk=\"{&quot;cta&quot;:{&quot;action&quot;:&quot;https:\\\/\\\/moncompte.actu.fr&quot;,&quot;category&quot;:&quot;mon compte&quot;,&quot;from&quot;:&quot;article footer&quot;,&quot;name&quot;:&quot;Mon actu&quot;,&quot;type&quot;:&quot;cta&quot;}}\" target=\"_blank\">Mon Actu<\/a>.<\/p>\n","protected":false},"excerpt":{"rendered":"Par In\u00e8s Cussac Publi\u00e9 le 14 mai 2025 \u00e0 6h12 \u00ab\u2009Travailler plus pour gagner plus\u2009\u00bb, disait-on \u00e0 droite&hellip;\n","protected":false},"author":2,"featured_media":98501,"comment_status":"","ping_status":"","sticky":false,"template":"","format":"standard","meta":{"footnotes":""},"categories":[1888],"tags":[1111,1928,11,1927,341,1777,674,1011,27,12,1926,626,1925,25,11254,104],"class_list":{"0":"post-98500","1":"post","2":"type-post","3":"status-publish","4":"format-standard","5":"has-post-thumbnail","7":"category-paris","8":"tag-actu","9":"tag-actu-paris","10":"tag-actualites","11":"tag-actualites-paris","12":"tag-emploi","13":"tag-eu","14":"tag-europe","15":"tag-fr","16":"tag-france","17":"tag-news","18":"tag-news-paris","19":"tag-paris","20":"tag-paris-news","21":"tag-republique-francaise","22":"tag-salaires","23":"tag-societe"},"share_on_mastodon":{"url":"https:\/\/pubeurope.com\/@fr\/114504373564965266","error":""},"_links":{"self":[{"href":"https:\/\/www.europesays.com\/fr\/wp-json\/wp\/v2\/posts\/98500","targetHints":{"allow":["GET"]}}],"collection":[{"href":"https:\/\/www.europesays.com\/fr\/wp-json\/wp\/v2\/posts"}],"about":[{"href":"https:\/\/www.europesays.com\/fr\/wp-json\/wp\/v2\/types\/post"}],"author":[{"embeddable":true,"href":"https:\/\/www.europesays.com\/fr\/wp-json\/wp\/v2\/users\/2"}],"replies":[{"embeddable":true,"href":"https:\/\/www.europesays.com\/fr\/wp-json\/wp\/v2\/comments?post=98500"}],"version-history":[{"count":0,"href":"https:\/\/www.europesays.com\/fr\/wp-json\/wp\/v2\/posts\/98500\/revisions"}],"wp:featuredmedia":[{"embeddable":true,"href":"https:\/\/www.europesays.com\/fr\/wp-json\/wp\/v2\/media\/98501"}],"wp:attachment":[{"href":"https:\/\/www.europesays.com\/fr\/wp-json\/wp\/v2\/media?parent=98500"}],"wp:term":[{"taxonomy":"category","embeddable":true,"href":"https:\/\/www.europesays.com\/fr\/wp-json\/wp\/v2\/categories?post=98500"},{"taxonomy":"post_tag","embeddable":true,"href":"https:\/\/www.europesays.com\/fr\/wp-json\/wp\/v2\/tags?post=98500"}],"curies":[{"name":"wp","href":"https:\/\/api.w.org\/{rel}","templated":true}]}}