{"id":98556,"date":"2025-05-14T05:19:09","date_gmt":"2025-05-14T05:19:09","guid":{"rendered":"https:\/\/www.europesays.com\/fr\/98556\/"},"modified":"2025-05-14T05:19:09","modified_gmt":"2025-05-14T05:19:09","slug":"nous-avons-le-cadre-dun-accord-tres-tres-solide-avec-la-chine-affirme-donald-trump","status":"publish","type":"post","link":"https:\/\/www.europesays.com\/fr\/98556\/","title":{"rendered":"\u00abNous avons le cadre d&rsquo;un accord tr\u00e8s, tr\u00e8s solide avec la Chine\u00bb, affirme Donald Trump"},"content":{"rendered":"<p>Le pr\u00e9sident am\u00e9ricain s\u2019est f\u00e9licit\u00e9 de la tr\u00eave commerciale avec la Chine, qu\u2019il exhorte \u00e0 \u00abs\u2019ouvrir\u00bb, dans une interview pour la cha\u00eene Fox News \u00e0 bord d\u2019Air Force One, l\u2019avion pr\u00e9sidentiel.<\/p>\n<p class=\"fig-paragraph\">\u00abNous avons le cadre d&rsquo;un accord tr\u00e8s, tr\u00e8s solide avec la Chine\u00bb, a affirm\u00e9\u00a0<a href=\"http:\/\/www.lefigaro.fr\/conjoncture\/guerre-commerciale-coup-d-envoi-des-negociations-entre-la-chine-et-les-etats-unis-20250507\" target=\"_blank\" data-fig-type=\"Article\" rel=\"noopener\" data-gtm-custom-categorie=\"navigation\" data-gtm-custom-action=\"crossclick\" data-gtm-custom-label=\"Contextuel\" data-gtm-event=\"customEventSPE\" data-fig-domain=\"LEFIGARO\">Donald Trump<\/a>\u00a0dans une interview diffus\u00e9e par la cha\u00eene Fox News mardi 13 mai au soir, \u00e0 quelques heures de la suspension de la majeure partie des droits de douane prohibitifs que les deux pays s&rsquo;\u00e9taient mutuellement impos\u00e9s. \u00abIl est temps pour la Chine de s&rsquo;ouvrir &#8211; et \u00e7a fait partie de notre accord. Nous allons faire que la Chine s&rsquo;ouvre. \u00c0 mon avis, c&rsquo;est la partie la plus int\u00e9ressante\u00bb, a \u00e9galement d\u00e9clar\u00e9, sans donner de pr\u00e9cisions, le pr\u00e9sident am\u00e9ricain, en tourn\u00e9e au Moyen-Orient pour plusieurs jours et interview\u00e9 \u00e0 bord d&rsquo;Air Force One.<\/p>\n<p class=\"fig-paragraph\">\u00abNous avons le cadre d\u2019un accord tr\u00e8s, tr\u00e8s solide avec la Chine\u00bb, a assur\u00e9 le temp\u00e9tueux milliardaire am\u00e9ricain en se f\u00e9licitant de la pause de 90 jours sur les surtaxes am\u00e9ricaines et chinoises annonc\u00e9e le week-end dernier par les deux gouvernements, apr\u00e8s des n\u00e9gociations \u00e0 Gen\u00e8ve. Cette suspension de trois mois s\u2019applique \u00e0 partir de mercredi.<\/p>\n<p class=\"fig-body-link\">\n            \u00c0 lire aussi<br \/>\n        <a class=\"fig-body-link__link fig-premium-mark\" href=\"http:\/\/www.lefigaro.fr\/conjoncture\/guerre-commerciale-treve-entre-la-chine-et-les-etats-unis-20250512\" data-fig-type=\"Article\" data-gtm-custom-categorie=\"navigation\" data-gtm-custom-action=\"crossclick\" data-gtm-custom-label=\"Contextuel\" data-gtm-event=\"customEventSPE\" data-fig-domain=\"LEFIGARO\" target=\"_blank\" rel=\"noopener\">Guerre commerciale\u00a0: la tr\u00eave entre la Chine et les \u00c9tats-Unis d\u00e9bute ce mercredi<br \/>\n    <\/a>\n<\/p>\n<p>Une relation \u00abtr\u00e8s bonne\u00bb avec Xi Jinping<\/p>\n<p class=\"fig-paragraph\">Apr\u00e8s s\u2019\u00eatre impos\u00e9 des taux de droits de douane de 145% sur les produits chinois import\u00e9s aux \u00c9tats-Unis et de 125% sur les biens am\u00e9ricains entrant en Chine, Washington et P\u00e9kin ont pr\u00e9vu de\u00a0<a href=\"http:\/\/www.lefigaro.fr\/conjoncture\/guerre-commerciale-treve-entre-la-chine-et-les-etats-unis-20250512\" data-fig-type=\"Article\" data-gtm-custom-categorie=\"navigation\" data-gtm-custom-action=\"crossclick\" data-gtm-custom-label=\"Contextuel\" data-gtm-event=\"customEventSPE\" data-fig-domain=\"LEFIGARO\" target=\"_blank\" rel=\"noopener\">les ramener \u00e0 respectivement 30% et 10%<\/a>. \u00abComme vous le savez, il y a de nombreuses ann\u00e9es nous avons ouvert (au commerce) les \u00c9tats-Unis d\u2019Am\u00e9rique. Il est l\u2019heure maintenant que la Chine s\u2019ouvre\u00bb, a insist\u00e9 Donald Trump.<\/p>\n<p class=\"fig-paragraph\">L\u2019ancien magnat de l\u2019immobilier new-yorkais, adepte d\u2019une diplomatie transactionnelle, s\u2019est encore f\u00e9licit\u00e9 d\u2019avoir scell\u00e9 \u00abun accord\u00bb avec la Chine avec laquelle, a-t-il affirm\u00e9, \u00abla relation est tr\u00e8s bonne\u00bb. \u00abJ\u2019ai toujours eu de bons rapports avec le pr\u00e9sident Xi (Jinping), interrompus \u00e9videmment \u00e0 cause du Covid\u00bb, a encore expliqu\u00e9 Donald Trump. \u00abEn dehors de cela, j\u2019ai toujours eu une super relation (avec le pr\u00e9sident chinois), j\u2019ai beaucoup de respect pour lui et nous allons voir comment tout cela va fonctionner\u00bb, a conclu le pr\u00e9sident des \u00c9tats-Unis devant la cha\u00eene Fox News \u00e0 bord de son avion.<\/p>\n","protected":false},"excerpt":{"rendered":"Le pr\u00e9sident am\u00e9ricain s\u2019est f\u00e9licit\u00e9 de la tr\u00eave commerciale avec la Chine, qu\u2019il exhorte \u00e0 \u00abs\u2019ouvrir\u00bb, dans une&hellip;\n","protected":false},"author":2,"featured_media":98557,"comment_status":"","ping_status":"","sticky":false,"template":"","format":"standard","meta":{"footnotes":""},"categories":[6],"tags":[339,340,35,343,345,309,350,130,344,352,349,75,33,34,341,313,1011,27,346,342,353,351,347,348,354],"class_list":{"0":"post-98556","1":"post","2":"type-post","3":"status-publish","4":"format-standard","5":"has-post-thumbnail","7":"category-economie","8":"tag-actualite-economique","9":"tag-bourse","10":"tag-business","11":"tag-cac-40","12":"tag-chef-dentreprise","13":"tag-chine","14":"tag-concurrence","15":"tag-consommation","16":"tag-creation-dentreprise","17":"tag-crise","18":"tag-delocalisations","19":"tag-donald-trump","20":"tag-economie","21":"tag-economy","22":"tag-emploi","23":"tag-entreprises","24":"tag-fr","25":"tag-france","26":"tag-grands-patrons","27":"tag-impots","28":"tag-licenciements","29":"tag-monopole","30":"tag-multinationales","31":"tag-privatisation","32":"tag-unio"},"share_on_mastodon":{"url":"https:\/\/pubeurope.com\/@fr\/114504503341285493","error":""},"_links":{"self":[{"href":"https:\/\/www.europesays.com\/fr\/wp-json\/wp\/v2\/posts\/98556","targetHints":{"allow":["GET"]}}],"collection":[{"href":"https:\/\/www.europesays.com\/fr\/wp-json\/wp\/v2\/posts"}],"about":[{"href":"https:\/\/www.europesays.com\/fr\/wp-json\/wp\/v2\/types\/post"}],"author":[{"embeddable":true,"href":"https:\/\/www.europesays.com\/fr\/wp-json\/wp\/v2\/users\/2"}],"replies":[{"embeddable":true,"href":"https:\/\/www.europesays.com\/fr\/wp-json\/wp\/v2\/comments?post=98556"}],"version-history":[{"count":0,"href":"https:\/\/www.europesays.com\/fr\/wp-json\/wp\/v2\/posts\/98556\/revisions"}],"wp:featuredmedia":[{"embeddable":true,"href":"https:\/\/www.europesays.com\/fr\/wp-json\/wp\/v2\/media\/98557"}],"wp:attachment":[{"href":"https:\/\/www.europesays.com\/fr\/wp-json\/wp\/v2\/media?parent=98556"}],"wp:term":[{"taxonomy":"category","embeddable":true,"href":"https:\/\/www.europesays.com\/fr\/wp-json\/wp\/v2\/categories?post=98556"},{"taxonomy":"post_tag","embeddable":true,"href":"https:\/\/www.europesays.com\/fr\/wp-json\/wp\/v2\/tags?post=98556"}],"curies":[{"name":"wp","href":"https:\/\/api.w.org\/{rel}","templated":true}]}}