{"id":98572,"date":"2025-05-14T05:28:08","date_gmt":"2025-05-14T05:28:08","guid":{"rendered":"https:\/\/www.europesays.com\/fr\/98572\/"},"modified":"2025-05-14T05:28:08","modified_gmt":"2025-05-14T05:28:08","slug":"a-toulon-une-nouvelle-adresse-pour-rouler-en-scooter-electrique","status":"publish","type":"post","link":"https:\/\/www.europesays.com\/fr\/98572\/","title":{"rendered":"\u00c0 Toulon, une nouvelle adresse pour rouler en scooter \u00e9lectrique"},"content":{"rendered":"<p>Depuis la mi-avril, Toulon accueille une nouvelle enseigne d\u00e9di\u00e9e \u00e0 la mobilit\u00e9 douce: Scoot &amp; You. Situ\u00e9e en centre-ville, la boutique propose un service de location de scooters 100% \u00e9lectrique, accessible aux professionnels comme aux particuliers. \u00c0 la t\u00eate de cette antenne varoise, on retrouve Mathieu Joly, 24 ans, toulonnais d\u2019origine et ancien cuisinier dans la Marine nationale.<\/p>\n<p>N\u00e9 \u00e0 Aix-en-Provence en 2022, le concept est \u00e0 la base imagin\u00e9 par son p\u00e8re et un de ses amis. \u00ab\u00a0Ils voulaient ouvrir une boutique dans le Var et je me suis propos\u00e9 pour la g\u00e9rer\u00a0\u00bb.<\/p>\n<p>Des scooters pour tout le monde<\/p>\n<p>Pas de vente ni de r\u00e9paration. L\u2019id\u00e9e est simple: louer un scooter \u00e0 la journ\u00e9e, \u00e0 la semaine et m\u00eame au mois, avec deux mod\u00e8les disponibles en boutique. Le plus puissant, le E-opai, est \u00ab\u00a0pas mal du tout parce qu\u2019il y a deux batteries. Donc il a une autonomie de cent kilom\u00e8tres\u00a0\u00bb. De quoi gravir sans peine le mont Faron ou rejoindre Le Castellet. Le second, l\u2019Emma Vibes, est plus l\u00e9ger, plus compact et tr\u00e8s appr\u00e9ci\u00e9 pour son design. \u00ab\u00a0C\u2019est un peu la fiert\u00e9 de Scoot &amp; You, il se conduit comme un v\u00e9lo\u00a0\u00bb.<\/p>\n<p>Les tarifs commencent \u00e0 25 euros la demi-journ\u00e9e et 40 euros pour la journ\u00e9e. Pour les livreurs ou les restaurants, des formules longue dur\u00e9e sont propos\u00e9es: \u00ab\u00a0Elles d\u00e9marrent \u00e0 11 euros par jour, \u00e7a leur revient \u00e0 pas grand-chose au mois \u00ab\u00a0. Le public vis\u00e9 est large: \u00ab\u00a0Je m\u2019adresse aussi bien aux professionnels, avec les restaurateurs, les h\u00f4tels et les campings qui peuvent \u00eatre int\u00e9ress\u00e9s, qu\u2019aux particuliers comme les touristes curieux ou les locaux\u00a0\u00bb. Mathieu propose aussi des circuits touristiques pr\u00e9programm\u00e9s pour d\u00e9couvrir le Faron ou les plages du Mourillon en toute autonomie.<\/p>\n<p>\u00ab\u00a0L\u2019\u00e9lectrique c\u2019est l\u2019avenir\u00a0\u00bb<\/p>\n<p>L\u2019engagement \u00e9cologique de Mathieu n\u2019est pas une fa\u00e7ade. En mission pendant trois ans en Nouvelle-Cal\u00e9donie, il a particip\u00e9 \u00e0 plusieurs projets \u00e9cologiques. \u00ab\u00a0J\u2019ai commenc\u00e9 \u00e0 faire du b\u00e9n\u00e9volat dans l\u2019association Caledoclean, on ramassait les d\u00e9chets sur la plage \u00ab\u00a0. Aujourd\u2019hui il veut int\u00e9grer cette d\u00e9marche dans sa ville natale: \u00ab\u00a0J\u2019ai toujours voulu lancer un projet de ce type \u00e0 Toulon\u00a0\u00bb.<\/p>\n<p>Et l\u2019\u00e9lectrique s\u2019est impos\u00e9 comme une \u00e9vidence: \u00ab\u00a0Il faut penser \u00e0 la transition \u00e9nerg\u00e9tique, l\u2019\u00e9lectrique c\u2019est l\u2019avenir\u00a0\u00bb. Le petit plus? Les scooters sont neuf et le service aux clients est une priorit\u00e9. En cas de panne ou d\u2019oubli de recharger une batterie, Mathieu reste r\u00e9actif: \u00ab\u00a0Je me d\u00e9place, je leur change en direct et ils repartent\u00a0\u00bb.<\/p>\n<p>Au total, ce n\u2019est pas moins de vingt-cinq scooters qu\u2019il poss\u00e8de dans son local et ambitionne d\u00e9j\u00e0 d\u2019\u00e9largir l\u2019offre \u00e0 de nouveaux mod\u00e8les, comme des motos \u00e9lectriques 125cm3.<\/p>\n<p>&gt;Pratique 19, rue Chevalier Paul.<\/p>\n","protected":false},"excerpt":{"rendered":"Depuis la mi-avril, Toulon accueille une nouvelle enseigne d\u00e9di\u00e9e \u00e0 la mobilit\u00e9 douce: Scoot &amp; You. Situ\u00e9e en&hellip;\n","protected":false},"author":2,"featured_media":98573,"comment_status":"","ping_status":"","sticky":false,"template":"","format":"standard","meta":{"footnotes":""},"categories":[9619],"tags":[1111,11,215,1777,674,1011,27,12,882,25,2310,3366],"class_list":{"0":"post-98572","1":"post","2":"type-post","3":"status-publish","4":"format-standard","5":"has-post-thumbnail","7":"category-toulon","8":"tag-actu","9":"tag-actualites","10":"tag-commerce","11":"tag-eu","12":"tag-europe","13":"tag-fr","14":"tag-france","15":"tag-news","16":"tag-provence-alpes-cote-dazur","17":"tag-republique-francaise","18":"tag-toulon","19":"tag-vie-locale"},"share_on_mastodon":{"url":"https:\/\/pubeurope.com\/@fr\/114504538799307779","error":""},"_links":{"self":[{"href":"https:\/\/www.europesays.com\/fr\/wp-json\/wp\/v2\/posts\/98572","targetHints":{"allow":["GET"]}}],"collection":[{"href":"https:\/\/www.europesays.com\/fr\/wp-json\/wp\/v2\/posts"}],"about":[{"href":"https:\/\/www.europesays.com\/fr\/wp-json\/wp\/v2\/types\/post"}],"author":[{"embeddable":true,"href":"https:\/\/www.europesays.com\/fr\/wp-json\/wp\/v2\/users\/2"}],"replies":[{"embeddable":true,"href":"https:\/\/www.europesays.com\/fr\/wp-json\/wp\/v2\/comments?post=98572"}],"version-history":[{"count":0,"href":"https:\/\/www.europesays.com\/fr\/wp-json\/wp\/v2\/posts\/98572\/revisions"}],"wp:featuredmedia":[{"embeddable":true,"href":"https:\/\/www.europesays.com\/fr\/wp-json\/wp\/v2\/media\/98573"}],"wp:attachment":[{"href":"https:\/\/www.europesays.com\/fr\/wp-json\/wp\/v2\/media?parent=98572"}],"wp:term":[{"taxonomy":"category","embeddable":true,"href":"https:\/\/www.europesays.com\/fr\/wp-json\/wp\/v2\/categories?post=98572"},{"taxonomy":"post_tag","embeddable":true,"href":"https:\/\/www.europesays.com\/fr\/wp-json\/wp\/v2\/tags?post=98572"}],"curies":[{"name":"wp","href":"https:\/\/api.w.org\/{rel}","templated":true}]}}