{"id":98597,"date":"2025-05-14T05:42:07","date_gmt":"2025-05-14T05:42:07","guid":{"rendered":"https:\/\/www.europesays.com\/fr\/98597\/"},"modified":"2025-05-14T05:42:07","modified_gmt":"2025-05-14T05:42:07","slug":"la-chanteuse-amel-bent-sera-en-dedicace-dans-un-centre-commercial","status":"publish","type":"post","link":"https:\/\/www.europesays.com\/fr\/98597\/","title":{"rendered":"la chanteuse Amel Bent sera en d\u00e9dicace dans un centre commercial"},"content":{"rendered":"<p>            Par<br \/>\n        <strong><br \/>\n            <a href=\"https:\/\/actu.fr\/auteur\/redaction-nantes\" title=\"Consulter tous les articles de R\u00e9daction Nantes\" rel=\"nofollow noopener\" target=\"_blank\">R\u00e9daction Nantes<\/a><br \/>\n        <\/strong><\/p>\n<p>        Publi\u00e9 le<\/p>\n<p>            14 mai 2025 \u00e0 7h32        <\/p>\n<p>\u00ab\u2009Viser la lune \u00e7a ne me fait pas peur\u2009\u00bb, chantait avec Philosophie, <a href=\"https:\/\/actu.fr\/tag\/amel-bent\" rel=\"nofollow noopener\" target=\"_blank\"><strong>Amel Bent<\/strong><\/a> en 2004. Ce vendredi 16\u00a0mai 2025, 21\u00a0ans apr\u00e8s ses d\u00e9buts, l\u2019artiste sort un nouvel album intitul\u00e9 \u00ab\u2009Minuit Une\u2009\u00bb.<\/p>\n<p>Amel Bent en d\u00e9dicace \u00e0 Saint-Herblain<\/p>\n<p class=\" wall-content\">Au lendemain de la sortie de son nouvel album dans les bacs, la chanteuse fran\u00e7aise sera dans la r\u00e9gion nantaise.<\/p>\n<p>    <a href=\"https:\/\/www.facebook.com\/plugins\/post.php?href=https%3A%2F%2Fwww.facebook.com%2FAtlantisNantes%2Fposts%2Fpfbid0v1wBBtjGuJfUYRZmoyFc5LLSLHCmovDCJHcWkFDf1TDxXqbURAptLkVMpqG8CiuVl&amp;show_text=true&amp;width=350\" title=\"Ouvrie le lien\" rel=\"nofollow noopener\" target=\"_blank\">Cliquez ici pour visualiser le contenu<\/a><\/p>\n<p class=\" wall-content\">Ce samedi 17\u00a0mai 2025, \u00e0 partir de 15\u2009h <strong>Amel Bent sera en d\u00e9dicace dans le centre commercial Atlantis \u00e0 Saint-Herblain<\/strong>. La s\u00e9ance se terminera \u00e0 17\u2009h.<\/p>\n<p class=\" wall-content\">Suivez toute l\u2019actualit\u00e9 de vos villes et m\u00e9dias favoris en vous inscrivant \u00e0 <a href=\"https:\/\/moncompte.actu.fr\" title=\"D\u00e9couvez Mon Actu\" rel=\"nofollow noopener\" data-trk=\"{&quot;cta&quot;:{&quot;action&quot;:&quot;https:\\\/\\\/moncompte.actu.fr&quot;,&quot;category&quot;:&quot;mon compte&quot;,&quot;from&quot;:&quot;article footer&quot;,&quot;name&quot;:&quot;Mon actu&quot;,&quot;type&quot;:&quot;cta&quot;}}\" target=\"_blank\">Mon Actu<\/a>.<\/p>\n","protected":false},"excerpt":{"rendered":"Par R\u00e9daction Nantes Publi\u00e9 le 14 mai 2025 \u00e0 7h32 \u00ab\u2009Viser la lune \u00e7a ne me fait pas&hellip;\n","protected":false},"author":2,"featured_media":98598,"comment_status":"","ping_status":"","sticky":false,"template":"","format":"standard","meta":{"footnotes":""},"categories":[2818],"tags":[1111,11,20546,1777,674,1011,27,1652,766,12,2636,25],"class_list":{"0":"post-98597","1":"post","2":"type-post","3":"status-publish","4":"format-standard","5":"has-post-thumbnail","7":"category-nantes","8":"tag-actu","9":"tag-actualites","10":"tag-amel-bent","11":"tag-eu","12":"tag-europe","13":"tag-fr","14":"tag-france","15":"tag-loisirs-culture","16":"tag-nantes","17":"tag-news","18":"tag-pays-de-la-loire","19":"tag-republique-francaise"},"share_on_mastodon":{"url":"https:\/\/pubeurope.com\/@fr\/114504593848302859","error":""},"_links":{"self":[{"href":"https:\/\/www.europesays.com\/fr\/wp-json\/wp\/v2\/posts\/98597","targetHints":{"allow":["GET"]}}],"collection":[{"href":"https:\/\/www.europesays.com\/fr\/wp-json\/wp\/v2\/posts"}],"about":[{"href":"https:\/\/www.europesays.com\/fr\/wp-json\/wp\/v2\/types\/post"}],"author":[{"embeddable":true,"href":"https:\/\/www.europesays.com\/fr\/wp-json\/wp\/v2\/users\/2"}],"replies":[{"embeddable":true,"href":"https:\/\/www.europesays.com\/fr\/wp-json\/wp\/v2\/comments?post=98597"}],"version-history":[{"count":0,"href":"https:\/\/www.europesays.com\/fr\/wp-json\/wp\/v2\/posts\/98597\/revisions"}],"wp:featuredmedia":[{"embeddable":true,"href":"https:\/\/www.europesays.com\/fr\/wp-json\/wp\/v2\/media\/98598"}],"wp:attachment":[{"href":"https:\/\/www.europesays.com\/fr\/wp-json\/wp\/v2\/media?parent=98597"}],"wp:term":[{"taxonomy":"category","embeddable":true,"href":"https:\/\/www.europesays.com\/fr\/wp-json\/wp\/v2\/categories?post=98597"},{"taxonomy":"post_tag","embeddable":true,"href":"https:\/\/www.europesays.com\/fr\/wp-json\/wp\/v2\/tags?post=98597"}],"curies":[{"name":"wp","href":"https:\/\/api.w.org\/{rel}","templated":true}]}}