{"id":98621,"date":"2025-05-14T05:55:16","date_gmt":"2025-05-14T05:55:16","guid":{"rendered":"https:\/\/www.europesays.com\/fr\/98621\/"},"modified":"2025-05-14T05:55:16","modified_gmt":"2025-05-14T05:55:16","slug":"le-coup-de-gueule-deric-larcheveque-apres-la-nouvelle-tentative-denlevement-en-plein-paris","status":"publish","type":"post","link":"https:\/\/www.europesays.com\/fr\/98621\/","title":{"rendered":"Le coup de gueule d&rsquo;\u00c9ric Larchev\u00eaque apr\u00e8s la nouvelle tentative d&rsquo;enl\u00e8vement en plein Paris"},"content":{"rendered":"<p>Figure de l&rsquo;\u00e9mission \u00ab\u00a0Qui veut \u00eatre mon associ\u00e9 ?\u00a0\u00bb sur M6, \u00c9ric Larchev\u00eaque a r\u00e9agi, mardi 13 mai, \u00e0 la nouvelle tentative d&rsquo;enl\u00e8vement en plein Paris visant des proches d&rsquo;un patron de la cryptomonnaie.Le cofondateur de Ledger, dont l&rsquo;associ\u00e9 a lui aussi \u00e9t\u00e9 enlev\u00e9 et s\u00e9questr\u00e9 fin janvier, a d\u00e9nonc\u00e9 \u00ab\u00a0la violence\u00a0\u00bb de \u00ab\u00a0criminels qui n&rsquo;ont plus aucune limite.\u00a0\u00bb<\/p>\n<p data-module=\"article-paragraph\" class=\"jsx-362436225 Paragraph\">\u00ab\u00a0Nous avons tous le droit de vivre en paix. Et nous n&rsquo;avons pas \u00e0 nous excuser de r\u00e9ussir.\u00a0\u00bb Connu pour sa participation dans l&rsquo;\u00e9mission \u00ab\u00a0Qui veut \u00eatre mon associ\u00e9 ?\u00a0\u00bb sur M6, \u00c9ric Larchev\u00eaque a pouss\u00e9 un coup de gueule, mardi 13 mai, en r\u00e9action \u00e0 <a href=\"https:\/\/www.tf1info.fr\/justice-faits-divers\/video-reportage-laissez-moi-arretez-les-images-de-la-tentative-de-rapt-de-la-fille-d-un-investisseur-en-bitcoins-en-plein-paris-2370494.html\" target=\"_blank\" rel=\"nofollow noopener\">la violente tentative d&rsquo;enl\u00e8vement (nouvelle fen\u00eatre)<\/a> par des individus encagoul\u00e9s, en plein jour, dans le XIe arrondissement de Paris, dont \u00e9t\u00e9 victimes des proches d&rsquo;un patron d&rsquo;une soci\u00e9t\u00e9 de cryptomonnaie.<\/p>\n<p data-module=\"article-paragraph\" class=\"jsx-362436225 Paragraph Paragraph__End\">\u00ab\u00a0Depuis plusieurs mois, les affaires sordides d&rsquo;enl\u00e8vements et de tentatives d&rsquo;enl\u00e8vement se multiplient. En plein jour. En plein Paris. Sous les yeux de tous\u00a0\u00bb, a d\u00e9nonc\u00e9 sur <a href=\"https:\/\/x.com\/EricLarch\/status\/1922251561805172950\" target=\"_blank\" rel=\"nofollow\">le r\u00e9seau social X (nouvelle fen\u00eatre)<\/a> le cofondateur de l&rsquo;entreprise Ledger, sp\u00e9cialis\u00e9e dans les cryptos, et dont l&rsquo;associ\u00e9, <a href=\"https:\/\/www.tf1info.fr\/justice-faits-divers\/qui-est-david-balland-le-cofondateur-d-une-societe-de-cryptomonnaies-kidnappe-dans-le-cher-2346721.html\" target=\"_blank\" rel=\"nofollow noopener\">David Balland, a lui-m\u00eame \u00e9t\u00e9 enlev\u00e9 et s\u00e9questr\u00e9 (nouvelle fen\u00eatre)<\/a> le 21 janvier dernier.\u00a0<\/p>\n<blockquote class=\"jsx-2786790838 Quote__Text\"><p>R\u00e9ussir en France, (&#8230;) c&rsquo;est se coller une cible dans le dos<\/p><\/blockquote>\n<p>\u00c9ric Larchev\u00eaque, entrepreneur et investisseur<\/p>\n<p data-module=\"article-paragraph\" class=\"jsx-362436225 Paragraph Paragraph__End\">\u00ab\u00a0Ces criminels n&rsquo;ont plus aucune limite. Ni morale, ni peur. M\u00eame pas celle de la r\u00e9clusion \u00e0 perp\u00e9tuit\u00e9, tant l&rsquo;impunit\u00e9 et le laxisme judiciaire sont devenus la norme. Aujourd&rsquo;hui, r\u00e9ussir en France, que ce soit dans les crypto-actifs ou ailleurs, c&rsquo;est se coller une cible dans le dos\u00a0\u00bb, a \u00e9crit l&rsquo;entrepreneur multi-facettes de 51 ans. \u00ab\u00a0Et que nous r\u00e9pond-on ? Qu&rsquo;on aurait d\u00fb se faire discrets. Qu&rsquo;on aurait d\u00fb se cacher. Qu&rsquo;on l&rsquo;a un peu cherch\u00e9. (&#8230;) Cet argument est indigne. Il n&rsquo;y a pas d&rsquo;excuse \u00e0 la violence. Jamais.\u00a0\u00bb<\/p>\n<ul class=\"jsx-3657663356 ReadMoreArticle__List flex flex-column\">\n<li class=\"jsx-3657663356\"><a href=\"https:\/\/www.tf1info.fr\/justice-faits-divers\/video-reportage-laissez-moi-arretez-les-images-de-la-tentative-de-rapt-de-la-fille-d-un-investisseur-en-bitcoins-en-plein-paris-2370494.html\" rel=\"nofollow noopener\" class=\"jsx-4233824444 Link flex\" target=\"_blank\"><img decoding=\"async\" src=\"https:\/\/www.europesays.com\/fr\/wp-content\/uploads\/2025\/05\/caprapt-9d6ee8-0@1x.jpeg\" alt=\"Lire aussi\" loading=\"lazy\" importance=\"low\" fetchpriority=\"low\" class=\"\"\/>\n<p class=\"jsx-3657663356 ReadMoreArticle__Title\">Lire aussi<\/p>\n<p class=\"jsx-3657663356\">\u00ab\u00a0Laissez-moi !\u00a0\u00bb : les images de la violente tentative d&rsquo;enl\u00e8vement de la fille d&rsquo;un investisseur en bitcoins \u00e0 Paris<\/p>\n<p><\/a><\/li>\n<\/ul>\n<p data-module=\"article-paragraph\" class=\"jsx-362436225 Paragraph\">\u00ab\u00a0Combien d&rsquo;entrepreneurs, combien de talents, r\u00e9fl\u00e9chissent s\u00e9rieusement \u00e0 quitter un pays qui ne prot\u00e8ge plus les siens ? Combien sont d\u00e9j\u00e0 partis, en silence, par lassitude, par peur, par r\u00e9signation ?\u00a0\u00bb, a interrog\u00e9 \u00c9ric Larchev\u00eaque, en fustigeant un \u00ab\u00a0mod\u00e8le actuel \u00e0 bout de souffle\u00a0\u00bb. \u00ab\u00a0Le laxisme judiciaire est un \u00e9chec. L&rsquo;id\u00e9ologie de la r\u00e9insertion automatique, sans sanction forte, n&rsquo;a produit que le chaos.\u00a0\u00bb<\/p>\n<p data-module=\"article-paragraph\" class=\"jsx-362436225 Paragraph Paragraph__End\">Pour lui, \u00ab\u00a0il est temps de revenir \u00e0 des principes clairs\u00a0\u00bb pour stopper ce ph\u00e9nom\u00e8ne inqui\u00e9tant qui touche le secteur de la cryptomonnaie. Il a r\u00e9clam\u00e9 \u00ab\u00a0une tol\u00e9rance z\u00e9ro pour les actes de violence\u00a0\u00bb, \u00ab\u00a0une justice rapide, ferme et lisible\u00a0\u00bb, et \u00ab\u00a0le droit \u00e0 une vie paisible pour tous\u00a0\u00bb. \u00ab\u00a0Pas de promesses. Des actes. Pas d&rsquo;effets d&rsquo;annonce. Des r\u00e9sultats\u00a0\u00bb, a-t-il conclu.<\/p>\n<p>Y.R.<\/p>\n","protected":false},"excerpt":{"rendered":"Figure de l&rsquo;\u00e9mission \u00ab\u00a0Qui veut \u00eatre mon associ\u00e9 ?\u00a0\u00bb sur M6, \u00c9ric Larchev\u00eaque a r\u00e9agi, mardi 13 mai,&hellip;\n","protected":false},"author":2,"featured_media":96794,"comment_status":"","ping_status":"","sticky":false,"template":"","format":"standard","meta":{"footnotes":""},"categories":[1888],"tags":[1111,1928,11,1927,1921,5392,1777,674,1011,27,1922,2954,494,12,1926,626,1925,25,133,2953],"class_list":{"0":"post-98621","1":"post","2":"type-post","3":"status-publish","4":"format-standard","5":"has-post-thumbnail","7":"category-paris","8":"tag-actu","9":"tag-actu-paris","10":"tag-actualites","11":"tag-actualites-paris","12":"tag-article-video","13":"tag-cryptomonnaies","14":"tag-eu","15":"tag-europe","16":"tag-fr","17":"tag-france","18":"tag-info","19":"tag-justice-et-faits-divers","20":"tag-m6","21":"tag-news","22":"tag-news-paris","23":"tag-paris","24":"tag-paris-news","25":"tag-republique-francaise","26":"tag-video","27":"tag-video-police"},"share_on_mastodon":{"url":"https:\/\/pubeurope.com\/@fr\/114504644914310217","error":""},"_links":{"self":[{"href":"https:\/\/www.europesays.com\/fr\/wp-json\/wp\/v2\/posts\/98621","targetHints":{"allow":["GET"]}}],"collection":[{"href":"https:\/\/www.europesays.com\/fr\/wp-json\/wp\/v2\/posts"}],"about":[{"href":"https:\/\/www.europesays.com\/fr\/wp-json\/wp\/v2\/types\/post"}],"author":[{"embeddable":true,"href":"https:\/\/www.europesays.com\/fr\/wp-json\/wp\/v2\/users\/2"}],"replies":[{"embeddable":true,"href":"https:\/\/www.europesays.com\/fr\/wp-json\/wp\/v2\/comments?post=98621"}],"version-history":[{"count":0,"href":"https:\/\/www.europesays.com\/fr\/wp-json\/wp\/v2\/posts\/98621\/revisions"}],"wp:featuredmedia":[{"embeddable":true,"href":"https:\/\/www.europesays.com\/fr\/wp-json\/wp\/v2\/media\/96794"}],"wp:attachment":[{"href":"https:\/\/www.europesays.com\/fr\/wp-json\/wp\/v2\/media?parent=98621"}],"wp:term":[{"taxonomy":"category","embeddable":true,"href":"https:\/\/www.europesays.com\/fr\/wp-json\/wp\/v2\/categories?post=98621"},{"taxonomy":"post_tag","embeddable":true,"href":"https:\/\/www.europesays.com\/fr\/wp-json\/wp\/v2\/tags?post=98621"}],"curies":[{"name":"wp","href":"https:\/\/api.w.org\/{rel}","templated":true}]}}