{"id":98639,"date":"2025-05-14T06:05:09","date_gmt":"2025-05-14T06:05:09","guid":{"rendered":"https:\/\/www.europesays.com\/fr\/98639\/"},"modified":"2025-05-14T06:05:09","modified_gmt":"2025-05-14T06:05:09","slug":"apres-diane-kruger-une-autre-actrice-a-eu-un-accident-de-culotte-au-festival-de-cannes","status":"publish","type":"post","link":"https:\/\/www.europesays.com\/fr\/98639\/","title":{"rendered":"Apr\u00e8s Diane Kruger, une autre actrice a eu un accident de culotte au Festival de Cannes"},"content":{"rendered":"<p itemprop=\"description\">Au Festival de Cannes, une robe \u00e9meraude<br \/>\na fait basculer une mont\u00e9e des marches dans un moment dont nombre<br \/>\nde spectateurs se souviennent.<\/p>\n<p>EN BREF<\/p>\n<ul class=\"bloc_resume_post_list\">\n<li>\ud83c\udfac Cette actrice a marqu\u00e9 le tapis rouge de Cannes avec<br \/>\nune robe \u00e9meraude audacieuse.<\/li>\n<li>\ud83d\udc57 La tenue, avec ses d\u00e9coupes vertigineuses, a attir\u00e9<br \/>\nl\u00a0\u00bbattention et d\u00e9clench\u00e9 de nombreux commentaires et<br \/>\nr\u00e9actions.<\/li>\n<li>\ud83d\udcf8 Les incidents vestimentaires \u00e0 Cannes soulignent les<br \/>\nrisques du glamour sur le tapis rouge.<\/li>\n<\/ul>\n<p data-start=\"45\" data-end=\"836\">Cette ann\u00e9e, le <strong>tapis<br \/>\nrouge de Cannes<\/strong> ne d\u00e9roulera plus ses fils \u00e0 l\u2019infini. \u00c0<br \/>\nl\u2019heure o\u00f9 les cr\u00e9ateurs rivalisent d\u2019audace et o\u00f9 chaque mont\u00e9e<br \/>\ndes marches se transforme en performance mode, le Festival a d\u00e9cid\u00e9<br \/>\nde remettre un cadre \u00e0 ce bal textile. <strong>Exit les robes<br \/>\ntranslucides<\/strong> qui jouent avec les limites du nu, termin\u00e9es<br \/>\naussi les cr\u00e9ations aux volumes imposants. D\u00e9sormais, la charte du<br \/>\nfestivalier parle clair : \u00ab Pour des raisons de d\u00e9cence, la<br \/>\nnudit\u00e9 est interdite sur le tapis rouge, ainsi que dans tout autre<br \/>\nlieu du Festival \u00bb. Une ligne que les organisateurs entendent<br \/>\nbien faire respecter, <strong>quitte \u00e0 barrer l\u2019entr\u00e9e<\/strong> \u00e0<br \/>\ncelles et ceux qui n\u2019auront pas pris soin de rester dans les clous.<br \/>\nEt ce, m\u00eame si l\u2019histoire de Cannes s\u2019est construite, en partie,<br \/>\nsur ces provocations couture.<\/p>\n<p data-start=\"838\" data-end=\"1568\" data-is-last-node=\"\" data-is-only-node=\"\">Un virage qui ne passe pas inaper\u00e7u. Bella<br \/>\nHadid en robe sable quasi immat\u00e9rielle, Naomi Campbell en Chanel<br \/>\nnoir \u00e0 moiti\u00e9 transparent, Irina Shayk en lingerie presque assum\u00e9e,<br \/>\n<a href=\"https:\/\/www.mariefrance.fr\/news-people\/diane-kruger-oublie-robe-trop-courte-devant-photographes-devoile-sous-vetements-1164615.html\" target=\"_blank\" rel=\"noopener nofollow\">Diane Kruger en robe jug\u00e9e trop<br \/>\ncourte<\/a> : les pr\u00e9c\u00e9dentes \u00e9ditions ont fait la part belle<br \/>\n<strong>\u00e0 la silhouette d\u00e9voil\u00e9e<\/strong>. Alors forc\u00e9ment, cette<br \/>\nsoudaine pudeur soul\u00e8ve des questions. CNN ironise sur la<br \/>\nd\u00e9finition floue de la nudit\u00e9, tandis qu\u2019en France, le journaliste<br \/>\nmode Matthieu Bobard Deliere fustige une d\u00e9cision qu\u2019il juge<br \/>\nr\u00e9actionnaire. \u00c0 ses yeux, cette nouvelle ligne rouge signe un<br \/>\nrepli, \u00ab vers le <strong>bannissement de la<br \/>\ncr\u00e9ativit\u00e9<\/strong>, de l\u2019expression et de l\u2019extravagance<br \/>\n\u00bb.<\/p>\n<p>Une apparition tr\u00e8s remarqu\u00e9e sur les marches de<br \/>\nCannes<\/p>\n<p data-start=\"61\" data-end=\"533\">Le 19 mai 2022, sur les marches<br \/>\ndu Palais pour la projection d\u2019Armageddon Time, <strong>Emma Todt n\u2019est pas pass\u00e9e<br \/>\ninaper\u00e7ue<\/strong>. Tandis que les flashs cr\u00e9pitaient, sa robe<br \/>\n\u00e9meraude a captiv\u00e9 l\u2019attention bien au-del\u00e0 des coutures.<br \/>\nD\u00e9collet\u00e9e g\u00e9n\u00e9reusement au niveau du buste et largement ouverte<br \/>\nsur l\u2019abdomen, la <strong>tenue attirait d\u00e9j\u00e0 les regards<\/strong>.<br \/>\nMais c\u2019est la coupe vertigineusement \u00e9chancr\u00e9e sur le bas qui a<br \/>\nvraiment marqu\u00e9 les esprits, r\u00e9v\u00e9lant sans d\u00e9tour le haut de sa<br \/>\ncuisse.<\/p>\n<p data-start=\"535\" data-end=\"876\" data-is-last-node=\"\" data-is-only-node=\"\">Un choix audacieux qui a aussit\u00f4t d\u00e9clench\u00e9<br \/>\ncommentaires, r\u00e9actions et zooms appuy\u00e9s. L\u2019instant,<br \/>\n<strong>immortalis\u00e9 sous tous les angles<\/strong>, a rapidement \u00e9t\u00e9<br \/>\nclass\u00e9 dans la cat\u00e9gorie des \u00ab\u00a0<strong>accidents<br \/>\nvestimentaires<\/strong>\u00ab\u00a0, bien que l\u2019intention semblait ici<br \/>\nparfaitement assum\u00e9e. Ce jour-l\u00e0, Emma Todt n\u2019a pas seulement foul\u00e9<br \/>\nle tapis rouge\u2009: elle l\u2019a embras\u00e9.<\/p>\n<p><img aria-describedby=\"caption-attachment-1164830\" itemprop=\"thumbnailUrl\" decoding=\"async\" loading=\"lazy\" class=\"size-medium wp-image-1164830 img-responsive\" src=\"https:\/\/www.europesays.com\/fr\/wp-content\/uploads\/2025\/05\/emma-todt-1-680x383.jpg\" alt=\"Emma Todt\" width=\"680\" height=\"383\"\/> \u00a9<br \/>\nShutterstock<\/p>\n<p id=\"caption-attachment-1164830\" class=\"wp-caption-text\">Emma<br \/>\nTodt lors du Festival de Cannes de 2022<\/p>\n<p>Les d\u00e9rapages de robe sur le tapis rouge du Festival de<br \/>\nCannes<\/p>\n<p data-start=\"43\" data-end=\"534\">Il suffit parfois d\u2019un souffle,<br \/>\nd\u2019un geste ou d\u2019une couture mal calcul\u00e9e pour que le glamour se<br \/>\ntransforme en <strong>moment g\u00eanant immortalis\u00e9<\/strong> par des<br \/>\ndizaines d\u2019objectifs. En 2022, Emma Todt en a fait l\u2019exp\u00e9rience.<br \/>\nAlors qu\u2019elle s\u2019avan\u00e7ait sur le tapis rouge dans sa robe \u00e9meraude<br \/>\naux d\u00e9coupes vertigineuses, une ouverture un peu trop g\u00e9n\u00e9reuse<br \/>\nlaisse <strong>appara\u00eetre le haut de sa culotte<\/strong>. En une<br \/>\nfraction de seconde, le clich\u00e9 est pris. Les photographes, toujours<br \/>\n\u00e0 l&rsquo;aff\u00fbt, ne laissent rien passer.<\/p>\n<p data-start=\"536\" data-end=\"923\">L\u2019incident n\u2019est pas in\u00e9dit \u00e0<br \/>\nCannes, o\u00f9 les robes les plus audacieuses tutoient parfois les<br \/>\n<strong>limites de l\u2019accident<\/strong>. En 2005, <a href=\"https:\/\/www.mariefrance.fr\/news-people\/sophie-marceau-emue-par-son-accident-de-teton-sur-les-marches-du-festival-de-cannes-1164745.html\" rel=\"nofollow noopener\" target=\"_blank\"><br \/>\nSophie Marceau avait connu l\u2019un des \u00e9pisodes les plus comment\u00e9s<\/a><br \/>\ndu Festival : une bretelle c\u00e8de, son sein se d\u00e9voile. Vingt ans<br \/>\nplus tard, cette image reste dans les m\u00e9moires, tout comme celle de<br \/>\nNabilla, en 2014, confront\u00e9e au m\u00eame type de <strong>m\u00e9saventure<br \/>\ntextile<\/strong>.<\/p>\n<p><img aria-describedby=\"caption-attachment-1164832\" decoding=\"async\" loading=\"lazy\" class=\"size-medium wp-image-1164832 img-responsive\" src=\"https:\/\/www.europesays.com\/fr\/wp-content\/uploads\/2025\/05\/emma-todt-2-680x383.jpg\" alt=\"Emma Todt\" width=\"680\" height=\"383\"\/> \u00a9<br \/>\nShutterstock<\/p>\n<p id=\"caption-attachment-1164832\" class=\"wp-caption-text\">Le<br \/>\nmannequin Emma Todt<\/p>\n<p>Les impr\u00e9vus vestimentaires au<br \/>\nFestival de Cannes<\/p>\n<p data-start=\"925\" data-end=\"1238\">En 2013, c\u2019est <a href=\"https:\/\/www.mariefrance.fr\/mode\/eva-longoria-incroyable-robe-transparente-actrice-rien-cacher-festival-cannes-784329.html\" rel=\"nofollow noopener\" target=\"_blank\"><br \/>\nEva Longoria qui se retrouve au centre de toutes les<br \/>\nattentions<\/a>. En soulevant la tra\u00eene de sa <strong>robe pour<br \/>\n\u00e9viter une flaque<\/strong>, elle expose bien plus que pr\u00e9vu : elle<br \/>\nne portait pas de sous-v\u00eatements. Une sc\u00e8ne br\u00e8ve, mais suffisante<br \/>\npour faire le tour des r\u00e9seaux et figurer dans les <strong>annales<br \/>\nde Cannes<\/strong>.<\/p>\n<blockquote class=\"twitter-tweet\"><p><a class=\"twitter-link\" rel=\"noindex, nofollow noopener\" href=\"https:\/\/twitter.com\/mariefrancemag\/status\/1922193500071710796\" target=\"_blank\"><\/p><\/blockquote>\n<p>Ces instants de flottement vestimentaire, souvent involontaires,<br \/>\nrappellent que le tapis rouge, malgr\u00e9 son apparente perfection,<br \/>\n<strong>reste un terrain glissant<\/strong>. Sous les projecteurs,<br \/>\nchaque d\u00e9tail compte, et la moindre erreur, aussi minime soit-elle,<br \/>\n<strong>devient publique<\/strong>.<\/p>\n<p><script async src=\"https:\/\/platform.twitter.com\/widgets.js\" charset=\"utf-8\"><\/script><\/p>\n","protected":false},"excerpt":{"rendered":"Au Festival de Cannes, une robe \u00e9meraude a fait basculer une mont\u00e9e des marches dans un moment dont&hellip;\n","protected":false},"author":2,"featured_media":98640,"comment_status":"","ping_status":"","sticky":false,"template":"","format":"standard","meta":{"footnotes":""},"categories":[1586],"tags":[11,21303,1777,674,1779,5634,1011,27,12,25,1778,364],"class_list":{"0":"post-98639","1":"post","2":"type-post","3":"status-publish","4":"format-standard","5":"has-post-thumbnail","7":"category-europe","8":"tag-actualites","9":"tag-buzz_nonli","10":"tag-eu","11":"tag-europe","12":"tag-european-union","13":"tag-festival-de-cannes","14":"tag-fr","15":"tag-france","16":"tag-news","17":"tag-republique-francaise","18":"tag-ue","19":"tag-union-europeenne"},"share_on_mastodon":{"url":"https:\/\/pubeurope.com\/@fr\/114504684272100654","error":""},"_links":{"self":[{"href":"https:\/\/www.europesays.com\/fr\/wp-json\/wp\/v2\/posts\/98639","targetHints":{"allow":["GET"]}}],"collection":[{"href":"https:\/\/www.europesays.com\/fr\/wp-json\/wp\/v2\/posts"}],"about":[{"href":"https:\/\/www.europesays.com\/fr\/wp-json\/wp\/v2\/types\/post"}],"author":[{"embeddable":true,"href":"https:\/\/www.europesays.com\/fr\/wp-json\/wp\/v2\/users\/2"}],"replies":[{"embeddable":true,"href":"https:\/\/www.europesays.com\/fr\/wp-json\/wp\/v2\/comments?post=98639"}],"version-history":[{"count":0,"href":"https:\/\/www.europesays.com\/fr\/wp-json\/wp\/v2\/posts\/98639\/revisions"}],"wp:featuredmedia":[{"embeddable":true,"href":"https:\/\/www.europesays.com\/fr\/wp-json\/wp\/v2\/media\/98640"}],"wp:attachment":[{"href":"https:\/\/www.europesays.com\/fr\/wp-json\/wp\/v2\/media?parent=98639"}],"wp:term":[{"taxonomy":"category","embeddable":true,"href":"https:\/\/www.europesays.com\/fr\/wp-json\/wp\/v2\/categories?post=98639"},{"taxonomy":"post_tag","embeddable":true,"href":"https:\/\/www.europesays.com\/fr\/wp-json\/wp\/v2\/tags?post=98639"}],"curies":[{"name":"wp","href":"https:\/\/api.w.org\/{rel}","templated":true}]}}