{"id":98661,"date":"2025-05-14T06:18:08","date_gmt":"2025-05-14T06:18:08","guid":{"rendered":"https:\/\/www.europesays.com\/fr\/98661\/"},"modified":"2025-05-14T06:18:08","modified_gmt":"2025-05-14T06:18:08","slug":"pourquoi-halle-berry-a-t-elle-ete-contrainte-de-changer-de-tenue-pour-louverture-du-festival-de-cannes","status":"publish","type":"post","link":"https:\/\/www.europesays.com\/fr\/98661\/","title":{"rendered":"pourquoi Halle Berry a-t-elle \u00e9t\u00e9 contrainte de changer de tenue pour l\u2019ouverture du Festival de Cannes ?"},"content":{"rendered":"<p>Lors d\u2019une conf\u00e9rence de presse donn\u00e9e peu avant sa mont\u00e9e des marches, le 13 mai, l\u2019actrice et membre du jury du 78e Festival de Cannes a confi\u00e9 avoir opt\u00e9 pour un autre look en derni\u00e8re minute.<\/p>\n<p class=\"fig-paragraph\">Les r\u00e8gles s\u2019appliquent \u00e0 tout le monde, m\u00eame\u00a0<a href=\"https:\/\/madame.lefigaro.fr\/tag\/halle-berry\" target=\"_blank\" rel=\"noopener\" data-gtm-custom-categorie=\"navigation\" data-gtm-custom-action=\"crossclick\" data-gtm-custom-label=\"Contextuel\" data-gtm-event=\"customEventSPE\">Halle Berry<\/a>. Le 13 mai, l\u2019actrice de Mother Land a gravi les marches du\u00a0<a href=\"http:\/\/madame.lefigaro.fr\/festival_de_cannes\" data-fig-type=\"Topic\" data-gtm-custom-categorie=\"navigation\" data-gtm-custom-action=\"crossclick\" data-gtm-custom-label=\"Contextuel\" data-gtm-event=\"customEventSPE\" data-fig-domain=\"MADAME\" target=\"_blank\" rel=\"noopener\">Festival de Cannes<\/a>\u00a0en compagnie des autres membres du jury de cette 78e \u00e9dition. Aux c\u00f4t\u00e9s de\u00a0<a href=\"https:\/\/madame.lefigaro.fr\/tag\/leila-slimani\" target=\"_blank\" rel=\"noopener\" data-gtm-custom-categorie=\"navigation\" data-gtm-custom-action=\"crossclick\" data-gtm-custom-label=\"Contextuel\" data-gtm-event=\"customEventSPE\">Le\u00efla Slimani<\/a>, Hong Sangsoo, Payal Kapadia, Carlos Reygadas,\u00a0<a href=\"https:\/\/madame.lefigaro.fr\/tag\/jeremy-strong\" target=\"_blank\" rel=\"noopener\" data-gtm-custom-categorie=\"navigation\" data-gtm-custom-action=\"crossclick\" data-gtm-custom-label=\"Contextuel\" data-gtm-event=\"customEventSPE\">Jeremy Strong<\/a>, Alba Rohrwacher, Dieudo Hamadi et de leur pr\u00e9sidente\u00a0<a href=\"http:\/\/madame.lefigaro.fr\/celebrites\/cinema\/juliette-binoche-presidente-du-jury-du-festival-de-cannes-2025-les-palmes-ne-sont-plus-ce-qu-elles-etaient-20250510\" data-fig-type=\"Article\" data-gtm-custom-categorie=\"navigation\" data-gtm-custom-action=\"crossclick\" data-gtm-custom-label=\"Contextuel\" data-gtm-event=\"customEventSPE\" data-fig-domain=\"MADAME\" target=\"_blank\" rel=\"noopener\">Juliette Binoche<\/a>, l\u2019Am\u00e9ricaine de 58 ans a pris la pose dans une tenue sign\u00e9e\u00a0<a href=\"https:\/\/madame.lefigaro.fr\/tag\/jacquemus\" target=\"_blank\" rel=\"noopener\" data-gtm-custom-categorie=\"navigation\" data-gtm-custom-action=\"crossclick\" data-gtm-custom-label=\"Contextuel\" data-gtm-event=\"customEventSPE\">Jacquemus<\/a>. Une robe longue \u00e0 col haut caract\u00e9ris\u00e9e par de larges rayures noires et blanches et un dos original. Enti\u00e8rement ouverte \u00e0 l\u2019arri\u00e8re, elle laissait entrevoir l\u2019\u00e9chancrure d\u2019une robe stylo tandis qu\u2019un jupon tr\u00f4nait en haut du dos. Mais si cette tenue a fait sensation lors de l\u2019ouverture de Cannes 2025, ce n\u2019est pas celle que l\u2019actrice avait pr\u00e9vu de porter au d\u00e9part.<\/p>\n<p>\u00a0\u00bb<br \/>\n        data-script=\u00a0\u00bbhttps:\/\/static.lefigaro.fr\/widget-video\/short-ttl\/video\/index.js\u00a0\u00bb<br \/>\n    &gt;<\/p>\n<p>Les nouveaux interdits vestimentaires<\/p>\n<p class=\"fig-paragraph\">\u00abJ\u2019avais une robe incroyable de (Gaurav) Gupta \u00e0 porter ce soir mais je ne peux pas car la tra\u00eene est trop longue, a expliqu\u00e9 Halle Berry lors d\u2019une conf\u00e9rence de presse donn\u00e9e peut avant la mont\u00e9e de marches. Bien s\u00fbr, je vais suivre les r\u00e8gles, donc j\u2019ai d\u00fb changer de cap.\u00bb<\/p>\n<p>    Halle Berry, membre du jury du 78e festival de Cannes. (Cannes, le 13 mai 2025.)<br \/>\n                Marechal Aurore\/ABACA<\/p>\n<p class=\"fig-paragraph\">Les r\u00e8gles en questions sont\u00a0<a href=\"http:\/\/madame.lefigaro.fr\/style\/news\/pour-des-raisons-de-decence-le-festival-de-cannes-rappelle-les-interdits-vestimentaires-sur-son-tapis-rouge-20250512\" data-fig-type=\"Article\" data-gtm-custom-categorie=\"navigation\" data-gtm-custom-action=\"crossclick\" data-gtm-custom-label=\"Contextuel\" data-gtm-event=\"customEventSPE\" data-fig-domain=\"MADAME\" target=\"_blank\" rel=\"noopener\">les nouvelles restrictions vestimentaires appliqu\u00e9es par le Festival<\/a>. Elles interdisent donc \u00ables tenues, en particulier les tra\u00eenes longues, dont le volume entrave la bonne circulation des invit\u00e9s et complique l\u2019assise dans la salle, ne sont pas autoris\u00e9es\u00bb. Une r\u00e8gle que\u00a0<a href=\"https:\/\/madame.lefigaro.fr\/tag\/heidi-klum\" target=\"_blank\" rel=\"noopener\" data-gtm-custom-categorie=\"navigation\" data-gtm-custom-action=\"crossclick\" data-gtm-custom-label=\"Contextuel\" data-gtm-event=\"customEventSPE\">Heidi Klum<\/a>\u00a0a par exemple choisi d\u2019ignorer avec la traine XXL de sa robe\u00a0<a href=\"https:\/\/madame.lefigaro.fr\/tag\/elie-saab\" target=\"_blank\" rel=\"noopener\" data-gtm-custom-categorie=\"navigation\" data-gtm-custom-action=\"crossclick\" data-gtm-custom-label=\"Contextuel\" data-gtm-event=\"customEventSPE\">Elie Saab<\/a>.<\/p>\n<p>La fin de la transparence \u00e0 Cannes\u00a0?<\/p>\n<p class=\"fig-paragraph\">Outre les traines les robes volumineuses, Cannes a \u00e9galement interdit la nudit\u00e9. Mais l\u00e0, Halle Berry adh\u00e8re. \u00abJe pense que c\u2019est une bonne chose\u00bb, a-t-elle comment\u00e9. Si les robes transparentes ont pourtant marqu\u00e9 la croisette \u00e0 plusieurs reprises, un porte-parole de l\u2019\u00e9v\u00e8nement a pr\u00e9cis\u00e9 qu\u2019\u00abil ne s\u2019agit pas de r\u00e9glementer les tenues vestimentaires mais d\u2019interdire la nudit\u00e9 totale (&#8230;), dans le respect du cadre institutionnel de l\u2019\u00e9v\u00e9nement et de la loi fran\u00e7aise\u00bb. \u00c0 voir si toutes les c\u00e9l\u00e9brit\u00e9s invit\u00e9es auront re\u00e7u le message, car le Festival ne fait que commencer.<\/p>\n","protected":false},"excerpt":{"rendered":"Lors d\u2019une conf\u00e9rence de presse donn\u00e9e peu avant sa mont\u00e9e des marches, le 13 mai, l\u2019actrice et membre&hellip;\n","protected":false},"author":2,"featured_media":98662,"comment_status":"","ping_status":"","sticky":false,"template":"","format":"standard","meta":{"footnotes":""},"categories":[1359],"tags":[976,972,58,59,5634,638,1011,27,21304,977,973,975,974,20995,16753],"class_list":{"0":"post-98661","1":"post","2":"type-post","3":"status-publish","4":"format-standard","5":"has-post-thumbnail","7":"category-people","8":"tag-actu-people","9":"tag-celebrite","10":"tag-divertissement","11":"tag-entertainment","12":"tag-festival-de-cannes","13":"tag-figaro","14":"tag-fr","15":"tag-france","16":"tag-halle-berry","17":"tag-madame","18":"tag-people","19":"tag-potain-de-stars","20":"tag-star","21":"tag-tapis-rouge","22":"tag-tenue-de-soiree"},"share_on_mastodon":{"url":"https:\/\/pubeurope.com\/@fr\/114504735701917975","error":""},"_links":{"self":[{"href":"https:\/\/www.europesays.com\/fr\/wp-json\/wp\/v2\/posts\/98661","targetHints":{"allow":["GET"]}}],"collection":[{"href":"https:\/\/www.europesays.com\/fr\/wp-json\/wp\/v2\/posts"}],"about":[{"href":"https:\/\/www.europesays.com\/fr\/wp-json\/wp\/v2\/types\/post"}],"author":[{"embeddable":true,"href":"https:\/\/www.europesays.com\/fr\/wp-json\/wp\/v2\/users\/2"}],"replies":[{"embeddable":true,"href":"https:\/\/www.europesays.com\/fr\/wp-json\/wp\/v2\/comments?post=98661"}],"version-history":[{"count":0,"href":"https:\/\/www.europesays.com\/fr\/wp-json\/wp\/v2\/posts\/98661\/revisions"}],"wp:featuredmedia":[{"embeddable":true,"href":"https:\/\/www.europesays.com\/fr\/wp-json\/wp\/v2\/media\/98662"}],"wp:attachment":[{"href":"https:\/\/www.europesays.com\/fr\/wp-json\/wp\/v2\/media?parent=98661"}],"wp:term":[{"taxonomy":"category","embeddable":true,"href":"https:\/\/www.europesays.com\/fr\/wp-json\/wp\/v2\/categories?post=98661"},{"taxonomy":"post_tag","embeddable":true,"href":"https:\/\/www.europesays.com\/fr\/wp-json\/wp\/v2\/tags?post=98661"}],"curies":[{"name":"wp","href":"https:\/\/api.w.org\/{rel}","templated":true}]}}